{"id":9911,"date":"2018-12-05T07:55:08","date_gmt":"2018-12-05T09:55:08","guid":{"rendered":"http:\/\/www.fabriciolima.net\/?p=9911"},"modified":"2018-12-05T07:55:08","modified_gmt":"2018-12-05T09:55:08","slug":"managed-instance-15-anuncios-do-dia-04-12-2018","status":"publish","type":"post","link":"https:\/\/fabriciolima.net\/blog\/2018\/12\/05\/managed-instance-15-anuncios-do-dia-04-12-2018\/","title":{"rendered":"Managed Instance  (#15) \u2013 An\u00fancios do dia 04-12-2018"},"content":{"rendered":"<p><img loading=\"lazy\" decoding=\"async\" class=\" wp-image-9916 aligncenter\" src=\"https:\/\/fabriciolima.net\/blog\/wp-content\/uploads\/2018\/12\/Managedinstance_Anuncioy_6.png\" alt=\"\" width=\"500\" height=\"181\" srcset=\"https:\/\/fabriciolima.net\/blog\/wp-content\/uploads\/2018\/12\/Managedinstance_Anuncioy_6.png 1038w, https:\/\/fabriciolima.net\/blog\/wp-content\/uploads\/2018\/12\/Managedinstance_Anuncioy_6-300x108.png 300w, https:\/\/fabriciolima.net\/blog\/wp-content\/uploads\/2018\/12\/Managedinstance_Anuncioy_6-1024x370.png 1024w, https:\/\/fabriciolima.net\/blog\/wp-content\/uploads\/2018\/12\/Managedinstance_Anuncioy_6-768x277.png 768w, https:\/\/fabriciolima.net\/blog\/wp-content\/uploads\/2018\/12\/Managedinstance_Anuncioy_6-700x253.png 700w, https:\/\/fabriciolima.net\/blog\/wp-content\/uploads\/2018\/12\/Managedinstance_Anuncioy_6-410x148.png 410w, https:\/\/fabriciolima.net\/blog\/wp-content\/uploads\/2018\/12\/Managedinstance_Anuncioy_6-100x36.png 100w, https:\/\/fabriciolima.net\/blog\/wp-content\/uploads\/2018\/12\/Managedinstance_Anuncioy_6-275x99.png 275w, https:\/\/fabriciolima.net\/blog\/wp-content\/uploads\/2018\/12\/Managedinstance_Anuncioy_6-20x7.png 20w\" sizes=\"auto, (max-width: 500px) 100vw, 500px\" \/><\/p>\n<p>Fala Pessoal,<\/p>\n<p>Ontem (04\/12\/2018) foi anunciado algumas novidades para o Managed Instance.<\/p>\n<p>Segue o post completo do Borko Novakovic:<\/p>\n<p><a href=\"https:\/\/azure.microsoft.com\/en-us\/blog\/migrate-mission-critical-sql-workloads-to-the-most-economical-cloud-destination\/\" target=\"_blank\" rel=\"noopener\">https:\/\/azure.microsoft.com\/en-us\/blog\/migrate-mission-critical-sql-workloads-to-the-most-economical-cloud-destination\/<\/a><\/p>\n<h6>General Availability (GA) Business Critical Service Tier<\/h6>\n<p>Esse \u00e9 o an\u00fancio que est\u00e1vamos esperando para o in\u00edcio de Dezembro.<\/p>\n<p>Todos os posts e testes que realizei foram em um Preview do Service Tier Business Critical. Agora sim ele est\u00e1 liberado para ser utilizado em produ\u00e7\u00e3o pela sua empresa. Como mostrei no post anterior, ele est\u00e1 lindo demais:<\/p>\n<ul>\n<li><a href=\"https:\/\/www.fabriciolima.net\/blog\/2018\/12\/04\/managed-instance-14-qual-o-melhor-service-tier-para-a-minha-empresa-general-purpose-ou-business-critical\/\" target=\"_blank\" rel=\"noopener\">Managed Instance (#14) \u2013 Qual o melhor Service Tier para a minha empresa? General Purpose ou Business Critical?<\/a><\/li>\n<\/ul>\n<p>Esse an\u00fancio vai proporcionar que empresas com um workload maior migrem para o Managed Instance, pois agora o tempo de failover em caso de problema\/manuten\u00e7\u00e3o de uma instancia ser\u00e1 m\u00ednimo e tamb\u00e9m \u00e9 poss\u00edvel utilizar uma segunda inst\u00e2ncia como leitura para balancear a carga de produ\u00e7\u00e3o.<\/p>\n<h6>Preview &#8211; Instance-level collation<\/h6>\n<p>No post abaixo falei que ainda n\u00e3o era poss\u00edvel escolher a collation da nossa inst\u00e2ncia:<\/p>\n<ul>\n<li><a href=\"https:\/\/www.fabriciolima.net\/blog\/2018\/11\/30\/managed-instance-12-configuracao-da-collation-da-instancia\/\" target=\"_blank\" rel=\"noopener\">Managed Instance (#12) \u2013 Configura\u00e7\u00e3o da Collation da inst\u00e2ncia<\/a><\/li>\n<\/ul>\n<p>J\u00e1 est\u00e1 dispon\u00edvel em Preview a possibilidade de escolher a collation para as bases de sistema. Com isso podemos ter a collation do TempDB e das nossas databases iguais, facilitando migra\u00e7\u00f5es de clientes sem que precisem realizar ajustes no c\u00f3digo como era necess\u00e1rio at\u00e9 ent\u00e3o.<\/p>\n<p>Se j\u00e1 est\u00e1 em Preview quer dizer que est\u00e1 vindo. O time do Managed Instance est\u00e1 trabalhando bastante nessas melhorias.<\/p>\n<h6>Preview &#8211; Azure Active Directory (AAD) logins<\/h6>\n<p>Tamb\u00e9m j\u00e1 est\u00e1 em preview a possibilidade de utilizar logins do Azure AD. Com a integra\u00e7\u00e3o do AD On-Premise com o AD do Azure, vai ser poss\u00edvel migrar os logins de AD para o Managed Instance.<\/p>\n<h6>Point-in-time-restore (PITR)<\/h6>\n<p>Foi estendido para o Managed Instance a possibilidade de aumentar a reten\u00e7\u00e3o de backup de 7 para 35 dias.<\/p>\n<h6>Auto-Failover-Group<\/h6>\n<p>Essa feature \u00e9 para realizar failover de um MI de uma regi\u00e3o para outra. N\u00e3o sei se vou conseguir testar isso devido a custo, mas posso fazer um estudo mais detalhado para um post pelo menos.<\/p>\n<h6>Seguran\u00e7a<\/h6>\n<p>Tivemos uma melhoria de seguran\u00e7a no uso do TDE. Esse assunto fica para Posts futuros.<\/p>\n<p>Um EndPoint de gerenciamento do managed Instance ganhou um firewall para aumentar a seguran\u00e7a.<\/p>\n<h6>Escalabilidade<\/h6>\n<p>Com a libera\u00e7\u00e3o do Business Critical para produ\u00e7\u00e3o, conseguimos escalar nosso MI de General Purpose para Business Critical caso precise ter os benef\u00edcios desse Service Tier.<\/p>\n<p>Farei testes de escalabilidade para ver o que acontece durante uma mudan\u00e7a de recursos.<\/p>\n<h6>Pre\u00e7o<\/h6>\n<p>Isso n\u00e3o estava no artigo, mas ao ficar dispon\u00edvel para produ\u00e7\u00e3o, como era esperado, o valor do Business Critical subiu.<\/p>\n<p>Nesse post abaixo mostrei que estava 7k por m\u00eas na menor configura\u00e7\u00e3o:<\/p>\n<ul>\n<li><a href=\"https:\/\/www.fabriciolima.net\/blog\/2018\/11\/21\/managed-instance-5-quanto-custa-tudo-isso\/\" target=\"_blank\" rel=\"noopener\" data-wpel-link=\"internal\">Managed Instance (#5) \u2013 Quanto custa tudo isso?<\/a><\/li>\n<\/ul>\n<p>Agora est\u00e1 14k conforme abaixo:<\/p>\n<p><img loading=\"lazy\" decoding=\"async\" class=\" wp-image-9917 aligncenter\" src=\"https:\/\/fabriciolima.net\/blog\/wp-content\/uploads\/2018\/12\/Managedinstance_Anuncioy_7.png\" alt=\"\" width=\"613\" height=\"387\" srcset=\"https:\/\/fabriciolima.net\/blog\/wp-content\/uploads\/2018\/12\/Managedinstance_Anuncioy_7.png 1135w, https:\/\/fabriciolima.net\/blog\/wp-content\/uploads\/2018\/12\/Managedinstance_Anuncioy_7-300x189.png 300w, https:\/\/fabriciolima.net\/blog\/wp-content\/uploads\/2018\/12\/Managedinstance_Anuncioy_7-1024x646.png 1024w, https:\/\/fabriciolima.net\/blog\/wp-content\/uploads\/2018\/12\/Managedinstance_Anuncioy_7-768x484.png 768w, https:\/\/fabriciolima.net\/blog\/wp-content\/uploads\/2018\/12\/Managedinstance_Anuncioy_7-700x442.png 700w, https:\/\/fabriciolima.net\/blog\/wp-content\/uploads\/2018\/12\/Managedinstance_Anuncioy_7-410x259.png 410w, https:\/\/fabriciolima.net\/blog\/wp-content\/uploads\/2018\/12\/Managedinstance_Anuncioy_7-100x63.png 100w, https:\/\/fabriciolima.net\/blog\/wp-content\/uploads\/2018\/12\/Managedinstance_Anuncioy_7-275x173.png 275w, https:\/\/fabriciolima.net\/blog\/wp-content\/uploads\/2018\/12\/Managedinstance_Anuncioy_7-20x13.png 20w\" sizes=\"auto, (max-width: 613px) 100vw, 613px\" \/><\/p>\n<p>Lembrando que voc\u00ea consegue reduzir esse valor se tiver Software Assurance e levar sua licen\u00e7a para o MI. Tamb\u00e9m consegue reduzir fazendo uma contrata\u00e7\u00e3o de longo prazo de 1 \u00e0 3 anos.<\/p>\n<p>Lembra de levar em considera\u00e7\u00e3o os custos de Datacenter, Hardware, Storage, Licen\u00e7as, Rede, Produtividade da Equipe e Seguran\u00e7a.<\/p>\n<p>&nbsp;<\/p>\n<p>\u00c9 isso ai pessoal. A libera\u00e7\u00e3o do Business Critical merecia um post.<\/p>\n<p>Seguem os posts anteriores sobre Managed Instance:<\/p>\n<ul>\n<li><a href=\"https:\/\/www.fabriciolima.net\/blog\/2018\/03\/17\/azure-sql-db-managed-instance-introducao\/https:\/\/www.fabriciolima.net\/blog\/2018\/11\/16\/managed-instance-criando-minha-primeira-instancia\/\" target=\"_blank\" rel=\"noopener\" data-wpel-link=\"internal\">Azure SQL DB Managed Instance \u2013 Introdu\u00e7\u00e3o<\/a><\/li>\n<li><a href=\"https:\/\/www.fabriciolima.net\/blog\/2018\/11\/16\/managed-instance-criando-minha-primeira-instancia\/\" target=\"_blank\" rel=\"noopener\" data-wpel-link=\"internal\">Managed Instance \u2013 Criando minha primeira inst\u00e2ncia<\/a><\/li>\n<li><a href=\"https:\/\/www.fabriciolima.net\/blog\/2018\/11\/19\/managed-instance-como-se-conectar-direto-do-ssms-utilizando-uma-vpn\/\" target=\"_blank\" rel=\"noopener\" data-wpel-link=\"internal\">Managed Instance \u2013 Como se conectar direto do SSMS utilizando uma VPN?<\/a><\/li>\n<li><a href=\"https:\/\/www.fabriciolima.net\/blog\/2018\/11\/20\/managed-instance-como-se-conectar-atraves-do-ssms-de-uma-vm-do-azure\/\" target=\"_blank\" rel=\"noopener\" data-wpel-link=\"internal\">Managed Instance \u2013 Como se conectar atrav\u00e9s do SSMS de uma VM do Azure?<\/a><\/li>\n<li><a href=\"https:\/\/www.fabriciolima.net\/blog\/2018\/11\/21\/managed-instance-5-quanto-custa-tudo-isso\/\" target=\"_blank\" rel=\"noopener\" data-wpel-link=\"internal\">Managed Instance (#5) \u2013 Quanto custa tudo isso?<\/a><\/li>\n<li><a href=\"https:\/\/www.fabriciolima.net\/blog\/2018\/11\/22\/managed-instance-6-consigo-fazer-um-join-entre-tabelas-de-bases-diferentes\/\" target=\"_blank\" rel=\"noopener\" data-wpel-link=\"internal\">Managed Instance (#6) \u2013 Consigo fazer um Join entre tabelas de bases diferentes?<\/a><\/li>\n<li><a href=\"https:\/\/www.fabriciolima.net\/blog\/2018\/11\/23\/managed-instance-7-a-funcao-getdate-ja-retorna-a-data-da-minha-localidade\/\" target=\"_blank\" rel=\"noopener\" data-wpel-link=\"internal\">Managed Instance (#7) \u2013 A fun\u00e7\u00e3o getdate() j\u00e1 retorna a data da minha localidade?<\/a><\/li>\n<li><a href=\"https:\/\/www.fabriciolima.net\/blog\/2018\/11\/26\/managed-instance-8-suporte-microsoft-em-portugues\/\" target=\"_blank\" rel=\"noopener\">Managed Instance (#8) \u2013 Suporte Microsoft em Portugu\u00eas<\/a><\/li>\n<li><a href=\"https:\/\/www.fabriciolima.net\/blog\/2018\/11\/27\/managed-instance-9-agora-consigo-mandar-e-mail-do-sql-server\/\" target=\"_blank\" rel=\"noopener\">Managed Instance (#9) \u2013 Agora consigo mandar E-mail do SQL Server?<\/a><\/li>\n<li><a href=\"https:\/\/www.fabriciolima.net\/blog\/2018\/11\/28\/managed-instance-10-consigo-criar-linked-server\/\" target=\"_blank\" rel=\"noopener\">Managed Instance (#10) \u2013 Consigo criar Linked Server?<\/a><\/li>\n<li><a href=\"https:\/\/www.fabriciolima.net\/blog\/2018\/11\/29\/managed-instance-11-agora-consigo-criar-jobs-direto-no-ssms\/\" target=\"_blank\" rel=\"noopener\">Managed Instance (#11) \u2013 Agora consigo criar Jobs direto no SSMS?<\/a><\/li>\n<li><a href=\"https:\/\/www.fabriciolima.net\/blog\/2018\/11\/30\/managed-instance-12-configuracao-da-collation-da-instancia\/\" target=\"_blank\" rel=\"noopener\">Managed Instance (#12) \u2013 Configura\u00e7\u00e3o da Collation da inst\u00e2ncia<\/a><\/li>\n<li><a href=\"https:\/\/www.fabriciolima.net\/blog\/2018\/12\/03\/managed-instance-13-como-migrar-uma-base-para-o-mi-via-backup-e-restore\/\" target=\"_blank\" rel=\"noopener\">Managed Instance (#13) \u2013 Como migrar uma base para o MI via Backup e Restore?<\/a><\/li>\n<li><a href=\"https:\/\/www.fabriciolima.net\/blog\/2018\/12\/04\/managed-instance-14-qual-o-melhor-service-tier-para-a-minha-empresa-general-purpose-ou-business-critical\/\" target=\"_blank\" rel=\"noopener\">Managed Instance (#14) \u2013 Qual o melhor Service Tier para a minha empresa? General Purpose ou Business Critical?<\/a><\/li>\n<\/ul>\n<p>&nbsp;<\/p>\n<p><b>Gostou dessa Dica?<\/b><\/p>\n<p>Curta, comente, compartilhe\u2026<\/p>\n<p>Assine meu canal no\u00a0<a class=\"external-link wpel-icon-left\" href=\"https:\/\/www.youtube.com\/channel\/UCeBRAO_LLrUdSrOXIywjzRA\" target=\"_blank\" rel=\"external noopener noreferrer nofollow\" data-wpel-link=\"external\">Youtube<\/a>\u00a0, curta minha p\u00e1gina no\u00a0<a class=\"external-link wpel-icon-left\" href=\"https:\/\/www.facebook.com\/FabricioLimaSolucoesemBancodeDados\/\" target=\"_blank\" rel=\"external noopener noreferrer nofollow\" data-wpel-link=\"external\">Facebook<\/a>\u00a0 ou siga nossa p\u00e1gina no\u00a0<a class=\"external-link wpel-icon-left\" href=\"https:\/\/www.instagram.com\/fabriciolimasolucoesembd\" target=\"_blank\" rel=\"noopener external noreferrer nofollow\" data-wpel-link=\"external\">Instagram<\/a>\u00a0para receber Dicas de Leituras, V\u00eddeos e Eventos sobre SQL Server.<\/p>\n<p>At\u00e9 o pr\u00f3ximo post.<\/p>\n<p>Abra\u00e7os,<\/p>\n<p>Fabr\u00edcio Lima<\/p>\n<p>Microsoft Data Platform MVP<\/p>\n<p>Consultor e Instrutor SQL Server<\/p>\n<p>Trabalha com SQL Server desde 2006<\/p>\n","protected":false},"excerpt":{"rendered":"<p>Fala Pessoal, Ontem (04\/12\/2018) foi anunciado algumas novidades para o Managed Instance. Segue o post completo do Borko Novakovic: https:\/\/azure.microsoft.com\/en-us\/blog\/migrate-mission-critical-sql-workloads-to-the-most-economical-cloud-destination\/ General Availability (GA) Business Critical Service Tier Esse \u00e9 o an\u00fancio que est\u00e1vamos esperando para o in\u00edcio de Dezembro. Todos os posts e testes que realizei foram em um Preview do Service Tier Business Critical. [&hellip;]<\/p>\n","protected":false},"author":1,"featured_media":0,"comment_status":"open","ping_status":"open","sticky":false,"template":"","format":"standard","meta":{"_exactmetrics_skip_tracking":false,"_exactmetrics_sitenote_active":false,"_exactmetrics_sitenote_note":"","_exactmetrics_sitenote_category":0,"footnotes":""},"categories":[1616,1617,1512,280],"tags":[1641],"class_list":["post-9911","post","type-post","status-publish","format-standard","hentry","category-azure-sql-database","category-managed-instance","category-sql-azure","category-virtual-pass-br","tag-azure"],"post_mailing_queue_ids":[],"_links":{"self":[{"href":"https:\/\/fabriciolima.net\/blog\/wp-json\/wp\/v2\/posts\/9911","targetHints":{"allow":["GET"]}}],"collection":[{"href":"https:\/\/fabriciolima.net\/blog\/wp-json\/wp\/v2\/posts"}],"about":[{"href":"https:\/\/fabriciolima.net\/blog\/wp-json\/wp\/v2\/types\/post"}],"author":[{"embeddable":true,"href":"https:\/\/fabriciolima.net\/blog\/wp-json\/wp\/v2\/users\/1"}],"replies":[{"embeddable":true,"href":"https:\/\/fabriciolima.net\/blog\/wp-json\/wp\/v2\/comments?post=9911"}],"version-history":[{"count":6,"href":"https:\/\/fabriciolima.net\/blog\/wp-json\/wp\/v2\/posts\/9911\/revisions"}],"predecessor-version":[{"id":9921,"href":"https:\/\/fabriciolima.net\/blog\/wp-json\/wp\/v2\/posts\/9911\/revisions\/9921"}],"wp:attachment":[{"href":"https:\/\/fabriciolima.net\/blog\/wp-json\/wp\/v2\/media?parent=9911"}],"wp:term":[{"taxonomy":"category","embeddable":true,"href":"https:\/\/fabriciolima.net\/blog\/wp-json\/wp\/v2\/categories?post=9911"},{"taxonomy":"post_tag","embeddable":true,"href":"https:\/\/fabriciolima.net\/blog\/wp-json\/wp\/v2\/tags?post=9911"}],"curies":[{"name":"wp","href":"https:\/\/api.w.org\/{rel}","templated":true}]}}