{"id":9343,"date":"2018-09-03T09:47:35","date_gmt":"2018-09-03T12:47:35","guid":{"rendered":"http:\/\/www.fabriciolima.net\/?p=9343"},"modified":"2018-09-06T08:32:59","modified_gmt":"2018-09-06T11:32:59","slug":"e-vamos-para-o-9o-encontro-do-grupo-sql-server-es","status":"publish","type":"post","link":"https:\/\/fabriciolima.net\/blog\/2018\/09\/03\/e-vamos-para-o-9o-encontro-do-grupo-sql-server-es\/","title":{"rendered":"E vamos para o 9\u00ba Encontro do grupo SQL Server ES"},"content":{"rendered":"<p><img loading=\"lazy\" decoding=\"async\" class=\"wp-image-9345 aligncenter\" src=\"https:\/\/fabriciolima.net\/blog\/wp-content\/uploads\/2018\/09\/9encontroSQLServer.png\" alt=\"\" width=\"685\" height=\"383\" srcset=\"https:\/\/fabriciolima.net\/blog\/wp-content\/uploads\/2018\/09\/9encontroSQLServer.png 1302w, https:\/\/fabriciolima.net\/blog\/wp-content\/uploads\/2018\/09\/9encontroSQLServer-300x168.png 300w, https:\/\/fabriciolima.net\/blog\/wp-content\/uploads\/2018\/09\/9encontroSQLServer-1024x573.png 1024w, https:\/\/fabriciolima.net\/blog\/wp-content\/uploads\/2018\/09\/9encontroSQLServer-768x430.png 768w, https:\/\/fabriciolima.net\/blog\/wp-content\/uploads\/2018\/09\/9encontroSQLServer-700x392.png 700w, https:\/\/fabriciolima.net\/blog\/wp-content\/uploads\/2018\/09\/9encontroSQLServer-410x230.png 410w, https:\/\/fabriciolima.net\/blog\/wp-content\/uploads\/2018\/09\/9encontroSQLServer-100x56.png 100w, https:\/\/fabriciolima.net\/blog\/wp-content\/uploads\/2018\/09\/9encontroSQLServer-275x154.png 275w, https:\/\/fabriciolima.net\/blog\/wp-content\/uploads\/2018\/09\/9encontroSQLServer-20x11.png 20w\" sizes=\"auto, (max-width: 685px) 100vw, 685px\" \/><\/p>\n<p>Fala Pessoal,<\/p>\n<p>No dia 15\/09, estamos organizando o 9\u00ba Encontro do SQL Server ES, onde iremos realizar uma manh\u00e3 inteira de palestras sobre BI (Power BI x Reporting Services: Quem \u00e9 melhor ?) e banco de dados (Passo a passo de como fiz um Tuning em 7 queries reais de um cliente).<\/p>\n<h5>Detalhes sobre o evento<\/h5>\n<p>Data:\u00a0<strong>15\/09\/2018<\/strong>\u00a0(s\u00e1bado)<br \/>\nHor\u00e1rio:\u00a0<strong>08:30h \u00e0s 11:30h<\/strong><br \/>\nLocal:\u00a0<strong>Centro Universit\u00e1rio Cat\u00f3lico de Vit\u00f3ria<\/strong>\u00a0\u2013 Antiga Faculdade Cat\u00f3lica Salesiana (<a href=\"http:\/\/www.ucv.edu.br\/\" target=\"_blank\" rel=\"nofollow external noopener noreferrer\" data-wpel-link=\"external\">link aqui<\/a>)<br \/>\nEndere\u00e7o:\u00a0<strong>Av Vit\u00f3ria, 950, Forte S\u00e3o Jo\u00e3o, Vit\u00f3ria, ES<\/strong>\u00a0(<a href=\"https:\/\/goo.gl\/maps\/QXTBUpLKrBJ2\" target=\"_blank\" rel=\"nofollow external noopener noreferrer\" data-wpel-link=\"external\">visualizar localiza\u00e7\u00e3o<\/a>)<\/p>\n<p>Segue o link para inscri\u00e7\u00e3o:\u00a0<a href=\"https:\/\/sqlserveres.com.br\/\" target=\"_blank\" rel=\"noopener\">https:\/\/sqlserveres.com.br\/<\/a><\/p>\n<p>A Faculdade Salesiana, atrav\u00e9s do Prof. Marcelo Albuquerque, abra\u00e7ou a Comunidade nos dando total apoio. Vale lembrar que esse evento \u00e9 aberto para toda a comunidade t\u00e9cnica e acad\u00eamica do Esp\u00edrito Santo.<\/p>\n<h5>Agenda do evento<\/h5>\n<table id=\"tablepress-1\" class=\"tablepress tablepress-id-1 grade-evento\">\n<thead>\n<tr class=\"row-1 odd\">\n<th class=\"column-1\">Hor\u00e1rio<\/th>\n<th class=\"column-2\">Palestra<\/th>\n<th class=\"column-3\">Descri\u00e7\u00e3o<\/th>\n<th class=\"column-4\">Palestrante<\/th>\n<\/tr>\n<\/thead>\n<tbody class=\"row-hover\">\n<tr class=\"row-2 even\">\n<td class=\"column-1\">08:30 &#8211; 09:00<\/td>\n<td class=\"column-2\" colspan=\"3\">Caf\u00e9 e Abertura do Evento<\/td>\n<\/tr>\n<tr class=\"row-3 odd\">\n<td class=\"column-1\">09:00 &#8211; 10:10<\/td>\n<td class=\"column-2\">Power BI x Reporting Services: Quem \u00e9 melhor ?<\/td>\n<td class=\"column-3\">Nessa palestra, vou apresentar as ferramentas Power BI (Que est\u00e1 na moda) e Reporting Services e demonstrar as for\u00e7as e fraquezas de cada uma delas, te auxiliando na defini\u00e7\u00e3o de qual voc\u00ea deve utilizar na sua empresa e em quais cen\u00e1rios.<\/td>\n<td class=\"column-4\">Dirceu Resende<\/td>\n<\/tr>\n<tr class=\"row-4 even\">\n<td class=\"column-1\">10:10- 10:20<\/td>\n<td class=\"column-2\" colspan=\"3\">Pausa e Networking<\/td>\n<\/tr>\n<tr class=\"row-5 odd\">\n<td class=\"column-1\">10:20 &#8211; 11:20<\/td>\n<td class=\"column-2\">Passo a passo de como fiz um Tuning em 7 queries reais de um cliente<\/td>\n<td class=\"column-3\">Nesta palestra vou mostrar como melhorei 7 queries reais de um cliente em uma consultoria de Tuning. Vamos debater junto o passo a passo que segui e melhorar a query s\u00f3 com a cria\u00e7\u00e3o de \u00edndices, j\u00e1 que \u00e9 uma aplica\u00e7\u00e3o de terceiros e n\u00e3o podemos alterar as consultas. Essa base tinha 800 GB de dados compactados (mais de 2 TB se n\u00e3o tivesse compacta\u00e7\u00e3o).<\/td>\n<td class=\"column-4\">Fabr\u00edcio Lima<\/td>\n<\/tr>\n<tr class=\"row-6 even\">\n<td class=\"column-1\">11:20 &#8211; 11:30<\/td>\n<td class=\"column-2\" colspan=\"3\">Encerramento<\/td>\n<\/tr>\n<\/tbody>\n<\/table>\n<p>Nos vemos por l\u00e1!<\/p>\n<p>Abra\u00e7os,<\/p>\n<p>Fabr\u00edcio Lima<\/p>\n<p>Microsoft Data Platform MVP<\/p>\n<p>Consultor e Instrutor SQL Server<\/p>\n<p>Trabalha com SQL Server desde 2006<\/p>\n","protected":false},"excerpt":{"rendered":"<p>Fala Pessoal, No dia 15\/09, estamos organizando o 9\u00ba Encontro do SQL Server ES, onde iremos realizar uma manh\u00e3 inteira de palestras sobre BI (Power BI x Reporting Services: Quem \u00e9 melhor ?) e banco de dados (Passo a passo de como fiz um Tuning em 7 queries reais de um cliente). Detalhes sobre o [&hellip;]<\/p>\n","protected":false},"author":1,"featured_media":0,"comment_status":"open","ping_status":"open","sticky":false,"template":"","format":"standard","meta":{"_exactmetrics_skip_tracking":false,"_exactmetrics_sitenote_active":false,"_exactmetrics_sitenote_note":"","_exactmetrics_sitenote_category":0,"footnotes":""},"categories":[5,8,12],"tags":[1659,1658,1486,468,104,1538],"class_list":["post-9343","post","type-post","status-publish","format-standard","hentry","category-carreira","category-eventos","category-noticias","tag-evento-ti-es","tag-sql-es","tag-sql-server-es","tag-sql-server-vitoria","tag-sqlpass","tag-sqlserveres"],"post_mailing_queue_ids":[],"_links":{"self":[{"href":"https:\/\/fabriciolima.net\/blog\/wp-json\/wp\/v2\/posts\/9343","targetHints":{"allow":["GET"]}}],"collection":[{"href":"https:\/\/fabriciolima.net\/blog\/wp-json\/wp\/v2\/posts"}],"about":[{"href":"https:\/\/fabriciolima.net\/blog\/wp-json\/wp\/v2\/types\/post"}],"author":[{"embeddable":true,"href":"https:\/\/fabriciolima.net\/blog\/wp-json\/wp\/v2\/users\/1"}],"replies":[{"embeddable":true,"href":"https:\/\/fabriciolima.net\/blog\/wp-json\/wp\/v2\/comments?post=9343"}],"version-history":[{"count":9,"href":"https:\/\/fabriciolima.net\/blog\/wp-json\/wp\/v2\/posts\/9343\/revisions"}],"predecessor-version":[{"id":9363,"href":"https:\/\/fabriciolima.net\/blog\/wp-json\/wp\/v2\/posts\/9343\/revisions\/9363"}],"wp:attachment":[{"href":"https:\/\/fabriciolima.net\/blog\/wp-json\/wp\/v2\/media?parent=9343"}],"wp:term":[{"taxonomy":"category","embeddable":true,"href":"https:\/\/fabriciolima.net\/blog\/wp-json\/wp\/v2\/categories?post=9343"},{"taxonomy":"post_tag","embeddable":true,"href":"https:\/\/fabriciolima.net\/blog\/wp-json\/wp\/v2\/tags?post=9343"}],"curies":[{"name":"wp","href":"https:\/\/api.w.org\/{rel}","templated":true}]}}