{"id":9268,"date":"2018-08-09T15:03:01","date_gmt":"2018-08-09T18:03:01","guid":{"rendered":"http:\/\/www.fabriciolima.net\/?p=9268"},"modified":"2018-08-09T16:04:33","modified_gmt":"2018-08-09T19:04:33","slug":"sql-day-es-evento-que-teve-um-impacto-muito-maior-do-que-esperavamos","status":"publish","type":"post","link":"https:\/\/fabriciolima.net\/blog\/2018\/08\/09\/sql-day-es-evento-que-teve-um-impacto-muito-maior-do-que-esperavamos\/","title":{"rendered":"SQL Day ES &#8211; Evento que teve um impacto muito maior do que esper\u00e1vamos!!!"},"content":{"rendered":"<p>Fala Pessoal,<\/p>\n<p>Antes de falar do SQL Day, vou falar um pouco do grupo SQL Server ES.<\/p>\n<p>Para quem n\u00e3o conhece, somos uma comunidade local do <a href=\"https:\/\/www.pass.org\/\" target=\"_blank\" rel=\"noopener\">PASS<\/a>, assim como existem outros grupos em diversas cidades do Brasil. Compartilhamos conte\u00fados, experi\u00eancias, vagas de emprego na \u00e1rea e etc&#8230;<\/p>\n<p>No come\u00e7o de 2016, o <a class=\"wpel-icon-left\" href=\"https:\/\/www.tiagoneves.net\/blog\/\" target=\"_blank\" rel=\"nofollow external noopener noreferrer\" data-wpel-link=\"external\">Tiago Neves<\/a> correu atr\u00e1s das pessoas que organizam o PASS (Brasil e de fora) para trazer esse cap\u00edtulo para o ES. Ele me chamou para ajud\u00e1-lo nessa caminhada e assim iniciamos o SQL Server ES.<\/p>\n<p>Esse foi nosso primeiro encontro:<\/p>\n<p><a href=\"https:\/\/www.fabriciolima.net\/blog\/2017\/04\/07\/como-foi-o-primeiro-encontro-do-grupo-sql-server-es\/\" target=\"_blank\" rel=\"noopener\">https:\/\/www.fabriciolima.net\/blog\/2017\/04\/07\/como-foi-o-primeiro-encontro-do-grupo-sql-server-es\/<\/a><\/p>\n<p>Logo no in\u00edcio j\u00e1 passamos a contar com a ajuda do <a class=\"wpel-icon-left\" href=\"http:\/\/www.vssti.com.br\/\" target=\"_blank\" rel=\"nofollow external noopener noreferrer\" data-wpel-link=\"external\">Vithor Silva<\/a> e <a href=\"https:\/\/www.dirceuresende.com\" target=\"_blank\" rel=\"noopener\">Dirceu Rezende<\/a> e assim ficou mais f\u00e1cil organizar os eventos. Sem essa galera toda na organiza\u00e7\u00e3o iria ser muito mais dif\u00edcil organizar um evento como o SQL DAY.<\/p>\n<p>De Abril de 2016 at\u00e9 hoje fizemos 8 encontros + o SQL DAY do \u00faltimo fim de semana (04\/08).<\/p>\n<p>Quando decidimos fazer um encontro maior a ideia era ter uma trilha com 6 palestras, com uns 200 inscritos e 100 presentes no dia (quebra de 50%).<\/p>\n<p>Contudo, uma semana antes do evento j\u00e1 est\u00e1vamos com 400 inscri\u00e7\u00f5es e o audit\u00f3rio que aconteceria o evento iria ficar pequeno. De \u00faltima hora, convocamos alguns palestrantes, e abrimos uma segunda trilha de palestras para usar uma outra sala em paralelo ao audit\u00f3rio.<\/p>\n<p><strong>Dito e feito, tivemos mais de 200 pessoas presentes no Salesiano no dia 04\/08\/2018, o dobro de impacto que esper\u00e1vamos. Audit\u00f3rio e Sala Lotados!<br \/>\n<\/strong><\/p>\n<p>Desde que moro por aqui (20 anos), n\u00e3o lembro de outro evento desse tamanho na \u00e1rea de Plataforma de Dados.<\/p>\n<p>Pessoal de VIX-ES \u00e9 carente de eventos assim e agora que vimos toda essa ades\u00e3o, podemos pensar em planos maiores para 2019. SQL Saturday??? Veremos&#8230; =)<\/p>\n<p>Dobro de p\u00fablico do que esper\u00e1vamos. Olha que foto show!!!<\/p>\n<p>&nbsp;<\/p>\n<p><img loading=\"lazy\" decoding=\"async\" class=\"wp-image-9272 aligncenter\" src=\"https:\/\/fabriciolima.net\/blog\/wp-content\/uploads\/2018\/08\/SQLES01.jpg\" alt=\"\" width=\"923\" height=\"609\" srcset=\"https:\/\/fabriciolima.net\/blog\/wp-content\/uploads\/2018\/08\/SQLES01.jpg 1280w, https:\/\/fabriciolima.net\/blog\/wp-content\/uploads\/2018\/08\/SQLES01-300x198.jpg 300w, https:\/\/fabriciolima.net\/blog\/wp-content\/uploads\/2018\/08\/SQLES01-1024x676.jpg 1024w, https:\/\/fabriciolima.net\/blog\/wp-content\/uploads\/2018\/08\/SQLES01-768x507.jpg 768w, https:\/\/fabriciolima.net\/blog\/wp-content\/uploads\/2018\/08\/SQLES01-700x462.jpg 700w, https:\/\/fabriciolima.net\/blog\/wp-content\/uploads\/2018\/08\/SQLES01-410x271.jpg 410w, https:\/\/fabriciolima.net\/blog\/wp-content\/uploads\/2018\/08\/SQLES01-100x66.jpg 100w, https:\/\/fabriciolima.net\/blog\/wp-content\/uploads\/2018\/08\/SQLES01-275x182.jpg 275w, https:\/\/fabriciolima.net\/blog\/wp-content\/uploads\/2018\/08\/SQLES01-20x13.jpg 20w\" sizes=\"auto, (max-width: 923px) 100vw, 923px\" \/><\/p>\n<p>&nbsp;<\/p>\n<p>Claro que o modelo ajuda bastante, mas nossa nova camisa ficou TOP EM!!!<\/p>\n<p>&nbsp;<\/p>\n<p><img loading=\"lazy\" decoding=\"async\" class=\"wp-image-9271 aligncenter\" src=\"https:\/\/fabriciolima.net\/blog\/wp-content\/uploads\/2018\/08\/SQLES02.jpg\" alt=\"\" width=\"284\" height=\"426\" srcset=\"https:\/\/fabriciolima.net\/blog\/wp-content\/uploads\/2018\/08\/SQLES02.jpg 1066w, https:\/\/fabriciolima.net\/blog\/wp-content\/uploads\/2018\/08\/SQLES02-200x300.jpg 200w, https:\/\/fabriciolima.net\/blog\/wp-content\/uploads\/2018\/08\/SQLES02-682x1024.jpg 682w, https:\/\/fabriciolima.net\/blog\/wp-content\/uploads\/2018\/08\/SQLES02-768x1153.jpg 768w, https:\/\/fabriciolima.net\/blog\/wp-content\/uploads\/2018\/08\/SQLES02-1023x1536.jpg 1023w, https:\/\/fabriciolima.net\/blog\/wp-content\/uploads\/2018\/08\/SQLES02-700x1051.jpg 700w, https:\/\/fabriciolima.net\/blog\/wp-content\/uploads\/2018\/08\/SQLES02-410x615.jpg 410w, https:\/\/fabriciolima.net\/blog\/wp-content\/uploads\/2018\/08\/SQLES02-100x150.jpg 100w, https:\/\/fabriciolima.net\/blog\/wp-content\/uploads\/2018\/08\/SQLES02-275x413.jpg 275w, https:\/\/fabriciolima.net\/blog\/wp-content\/uploads\/2018\/08\/SQLES02-13x20.jpg 13w\" sizes=\"auto, (max-width: 284px) 100vw, 284px\" \/><\/p>\n<p>&nbsp;<\/p>\n<p>O que falar desse time de palestrantes\/volunt\u00e1rios?<\/p>\n<p>Muito obrigado por doarem tempo e recursos (hotel+passagens) para compartilharem conhecimento aqui em VIX:<\/p>\n<p><img loading=\"lazy\" decoding=\"async\" class=\"wp-image-9270 aligncenter\" src=\"https:\/\/fabriciolima.net\/blog\/wp-content\/uploads\/2018\/08\/SQLES03.jpg\" alt=\"\" width=\"575\" height=\"570\" srcset=\"https:\/\/fabriciolima.net\/blog\/wp-content\/uploads\/2018\/08\/SQLES03.jpg 750w, https:\/\/fabriciolima.net\/blog\/wp-content\/uploads\/2018\/08\/SQLES03-300x298.jpg 300w, https:\/\/fabriciolima.net\/blog\/wp-content\/uploads\/2018\/08\/SQLES03-150x150.jpg 150w, https:\/\/fabriciolima.net\/blog\/wp-content\/uploads\/2018\/08\/SQLES03-700x694.jpg 700w, https:\/\/fabriciolima.net\/blog\/wp-content\/uploads\/2018\/08\/SQLES03-410x407.jpg 410w, https:\/\/fabriciolima.net\/blog\/wp-content\/uploads\/2018\/08\/SQLES03-100x99.jpg 100w, https:\/\/fabriciolima.net\/blog\/wp-content\/uploads\/2018\/08\/SQLES03-275x273.jpg 275w, https:\/\/fabriciolima.net\/blog\/wp-content\/uploads\/2018\/08\/SQLES03-20x20.jpg 20w\" sizes=\"auto, (max-width: 575px) 100vw, 575px\" \/><\/p>\n<p>&nbsp;<\/p>\n<p>Agradecimento especial ao Professor Marcelo que apoiou o SQL Server ES desde o primeiro encontro:<\/p>\n<p><img loading=\"lazy\" decoding=\"async\" class=\"wp-image-9269 aligncenter\" src=\"https:\/\/fabriciolima.net\/blog\/wp-content\/uploads\/2018\/08\/SQLES04.jpg\" alt=\"\" width=\"552\" height=\"414\" srcset=\"https:\/\/fabriciolima.net\/blog\/wp-content\/uploads\/2018\/08\/SQLES04.jpg 1040w, https:\/\/fabriciolima.net\/blog\/wp-content\/uploads\/2018\/08\/SQLES04-300x225.jpg 300w, https:\/\/fabriciolima.net\/blog\/wp-content\/uploads\/2018\/08\/SQLES04-1024x768.jpg 1024w, https:\/\/fabriciolima.net\/blog\/wp-content\/uploads\/2018\/08\/SQLES04-768x576.jpg 768w, https:\/\/fabriciolima.net\/blog\/wp-content\/uploads\/2018\/08\/SQLES04-700x525.jpg 700w, https:\/\/fabriciolima.net\/blog\/wp-content\/uploads\/2018\/08\/SQLES04-410x308.jpg 410w, https:\/\/fabriciolima.net\/blog\/wp-content\/uploads\/2018\/08\/SQLES04-100x75.jpg 100w, https:\/\/fabriciolima.net\/blog\/wp-content\/uploads\/2018\/08\/SQLES04-275x206.jpg 275w, https:\/\/fabriciolima.net\/blog\/wp-content\/uploads\/2018\/08\/SQLES04-20x15.jpg 20w\" sizes=\"auto, (max-width: 552px) 100vw, 552px\" \/><\/p>\n<p>&nbsp;<\/p>\n<p>J\u00e1 que \u00edamos reunir muitas pessoas para um evento gr\u00e1tis, por que n\u00e3o conseguir ajudar outras que tamb\u00e9m precisam?<\/p>\n<p>As 200 crian\u00e7as e adolescentes da CAOCA v\u00e3o ficar felizes com a contribui\u00e7\u00e3o de quem foi ao evento. Nos links abaixo, podemos ver fotos do trabalho dessa institui\u00e7\u00e3o:<\/p>\n<ul>\n<li><a class=\"wpel-icon-left\" href=\"https:\/\/www.facebook.com\/caocaentidade\" target=\"_blank\" rel=\"noopener nofollow external noreferrer\" data-wpel-link=\"external\">Facebook do CAOCA<\/a><\/li>\n<li><a class=\"wpel-icon-left\" href=\"https:\/\/ongcaoca.blogspot.com\/\" target=\"_blank\" rel=\"noopener nofollow external noreferrer\" data-wpel-link=\"external\">Site da ONG<\/a><\/li>\n<\/ul>\n<p>Nessa quinta-feira (09\/08), fomos conhecer pessoalmente a institui\u00e7\u00e3o e entregar os alimentos:<\/p>\n<p><img loading=\"lazy\" decoding=\"async\" class=\"wp-image-9276 aligncenter\" src=\"https:\/\/fabriciolima.net\/blog\/wp-content\/uploads\/2018\/08\/SQLES05.jpg\" alt=\"\" width=\"352\" height=\"442\" srcset=\"https:\/\/fabriciolima.net\/blog\/wp-content\/uploads\/2018\/08\/SQLES05.jpg 1274w, https:\/\/fabriciolima.net\/blog\/wp-content\/uploads\/2018\/08\/SQLES05-239x300.jpg 239w, https:\/\/fabriciolima.net\/blog\/wp-content\/uploads\/2018\/08\/SQLES05-815x1024.jpg 815w, https:\/\/fabriciolima.net\/blog\/wp-content\/uploads\/2018\/08\/SQLES05-768x965.jpg 768w, https:\/\/fabriciolima.net\/blog\/wp-content\/uploads\/2018\/08\/SQLES05-1223x1536.jpg 1223w, https:\/\/fabriciolima.net\/blog\/wp-content\/uploads\/2018\/08\/SQLES05-700x879.jpg 700w, https:\/\/fabriciolima.net\/blog\/wp-content\/uploads\/2018\/08\/SQLES05-410x515.jpg 410w, https:\/\/fabriciolima.net\/blog\/wp-content\/uploads\/2018\/08\/SQLES05-100x126.jpg 100w, https:\/\/fabriciolima.net\/blog\/wp-content\/uploads\/2018\/08\/SQLES05-275x345.jpg 275w, https:\/\/fabriciolima.net\/blog\/wp-content\/uploads\/2018\/08\/SQLES05-16x20.jpg 16w\" sizes=\"auto, (max-width: 352px) 100vw, 352px\" \/><img loading=\"lazy\" decoding=\"async\" class=\"wp-image-9275 aligncenter\" src=\"https:\/\/fabriciolima.net\/blog\/wp-content\/uploads\/2018\/08\/SQLES06.jpg\" alt=\"\" width=\"355\" height=\"474\" srcset=\"https:\/\/fabriciolima.net\/blog\/wp-content\/uploads\/2018\/08\/SQLES06.jpg 1200w, https:\/\/fabriciolima.net\/blog\/wp-content\/uploads\/2018\/08\/SQLES06-225x300.jpg 225w, https:\/\/fabriciolima.net\/blog\/wp-content\/uploads\/2018\/08\/SQLES06-768x1024.jpg 768w, https:\/\/fabriciolima.net\/blog\/wp-content\/uploads\/2018\/08\/SQLES06-1152x1536.jpg 1152w, https:\/\/fabriciolima.net\/blog\/wp-content\/uploads\/2018\/08\/SQLES06-700x933.jpg 700w, https:\/\/fabriciolima.net\/blog\/wp-content\/uploads\/2018\/08\/SQLES06-410x547.jpg 410w, https:\/\/fabriciolima.net\/blog\/wp-content\/uploads\/2018\/08\/SQLES06-100x133.jpg 100w, https:\/\/fabriciolima.net\/blog\/wp-content\/uploads\/2018\/08\/SQLES06-275x367.jpg 275w, https:\/\/fabriciolima.net\/blog\/wp-content\/uploads\/2018\/08\/SQLES06-15x20.jpg 15w\" sizes=\"auto, (max-width: 355px) 100vw, 355px\" \/><\/p>\n<p>Gostar\u00edamos de agradecer aos nossos patrocinadores, pois sem esse apoio o evento n\u00e3o teria a mesma qualidade.<\/p>\n<p><a class=\"wpel-icon-left external-link\" href=\"https:\/\/www.ax4b.com\/\" target=\"_blank\" rel=\"noopener external noreferrer nofollow\" data-wpel-link=\"external\">Ax4B<\/a>,\u00a0<a class=\"wpel-icon-left external-link\" href=\"http:\/\/www.edpbr.com.br\/\" target=\"_blank\" rel=\"noopener external noreferrer nofollow\" data-wpel-link=\"external\">EDP<\/a>,\u00a0<a class=\"wpel-icon-left external-link\" href=\"https:\/\/www.fabriciolima.net\/\" target=\"_blank\" rel=\"noopener external noreferrer nofollow\" data-wpel-link=\"external\">Fabricio Lima Solu\u00e7\u00f5es em BD<\/a>,\u00a0<a class=\"wpel-icon-left external-link\" href=\"http:\/\/www.dadoteca.com.br\/\" target=\"_blank\" rel=\"noopener external noreferrer nofollow\" data-wpel-link=\"external\">Dadoteca<\/a>,\u00a0<a class=\"wpel-icon-left external-link\" href=\"https:\/\/www.mindworks.com.br\/\" target=\"_blank\" rel=\"noopener external noreferrer nofollow\" data-wpel-link=\"external\">Mindworks<\/a>\u00a0e o j\u00e1 tradicional apoio do\u00a0<a class=\"wpel-icon-left external-link\" href=\"http:\/\/www.ucv.edu.br\/index2.php\" target=\"_blank\" rel=\"noopener external noreferrer nofollow\" data-wpel-link=\"external\">Centro Universit\u00e1rio Cat\u00f3lica de Vit\u00f3ria<\/a>.<\/p>\n<p>Siga nosso <a class=\"wpel-icon-left external-link\" href=\"https:\/\/sqlserveres.com.br\/\" target=\"_blank\" rel=\"noopener external noreferrer nofollow\" data-wpel-link=\"external\">site oficial do SQL Server ES<\/a> e nossas redes sociais para ficar sabendo dos nossos pr\u00f3ximos eventos.<\/p>\n<p>Abra\u00e7os,<\/p>\n<p>Fabr\u00edcio Lima<\/p>\n<p>Microsoft Data Platform MVP<\/p>\n<p>Consultor e Instrutor SQL Server<\/p>\n<p>Trabalha com SQL Server desde 2006<\/p>\n","protected":false},"excerpt":{"rendered":"<p>Fala Pessoal, Antes de falar do SQL Day, vou falar um pouco do grupo SQL Server ES. Para quem n\u00e3o conhece, somos uma comunidade local do PASS, assim como existem outros grupos em diversas cidades do Brasil. Compartilhamos conte\u00fados, experi\u00eancias, vagas de emprego na \u00e1rea e etc&#8230; No come\u00e7o de 2016, o Tiago Neves correu [&hellip;]<\/p>\n","protected":false},"author":1,"featured_media":0,"comment_status":"open","ping_status":"open","sticky":false,"template":"","format":"standard","meta":{"_exactmetrics_skip_tracking":false,"_exactmetrics_sitenote_active":false,"_exactmetrics_sitenote_note":"","_exactmetrics_sitenote_category":0,"footnotes":""},"categories":[8,12,280],"tags":[1637,1636,104,1538],"class_list":["post-9268","post","type-post","status-publish","format-standard","hentry","category-eventos","category-noticias","category-virtual-pass-br","tag-pass","tag-sqlday","tag-sqlpass","tag-sqlserveres"],"post_mailing_queue_ids":[],"_links":{"self":[{"href":"https:\/\/fabriciolima.net\/blog\/wp-json\/wp\/v2\/posts\/9268","targetHints":{"allow":["GET"]}}],"collection":[{"href":"https:\/\/fabriciolima.net\/blog\/wp-json\/wp\/v2\/posts"}],"about":[{"href":"https:\/\/fabriciolima.net\/blog\/wp-json\/wp\/v2\/types\/post"}],"author":[{"embeddable":true,"href":"https:\/\/fabriciolima.net\/blog\/wp-json\/wp\/v2\/users\/1"}],"replies":[{"embeddable":true,"href":"https:\/\/fabriciolima.net\/blog\/wp-json\/wp\/v2\/comments?post=9268"}],"version-history":[{"count":7,"href":"https:\/\/fabriciolima.net\/blog\/wp-json\/wp\/v2\/posts\/9268\/revisions"}],"predecessor-version":[{"id":9282,"href":"https:\/\/fabriciolima.net\/blog\/wp-json\/wp\/v2\/posts\/9268\/revisions\/9282"}],"wp:attachment":[{"href":"https:\/\/fabriciolima.net\/blog\/wp-json\/wp\/v2\/media?parent=9268"}],"wp:term":[{"taxonomy":"category","embeddable":true,"href":"https:\/\/fabriciolima.net\/blog\/wp-json\/wp\/v2\/categories?post=9268"},{"taxonomy":"post_tag","embeddable":true,"href":"https:\/\/fabriciolima.net\/blog\/wp-json\/wp\/v2\/tags?post=9268"}],"curies":[{"name":"wp","href":"https:\/\/api.w.org\/{rel}","templated":true}]}}