{"id":9232,"date":"2018-07-23T15:12:40","date_gmt":"2018-07-23T18:12:40","guid":{"rendered":"http:\/\/www.fabriciolima.net\/?p=9232"},"modified":"2018-07-23T19:12:48","modified_gmt":"2018-07-23T22:12:48","slug":"sql-day-es-passamos-de-250-inscritos-wow","status":"publish","type":"post","link":"https:\/\/fabriciolima.net\/blog\/2018\/07\/23\/sql-day-es-passamos-de-250-inscritos-wow\/","title":{"rendered":"SQL DAY ES &#8211; Passamos de 250 inscritos! WOW!!!"},"content":{"rendered":"<p><img loading=\"lazy\" decoding=\"async\" class=\"wp-image-9240 aligncenter\" src=\"https:\/\/fabriciolima.net\/blog\/wp-content\/uploads\/2018\/07\/WhatsApp-Image-2018-07-12-at-09.56.12.jpeg\" alt=\"\" width=\"722\" height=\"406\" srcset=\"https:\/\/fabriciolima.net\/blog\/wp-content\/uploads\/2018\/07\/WhatsApp-Image-2018-07-12-at-09.56.12.jpeg 1280w, https:\/\/fabriciolima.net\/blog\/wp-content\/uploads\/2018\/07\/WhatsApp-Image-2018-07-12-at-09.56.12-300x169.jpeg 300w, https:\/\/fabriciolima.net\/blog\/wp-content\/uploads\/2018\/07\/WhatsApp-Image-2018-07-12-at-09.56.12-1024x576.jpeg 1024w, https:\/\/fabriciolima.net\/blog\/wp-content\/uploads\/2018\/07\/WhatsApp-Image-2018-07-12-at-09.56.12-768x432.jpeg 768w, https:\/\/fabriciolima.net\/blog\/wp-content\/uploads\/2018\/07\/WhatsApp-Image-2018-07-12-at-09.56.12-700x394.jpeg 700w, https:\/\/fabriciolima.net\/blog\/wp-content\/uploads\/2018\/07\/WhatsApp-Image-2018-07-12-at-09.56.12-410x231.jpeg 410w, https:\/\/fabriciolima.net\/blog\/wp-content\/uploads\/2018\/07\/WhatsApp-Image-2018-07-12-at-09.56.12-100x56.jpeg 100w, https:\/\/fabriciolima.net\/blog\/wp-content\/uploads\/2018\/07\/WhatsApp-Image-2018-07-12-at-09.56.12-275x155.jpeg 275w, https:\/\/fabriciolima.net\/blog\/wp-content\/uploads\/2018\/07\/WhatsApp-Image-2018-07-12-at-09.56.12-20x11.jpeg 20w\" sizes=\"auto, (max-width: 722px) 100vw, 722px\" \/><\/p>\n<p>Fala Pessoal,<\/p>\n<p>\u00c9 com bastante alegria que compartilho com voc\u00eas que passamos de 250 inscritos para o SQL Day ES.<\/p>\n<p>O evento est\u00e1 tomando uma propor\u00e7\u00e3o at\u00e9 maior do que est\u00e1vamos esperando e isso \u00e9 muito TOP. Muito bom saber que a cominudade do ES est\u00e1 com sede de adquirir conhecimento na plataforma de dados microsoft.<\/p>\n<p>O evento ser\u00e1 realizado no dia\u00a0<strong>04\/08\/2018 de 08:00 \u2013 17:30<\/strong>, no Centro Universit\u00e1rio Cat\u00f3lica de Vit\u00f3ria (Salesiano), iremos realizar um dia inteiro de palestras diversas, trazendo profissionais especialistas de diversas especialidades (DBA\u2019s, Engenheiros de Dados, Cientistas de Dados, Analistas de BI, etc), reconhecidos em todo o Brasil.<\/p>\n<h2>Detalhes sobre o evento<\/h2>\n<p>Data:\u00a0<strong>04\/08\/2018<\/strong>\u00a0(s\u00e1bado)<br \/>\nHor\u00e1rio:\u00a0<strong>08:00h \u00e0s 17:20h<\/strong><br \/>\nLocal:\u00a0<strong>Centro Universit\u00e1rio Cat\u00f3lico de Vit\u00f3ria<\/strong>\u00a0\u2013 Antiga Faculdade Cat\u00f3lica Salesiana (<a class=\"wpel-icon-left\" href=\"http:\/\/www.ucv.edu.br\/\" target=\"_blank\" rel=\"external noopener noreferrer nofollow\" data-wpel-link=\"external\">link aqui<\/a>)<br \/>\nEndere\u00e7o:\u00a0<strong>Av Vit\u00f3ria, 950, Forte S\u00e3o Jo\u00e3o, Vit\u00f3ria, ES<\/strong>\u00a0(<a class=\"wpel-icon-left\" href=\"https:\/\/goo.gl\/maps\/QXTBUpLKrBJ2\" target=\"_blank\" rel=\"external noopener noreferrer nofollow\" data-wpel-link=\"external\">visualizar localiza\u00e7\u00e3o)<\/a><\/p>\n<h5><strong>Agenda<\/strong><\/h5>\n<table id=\"tablepress-26\" class=\"tablepress tablepress-id-26\">\n<thead>\n<tr class=\"row-1 odd\">\n<th class=\"column-1\">Hor\u00e1rio<\/th>\n<th class=\"column-2\">Descri\u00e7\u00e3o<\/th>\n<th class=\"column-3\">Palestrante<\/th>\n<\/tr>\n<\/thead>\n<tbody class=\"row-hover\">\n<tr class=\"row-2 even\">\n<td class=\"column-1\">08:00 \u2013 09:00<\/td>\n<td class=\"column-2\">Credenciamento<\/td>\n<td class=\"column-3\"><\/td>\n<\/tr>\n<tr class=\"row-3 odd\">\n<td class=\"column-1\">09:00 \u2013 09:15<\/td>\n<td class=\"column-2\">Abertura<\/td>\n<td class=\"column-3\">Organiza\u00e7\u00e3o SQL Day<\/td>\n<\/tr>\n<tr class=\"row-4 even\">\n<td class=\"column-1\">09:15 \u2013 10:10<\/td>\n<td class=\"column-2\">BI de gente grande! Muito al\u00e9m das planilhas\u2026<\/td>\n<td class=\"column-3\">Vithor Silva<\/td>\n<\/tr>\n<tr class=\"row-5 odd\">\n<td class=\"column-1\">10:15 \u2013 11:10<\/td>\n<td class=\"column-2\">5 dicas de tuning para desenvolvedores<\/td>\n<td class=\"column-3\">Reginaldo Silva<\/td>\n<\/tr>\n<tr class=\"row-6 even\">\n<td class=\"column-1\">11:15 \u2013 12:10<\/td>\n<td class=\"column-2\">Intelig\u00eancia artificial aplicada em sistemas embarcados<\/td>\n<td class=\"column-3\">Daniel Pontes<\/td>\n<\/tr>\n<tr class=\"row-7 odd\">\n<td class=\"column-1\">12:10 \u2013 13:10<\/td>\n<td class=\"column-2\">Almo\u00e7o<\/td>\n<td class=\"column-3\"><\/td>\n<\/tr>\n<tr class=\"row-8 even\">\n<td class=\"column-1\">13:15 \u2013 14:10<\/td>\n<td class=\"column-2\">NoSQL x Relacional<\/td>\n<td class=\"column-3\">Caio Amante<\/td>\n<\/tr>\n<tr class=\"row-9 odd\">\n<td class=\"column-1\">14:15 \u2013 15:10<\/td>\n<td class=\"column-2\">Voc\u00ea conhece o Power BI Report Server?<\/td>\n<td class=\"column-3\">Felippe Oliveira<\/td>\n<\/tr>\n<tr class=\"row-10 even\">\n<td class=\"column-1\">15:15 \u2013 15:30<\/td>\n<td class=\"column-2\">Mulheres na TI<\/td>\n<td class=\"column-3\">Sulamita Dantas, Nane Lins e J\u00e9ssica Lima<\/td>\n<\/tr>\n<tr class=\"row-11 odd\">\n<td class=\"column-1\">15:30 \u2013 16:00<\/td>\n<td class=\"column-2\">Coffee-break<\/td>\n<td class=\"column-3\"><\/td>\n<\/tr>\n<tr class=\"row-12 even\">\n<td class=\"column-1\">16:00 \u2013 16:50<\/td>\n<td class=\"column-2\">Do nada ao TUDO no Power BI<\/td>\n<td class=\"column-3\">Claudio Bonel<\/td>\n<\/tr>\n<tr class=\"row-13 odd\">\n<td class=\"column-1\">16:50 \u2013 17:20<\/td>\n<td class=\"column-2\">Encerramento<\/td>\n<td class=\"column-3\">Organiza\u00e7\u00e3o SQL Day<\/td>\n<\/tr>\n<\/tbody>\n<\/table>\n<p>Gostar\u00edamos de agradecer aos nossos patrocinadores, pois sem esse apoio o evento n\u00e3o teria a mesma qualidade.<\/p>\n<p><a class=\"wpel-icon-left\" href=\"https:\/\/www.ax4b.com\/\" target=\"_blank\" rel=\"noopener nofollow external noreferrer\" data-wpel-link=\"external\">Ax4B<\/a>,\u00a0<a class=\"wpel-icon-left\" href=\"http:\/\/www.edpbr.com.br\/\" target=\"_blank\" rel=\"noopener nofollow external noreferrer\" data-wpel-link=\"external\">EDP<\/a>,\u00a0<a class=\"wpel-icon-left\" href=\"https:\/\/www.fabriciolima.net\/\" target=\"_blank\" rel=\"noopener nofollow external noreferrer\" data-wpel-link=\"external\">Fabricio Lima Solu\u00e7\u00f5es em BD<\/a>,\u00a0<a class=\"wpel-icon-left\" href=\"http:\/\/www.dadoteca.com.br\/\" target=\"_blank\" rel=\"noopener nofollow external noreferrer\" data-wpel-link=\"external\">Dadoteca<\/a>,\u00a0<a class=\"wpel-icon-left\" href=\"https:\/\/www.mindworks.com.br\/\" target=\"_blank\" rel=\"noopener nofollow external noreferrer\" data-wpel-link=\"external\">Mindworks<\/a>\u00a0e o j\u00e1 tradicional apoio do\u00a0<a class=\"wpel-icon-left\" href=\"http:\/\/www.ucv.edu.br\/index2.php\" target=\"_blank\" rel=\"noopener nofollow external noreferrer\" data-wpel-link=\"external\">Centro Universit\u00e1rio Cat\u00f3lica de Vit\u00f3ria<\/a>.<\/p>\n<p><span style=\"color: #ff0000;\"><strong>AVISO IMPORTANTE:<\/strong><\/span> Nesse evento tivemos a ideia de pedir (n\u00e3o ser\u00e1 obrigat\u00f3rio) que cada participante leve algum\u00a0<strong>alimento n\u00e3o perec\u00edvel<\/strong>\u00a0\u00e0 escolha e, ap\u00f3s o evento, iremos doar esses alimentos para alguma institui\u00e7\u00e3o beneficente.<\/p>\n<p>Para saber mais informa\u00e7\u00f5es sobre o evento e fazer a sua inscri\u00e7\u00e3o, \u00e9 s\u00f3 visitar o\u00a0<a class=\"wpel-icon-left\" href=\"https:\/\/sqlserveres.com.br\/\" target=\"_blank\" rel=\"noopener external noreferrer nofollow\" data-wpel-link=\"external\">site oficial do SQL Server ES<\/a>\u00a0que ficou muito TOP.<\/p>\n<p><strong>Nos vemos no dia 04 de Agosto. At\u00e9 l\u00e1!!!<\/strong><\/p>\n<p>Abra\u00e7os,<\/p>\n<p>Fabr\u00edcio Lima<\/p>\n<p>Microsoft Data Platform MVP<\/p>\n<p>Consultor e Instrutor SQL Server<\/p>\n<p>Trabalha com SQL Server desde 2006<\/p>\n","protected":false},"excerpt":{"rendered":"<p>Fala Pessoal, \u00c9 com bastante alegria que compartilho com voc\u00eas que passamos de 250 inscritos para o SQL Day ES. O evento est\u00e1 tomando uma propor\u00e7\u00e3o at\u00e9 maior do que est\u00e1vamos esperando e isso \u00e9 muito TOP. Muito bom saber que a cominudade do ES est\u00e1 com sede de adquirir conhecimento na plataforma de dados [&hellip;]<\/p>\n","protected":false},"author":1,"featured_media":0,"comment_status":"open","ping_status":"open","sticky":false,"template":"","format":"standard","meta":{"_exactmetrics_skip_tracking":false,"_exactmetrics_sitenote_active":false,"_exactmetrics_sitenote_note":"","_exactmetrics_sitenote_category":0,"footnotes":""},"categories":[8,12],"tags":[1637,1636,104,1538],"class_list":["post-9232","post","type-post","status-publish","format-standard","hentry","category-eventos","category-noticias","tag-pass","tag-sqlday","tag-sqlpass","tag-sqlserveres"],"post_mailing_queue_ids":[],"_links":{"self":[{"href":"https:\/\/fabriciolima.net\/blog\/wp-json\/wp\/v2\/posts\/9232","targetHints":{"allow":["GET"]}}],"collection":[{"href":"https:\/\/fabriciolima.net\/blog\/wp-json\/wp\/v2\/posts"}],"about":[{"href":"https:\/\/fabriciolima.net\/blog\/wp-json\/wp\/v2\/types\/post"}],"author":[{"embeddable":true,"href":"https:\/\/fabriciolima.net\/blog\/wp-json\/wp\/v2\/users\/1"}],"replies":[{"embeddable":true,"href":"https:\/\/fabriciolima.net\/blog\/wp-json\/wp\/v2\/comments?post=9232"}],"version-history":[{"count":11,"href":"https:\/\/fabriciolima.net\/blog\/wp-json\/wp\/v2\/posts\/9232\/revisions"}],"predecessor-version":[{"id":9247,"href":"https:\/\/fabriciolima.net\/blog\/wp-json\/wp\/v2\/posts\/9232\/revisions\/9247"}],"wp:attachment":[{"href":"https:\/\/fabriciolima.net\/blog\/wp-json\/wp\/v2\/media?parent=9232"}],"wp:term":[{"taxonomy":"category","embeddable":true,"href":"https:\/\/fabriciolima.net\/blog\/wp-json\/wp\/v2\/categories?post=9232"},{"taxonomy":"post_tag","embeddable":true,"href":"https:\/\/fabriciolima.net\/blog\/wp-json\/wp\/v2\/tags?post=9232"}],"curies":[{"name":"wp","href":"https:\/\/api.w.org\/{rel}","templated":true}]}}