{"id":8860,"date":"2018-03-01T10:52:48","date_gmt":"2018-03-01T13:52:48","guid":{"rendered":"http:\/\/www.fabriciolima.net\/?p=8860"},"modified":"2018-03-01T10:52:48","modified_gmt":"2018-03-01T13:52:48","slug":"mvp-global-summit-2018-eua","status":"publish","type":"post","link":"https:\/\/fabriciolima.net\/blog\/2018\/03\/01\/mvp-global-summit-2018-eua\/","title":{"rendered":"MVP Global Summit 2018 (EUA)"},"content":{"rendered":"<p><img loading=\"lazy\" decoding=\"async\" class=\" wp-image-8863 aligncenter\" src=\"https:\/\/www.fabriciolima.net\/blog\/wp-content\/uploads\/2018\/03\/mvpsummit2018-1.jpg\" alt=\"\" width=\"378\" height=\"286\" srcset=\"https:\/\/fabriciolima.net\/blog\/wp-content\/uploads\/2018\/03\/mvpsummit2018-1.jpg 750w, https:\/\/fabriciolima.net\/blog\/wp-content\/uploads\/2018\/03\/mvpsummit2018-1-300x227.jpg 300w, https:\/\/fabriciolima.net\/blog\/wp-content\/uploads\/2018\/03\/mvpsummit2018-1-700x530.jpg 700w, https:\/\/fabriciolima.net\/blog\/wp-content\/uploads\/2018\/03\/mvpsummit2018-1-410x311.jpg 410w, https:\/\/fabriciolima.net\/blog\/wp-content\/uploads\/2018\/03\/mvpsummit2018-1-100x76.jpg 100w, https:\/\/fabriciolima.net\/blog\/wp-content\/uploads\/2018\/03\/mvpsummit2018-1-275x208.jpg 275w, https:\/\/fabriciolima.net\/blog\/wp-content\/uploads\/2018\/03\/mvpsummit2018-1-20x15.jpg 20w\" sizes=\"auto, (max-width: 378px) 100vw, 378px\" \/><\/p>\n<p>Fala Pessoal,<\/p>\n<p>No dia <strong>01\/03\/2017<\/strong> recebi aquele e-mail que te faz parar tudo o que estava fazendo e te deixa sem fazer mais nada pelo resto do dia:<\/p>\n<ul>\n<li><a href=\"https:\/\/www.fabriciolima.net\/blog\/2017\/03\/01\/parabens-2017-microsoft-mvp\/\" target=\"_blank\" rel=\"noopener\">[Novo E-mail] Parab\u00e9ns, 2017 Microsoft MVP!<\/a><\/li>\n<\/ul>\n<p>Hoje, exatamente um ano depois, estou embarcando para <strong>Seattle<\/strong> para participar do <strong>MVP Global Summit<\/strong>, o que considero ser o maior benef\u00edcio que o programa MVP nos d\u00e1.<\/p>\n<p>Vamos ter palestras com a galera respons\u00e1vel por desenvolver o SQL Server. Aqueles caras que pensam e executam as novas funcionalidades do produto que trabalho. <strong>Sensacional!!!!<\/strong><\/p>\n<p><strong>Aquele momento que voc\u00ea para e reflete sobre sua trajet\u00f3ria e agradece mentalmente a todos que participaram dela!!!<\/strong><\/p>\n<p>O m\u00ednimo que posso fazer \u00e9 ir at\u00e9 l\u00e1 e absorver o m\u00e1ximo de conhecimento poss\u00edvel, seja com as palestras ou com os outros participantes do mundo inteiro, para futuramente compartilhar essas informa\u00e7\u00f5es com voc\u00eas. As palestras s\u00e3o NDA (n\u00e3o podemos falar sobre elas agora), mas quando os assuntos forem liberados para o p\u00fablico, contem comigo para passar esses conhecimentos para voc\u00eas.<\/p>\n<p>Vamos aproveitar e fazer aquela aula pr\u00e1tica de ingl\u00eas nos dias que tivermos por l\u00e1.<\/p>\n<p>Se quiser acompanhar as fotos dessa minha jornada e conhecer um pouco do campus da microsoft em Redmond, segue meu Instagran: <a href=\"https:\/\/www.instagram.com\/fabriciofrancalima\/\" target=\"_blank\" rel=\"noopener\">https:\/\/www.instagram.com\/fabriciofrancalima\/<\/a><\/p>\n<p>Abra\u00e7os,<\/p>\n<p>Fabr\u00edcio Lima<\/p>\n<p>Microsoft Data Platform MVP<\/p>\n","protected":false},"excerpt":{"rendered":"<p>Fala Pessoal, No dia 01\/03\/2017 recebi aquele e-mail que te faz parar tudo o que estava fazendo e te deixa sem fazer mais nada pelo resto do dia: [Novo E-mail] Parab\u00e9ns, 2017 Microsoft MVP! Hoje, exatamente um ano depois, estou embarcando para Seattle para participar do MVP Global Summit, o que considero ser o maior [&hellip;]<\/p>\n","protected":false},"author":1,"featured_media":0,"comment_status":"open","ping_status":"open","sticky":false,"template":"","format":"standard","meta":{"_exactmetrics_skip_tracking":false,"_exactmetrics_sitenote_active":false,"_exactmetrics_sitenote_note":"","_exactmetrics_sitenote_category":0,"footnotes":""},"categories":[5,8,12],"tags":[1615,789,1614],"class_list":["post-8860","post","type-post","status-publish","format-standard","hentry","category-carreira","category-eventos","category-noticias","tag-global-mvp-summit","tag-mvp","tag-mvpsummit"],"post_mailing_queue_ids":[],"_links":{"self":[{"href":"https:\/\/fabriciolima.net\/blog\/wp-json\/wp\/v2\/posts\/8860","targetHints":{"allow":["GET"]}}],"collection":[{"href":"https:\/\/fabriciolima.net\/blog\/wp-json\/wp\/v2\/posts"}],"about":[{"href":"https:\/\/fabriciolima.net\/blog\/wp-json\/wp\/v2\/types\/post"}],"author":[{"embeddable":true,"href":"https:\/\/fabriciolima.net\/blog\/wp-json\/wp\/v2\/users\/1"}],"replies":[{"embeddable":true,"href":"https:\/\/fabriciolima.net\/blog\/wp-json\/wp\/v2\/comments?post=8860"}],"version-history":[{"count":5,"href":"https:\/\/fabriciolima.net\/blog\/wp-json\/wp\/v2\/posts\/8860\/revisions"}],"predecessor-version":[{"id":8868,"href":"https:\/\/fabriciolima.net\/blog\/wp-json\/wp\/v2\/posts\/8860\/revisions\/8868"}],"wp:attachment":[{"href":"https:\/\/fabriciolima.net\/blog\/wp-json\/wp\/v2\/media?parent=8860"}],"wp:term":[{"taxonomy":"category","embeddable":true,"href":"https:\/\/fabriciolima.net\/blog\/wp-json\/wp\/v2\/categories?post=8860"},{"taxonomy":"post_tag","embeddable":true,"href":"https:\/\/fabriciolima.net\/blog\/wp-json\/wp\/v2\/tags?post=8860"}],"curies":[{"name":"wp","href":"https:\/\/api.w.org\/{rel}","templated":true}]}}