{"id":8849,"date":"2018-02-27T14:20:55","date_gmt":"2018-02-27T17:20:55","guid":{"rendered":"http:\/\/www.fabriciolima.net\/?p=8849"},"modified":"2018-02-27T14:20:55","modified_gmt":"2018-02-27T17:20:55","slug":"mvp-national-conference-2018","status":"publish","type":"post","link":"https:\/\/fabriciolima.net\/blog\/2018\/02\/27\/mvp-national-conference-2018\/","title":{"rendered":"MVP National Conference 2018"},"content":{"rendered":"<p><img loading=\"lazy\" decoding=\"async\" class=\" wp-image-8851 aligncenter\" src=\"https:\/\/www.fabriciolima.net\/blog\/wp-content\/uploads\/2018\/02\/MVPconference.png\" alt=\"\" width=\"666\" height=\"349\" srcset=\"https:\/\/fabriciolima.net\/blog\/wp-content\/uploads\/2018\/02\/MVPconference.png 774w, https:\/\/fabriciolima.net\/blog\/wp-content\/uploads\/2018\/02\/MVPconference-300x157.png 300w, https:\/\/fabriciolima.net\/blog\/wp-content\/uploads\/2018\/02\/MVPconference-768x403.png 768w, https:\/\/fabriciolima.net\/blog\/wp-content\/uploads\/2018\/02\/MVPconference-700x367.png 700w, https:\/\/fabriciolima.net\/blog\/wp-content\/uploads\/2018\/02\/MVPconference-410x215.png 410w, https:\/\/fabriciolima.net\/blog\/wp-content\/uploads\/2018\/02\/MVPconference-100x52.png 100w, https:\/\/fabriciolima.net\/blog\/wp-content\/uploads\/2018\/02\/MVPconference-275x144.png 275w, https:\/\/fabriciolima.net\/blog\/wp-content\/uploads\/2018\/02\/MVPconference-20x10.png 20w\" sizes=\"auto, (max-width: 666px) 100vw, 666px\" \/><\/p>\n<p>Fala Galerinha, tudo certo?<\/p>\n<p>Em nosso \u00faltimo encontro de MVPs, algumas pessoas tiveram a brilhante ideia de fazer um evento para entregar uma grande oportunidade de aprendizado para voc\u00eas. Da\u00ed nasceu o <strong>MVP National Conference<\/strong>.<\/p>\n<p><strong>Quando e onde ser\u00e1 o evento Fabr\u00edcio?<\/strong><\/p>\n<p>O evento acontecer\u00e1 nos dias 06 e 07 de Abril na UNIP Tatuap\u00e9 (mesmo local do SQL Saturday S\u00e3o Paulo).<\/p>\n<p><strong>Esse \u00e9 um evento s\u00f3 de SQL Server?<\/strong><\/p>\n<p>N\u00e3o. O evento envolve MVPs de todas as categorias. Ou seja, se voc\u00ea trabalha com TI, vai ter uma palestra boa para te agregar novos conhecimentos.<\/p>\n<p>Seguem as palestras separadas por categorias: <a href=\"https:\/\/mvpconf.com.br\/#portfolio\">Palestras MVPconf<\/a><\/p>\n<p>Al\u00e9m das palestras, \u00e9 outra grande oportunidade de Networking para sua carreira.<\/p>\n<p><strong>Como posso me inscrever?<\/strong><\/p>\n<p>Segue o link de inscri\u00e7\u00e3o: <a href=\"https:\/\/www.sympla.com.br\/microsoft-mvp-conference__246657\" target=\"_blank\" rel=\"noopener\">Inscri\u00e7\u00e3o MVPconf<\/a><\/p>\n<p><strong>Mas Fabr\u00edcio, \u00e9 pago? Evento de MVP n\u00e3o deveria ser gr\u00e1tis?<\/strong><\/p>\n<p>Al\u00e9m de ajudar voc\u00eas com conhecimento, tamb\u00e9m queremos ao mesmo tempo ajudar a APAE. Toda verba do evento ser\u00e1 destinada a APAE. Os palestrantes de v\u00e1rios lugares do Brasil v\u00e3o arcar com seus pr\u00f3prios custos de hospedagem e passagem para estar presente nesse evento.<\/p>\n<p>Conto com voc\u00eas para bater nossa meta ousada de <strong>1000 participantes<\/strong>!!! Al\u00e9m de n\u00f3s, a APAE ficar\u00e1 muito feliz com sua presen\u00e7a.<\/p>\n<p><strong>Fabr\u00edcio, gosto do seu blog, vou conseguir te encontrar l\u00e1 para te conhecer pessoalmente?<\/strong><\/p>\n<p>Yes!!! Vou fazer uma palestra r\u00e1pida de <strong>Azure SQL Database<\/strong>. Teremos bastante tempo para conversar nesses 2 dias.<\/p>\n<p><img loading=\"lazy\" decoding=\"async\" class=\"wp-image-8853 aligncenter\" src=\"https:\/\/www.fabriciolima.net\/blog\/wp-content\/uploads\/2018\/02\/MVPconference_palestra.png\" alt=\"\" width=\"900\" height=\"378\" srcset=\"https:\/\/fabriciolima.net\/blog\/wp-content\/uploads\/2018\/02\/MVPconference_palestra.png 1389w, https:\/\/fabriciolima.net\/blog\/wp-content\/uploads\/2018\/02\/MVPconference_palestra-300x126.png 300w, https:\/\/fabriciolima.net\/blog\/wp-content\/uploads\/2018\/02\/MVPconference_palestra-1024x430.png 1024w, https:\/\/fabriciolima.net\/blog\/wp-content\/uploads\/2018\/02\/MVPconference_palestra-768x322.png 768w, https:\/\/fabriciolima.net\/blog\/wp-content\/uploads\/2018\/02\/MVPconference_palestra-700x294.png 700w, https:\/\/fabriciolima.net\/blog\/wp-content\/uploads\/2018\/02\/MVPconference_palestra-410x172.png 410w, https:\/\/fabriciolima.net\/blog\/wp-content\/uploads\/2018\/02\/MVPconference_palestra-100x42.png 100w, https:\/\/fabriciolima.net\/blog\/wp-content\/uploads\/2018\/02\/MVPconference_palestra-275x115.png 275w, https:\/\/fabriciolima.net\/blog\/wp-content\/uploads\/2018\/02\/MVPconference_palestra-20x8.png 20w\" sizes=\"auto, (max-width: 900px) 100vw, 900px\" \/><\/p>\n<p>&nbsp;<\/p>\n<p><b>Gostou da dica?<\/b><\/p>\n<p>Curta, comente, compartilhe com os coleguinhas\u2026<\/p>\n<p>Assine meu canal no\u00a0<a class=\"external-link wpel-icon-left\" href=\"https:\/\/www.youtube.com\/channel\/UCeBRAO_LLrUdSrOXIywjzRA\" target=\"_blank\" rel=\"external noopener noreferrer nofollow\" data-wpel-link=\"external\">Youtube<\/a>\u00a0e curta minha\u00a0<a class=\"external-link wpel-icon-left\" href=\"https:\/\/www.facebook.com\/FabricioLimaSolucoesemBancodeDados\/\" target=\"_blank\" rel=\"external noopener noreferrer nofollow\" data-wpel-link=\"external\">P\u00e1gina no Facebook<\/a>\u00a0para receber Dicas de Leituras e Eventos sobre SQL Server.<\/p>\n<p>Abra\u00e7os,<\/p>\n<p>Fabr\u00edcio Lima<\/p>\n<p>Microsoft Data Platform MVP<\/p>\n<p>Consultor e Instrutor SQL Server<\/p>\n<p>Trabalha com SQL Server desde 2006<\/p>\n","protected":false},"excerpt":{"rendered":"<p>Fala Galerinha, tudo certo? Em nosso \u00faltimo encontro de MVPs, algumas pessoas tiveram a brilhante ideia de fazer um evento para entregar uma grande oportunidade de aprendizado para voc\u00eas. Da\u00ed nasceu o MVP National Conference. Quando e onde ser\u00e1 o evento Fabr\u00edcio? O evento acontecer\u00e1 nos dias 06 e 07 de Abril na UNIP Tatuap\u00e9 [&hellip;]<\/p>\n","protected":false},"author":1,"featured_media":0,"comment_status":"open","ping_status":"open","sticky":false,"template":"","format":"standard","meta":{"_exactmetrics_skip_tracking":false,"_exactmetrics_sitenote_active":false,"_exactmetrics_sitenote_note":"","_exactmetrics_sitenote_category":0,"footnotes":""},"categories":[5,8,12],"tags":[789,1612,1613,1611,1610],"class_list":["post-8849","post","type-post","status-publish","format-standard","hentry","category-carreira","category-eventos","category-noticias","tag-mvp","tag-mvp-conf","tag-mvp-national-conference","tag-mvpbuzz","tag-mvpconference"],"post_mailing_queue_ids":[],"_links":{"self":[{"href":"https:\/\/fabriciolima.net\/blog\/wp-json\/wp\/v2\/posts\/8849","targetHints":{"allow":["GET"]}}],"collection":[{"href":"https:\/\/fabriciolima.net\/blog\/wp-json\/wp\/v2\/posts"}],"about":[{"href":"https:\/\/fabriciolima.net\/blog\/wp-json\/wp\/v2\/types\/post"}],"author":[{"embeddable":true,"href":"https:\/\/fabriciolima.net\/blog\/wp-json\/wp\/v2\/users\/1"}],"replies":[{"embeddable":true,"href":"https:\/\/fabriciolima.net\/blog\/wp-json\/wp\/v2\/comments?post=8849"}],"version-history":[{"count":3,"href":"https:\/\/fabriciolima.net\/blog\/wp-json\/wp\/v2\/posts\/8849\/revisions"}],"predecessor-version":[{"id":8855,"href":"https:\/\/fabriciolima.net\/blog\/wp-json\/wp\/v2\/posts\/8849\/revisions\/8855"}],"wp:attachment":[{"href":"https:\/\/fabriciolima.net\/blog\/wp-json\/wp\/v2\/media?parent=8849"}],"wp:term":[{"taxonomy":"category","embeddable":true,"href":"https:\/\/fabriciolima.net\/blog\/wp-json\/wp\/v2\/categories?post=8849"},{"taxonomy":"post_tag","embeddable":true,"href":"https:\/\/fabriciolima.net\/blog\/wp-json\/wp\/v2\/tags?post=8849"}],"curies":[{"name":"wp","href":"https:\/\/api.w.org\/{rel}","templated":true}]}}