{"id":854,"date":"2011-05-30T21:57:07","date_gmt":"2011-05-30T23:57:07","guid":{"rendered":"http:\/\/fabriciolima.net\/blog\/?p=854"},"modified":"2016-07-23T23:15:58","modified_gmt":"2016-07-24T02:15:58","slug":"marilia-techday-2011-eu-vou","status":"publish","type":"post","link":"https:\/\/fabriciolima.net\/blog\/2011\/05\/30\/marilia-techday-2011-eu-vou\/","title":{"rendered":"Mar\u00edlia TechDay 2011, Eu Vou!"},"content":{"rendered":"<p>Fala Pessoal,<\/p>\n<p>Segue um programa para o pr\u00f3ximo s\u00e1bado(04\/06) para a galera de Mar\u00edlia e Regi\u00e3o.<\/p>\n<p>Est\u00e3o abertas as incri\u00e7\u00f5es para o Mar\u00edlia TechDay 2011: <a href=\"http:\/\/marilia.techday.inf.br\/Inscricoes\" target=\"_blank\">Inscri\u00e7\u00f5es Aqui<\/a>.<\/p>\n<p>Eu sairei de Vit\u00f3ria-ES para S\u00e3o Paulo e depois pegarei 5 horas de bus\u00e3o para Mar\u00edlia, ent\u00e3o voc\u00ea que \u00e9 da regi\u00e3o, n\u00e3o pode perder. O evento \u00e9 de gra\u00e7a, mas<strong> levem 1 kg de alimento que ser\u00e1 doado<\/strong>.<\/p>\n<p>Mas Fabr\u00edcio, voc\u00ea vai sair de Vit\u00f3ria para S\u00e3o Paulo s\u00f3 para assistir algumas palestras? Baixa uns webcasts na internet que \u00e9 mais barato!!! rsrs&#8230;<\/p>\n<p>Al\u00e9m das 17 palestras com excelentes temas, teremos um networking muito grande com outros profissionais SQL Server (muitos dos melhores do pa\u00eds) e isso voc\u00ea n\u00e3o consegue assistindo um Webcast.\u00a0 Levarei uma penca de d\u00favidas para tirar com esses caras e de quebra ainda conhe\u00e7o um pouco de S\u00e3o Paulo e Mar\u00edlia.<\/p>\n<p>At\u00e9 l\u00e1 para quem for.<\/p>\n<p><b>Gostou desse Post?<\/b><\/p>\n<p>Cadastre seu e-mail para receber novos Posts e curta minha <a href=\"https:\/\/www.facebook.com\/FabricioLimaSolucoesemBancodeDados\/\" target=\"_blank\">P\u00e1gina no Facebook<\/a> para receber Dicas de Leituras e Eventos sobre SQL Server.<\/p>\n<p>Abra\u00e7os,<\/p>\n<p>Fabr\u00edcio Lima<\/p>\n<p>MCITP \u2013 Database Administrator<\/p>\n<p>Consultor e Instrutor SQL Server<\/p>\n<p>Trabalha com SQL Server desde 2006<\/p>\n","protected":false},"excerpt":{"rendered":"<p>Fala Pessoal, Segue um programa para o pr\u00f3ximo s\u00e1bado(04\/06) para a galera de Mar\u00edlia e Regi\u00e3o. Est\u00e3o abertas as incri\u00e7\u00f5es para o Mar\u00edlia TechDay 2011: Inscri\u00e7\u00f5es Aqui. Eu sairei de Vit\u00f3ria-ES para S\u00e3o Paulo e depois pegarei 5 horas de bus\u00e3o para Mar\u00edlia, ent\u00e3o voc\u00ea que \u00e9 da regi\u00e3o, n\u00e3o pode perder. O evento \u00e9 [&hellip;]<\/p>\n","protected":false},"author":1,"featured_media":0,"comment_status":"open","ping_status":"open","sticky":false,"template":"","format":"standard","meta":{"_exactmetrics_skip_tracking":false,"_exactmetrics_sitenote_active":false,"_exactmetrics_sitenote_note":"","_exactmetrics_sitenote_category":0,"footnotes":""},"categories":[5,8],"tags":[5,23,219,347,30,62,348,49,33],"class_list":["post-854","post","type-post","status-publish","format-standard","hentry","category-carreira","category-eventos","tag-carreira","tag-dba","tag-eventos-microsoft","tag-eventos-sql-server","tag-microsoft","tag-palestra","tag-palestras-sql-server","tag-sql","tag-sql-server"],"post_mailing_queue_ids":[],"_links":{"self":[{"href":"https:\/\/fabriciolima.net\/blog\/wp-json\/wp\/v2\/posts\/854","targetHints":{"allow":["GET"]}}],"collection":[{"href":"https:\/\/fabriciolima.net\/blog\/wp-json\/wp\/v2\/posts"}],"about":[{"href":"https:\/\/fabriciolima.net\/blog\/wp-json\/wp\/v2\/types\/post"}],"author":[{"embeddable":true,"href":"https:\/\/fabriciolima.net\/blog\/wp-json\/wp\/v2\/users\/1"}],"replies":[{"embeddable":true,"href":"https:\/\/fabriciolima.net\/blog\/wp-json\/wp\/v2\/comments?post=854"}],"version-history":[{"count":0,"href":"https:\/\/fabriciolima.net\/blog\/wp-json\/wp\/v2\/posts\/854\/revisions"}],"wp:attachment":[{"href":"https:\/\/fabriciolima.net\/blog\/wp-json\/wp\/v2\/media?parent=854"}],"wp:term":[{"taxonomy":"category","embeddable":true,"href":"https:\/\/fabriciolima.net\/blog\/wp-json\/wp\/v2\/categories?post=854"},{"taxonomy":"post_tag","embeddable":true,"href":"https:\/\/fabriciolima.net\/blog\/wp-json\/wp\/v2\/tags?post=854"}],"curies":[{"name":"wp","href":"https:\/\/api.w.org\/{rel}","templated":true}]}}