{"id":8376,"date":"2017-11-13T11:02:11","date_gmt":"2017-11-13T13:02:11","guid":{"rendered":"http:\/\/www.fabriciolima.net\/?p=8376"},"modified":"2017-11-13T12:46:26","modified_gmt":"2017-11-13T14:46:26","slug":"sqlsaturday-salvador","status":"publish","type":"post","link":"https:\/\/fabriciolima.net\/blog\/2017\/11\/13\/sqlsaturday-salvador\/","title":{"rendered":"Partiu Salvador &#8211; SQL Saturday 677"},"content":{"rendered":"<p><img loading=\"lazy\" decoding=\"async\" class=\"wp-image-8378 aligncenter\" src=\"https:\/\/www.fabriciolima.net\/blog\/wp-content\/uploads\/2017\/11\/SATSalvador.jpg\" alt=\"\" width=\"621\" height=\"389\" srcset=\"https:\/\/fabriciolima.net\/blog\/wp-content\/uploads\/2017\/11\/SATSalvador.jpg 1200w, https:\/\/fabriciolima.net\/blog\/wp-content\/uploads\/2017\/11\/SATSalvador-300x188.jpg 300w, https:\/\/fabriciolima.net\/blog\/wp-content\/uploads\/2017\/11\/SATSalvador-1024x640.jpg 1024w, https:\/\/fabriciolima.net\/blog\/wp-content\/uploads\/2017\/11\/SATSalvador-768x480.jpg 768w, https:\/\/fabriciolima.net\/blog\/wp-content\/uploads\/2017\/11\/SATSalvador-700x438.jpg 700w, https:\/\/fabriciolima.net\/blog\/wp-content\/uploads\/2017\/11\/SATSalvador-410x256.jpg 410w, https:\/\/fabriciolima.net\/blog\/wp-content\/uploads\/2017\/11\/SATSalvador-100x63.jpg 100w, https:\/\/fabriciolima.net\/blog\/wp-content\/uploads\/2017\/11\/SATSalvador-275x172.jpg 275w, https:\/\/fabriciolima.net\/blog\/wp-content\/uploads\/2017\/11\/SATSalvador-20x13.jpg 20w\" sizes=\"auto, (max-width: 621px) 100vw, 621px\" \/><\/p>\n<p>Ol\u00e1 Pessoal,<\/p>\n<p>A pr\u00f3xima parada da comunidade SQL Server ser\u00e1 em <strong>Salvador<\/strong> no pr\u00f3ximo <strong>s\u00e1bado dia 18\/11.<\/strong><\/p>\n<p>Palestrantes de v\u00e1rios lugares do Brasil \u00e0\u00a0disposi\u00e7\u00e3o de voc\u00eas com todas essas palestras abaixo:<\/p>\n<p><a href=\"http:\/\/www.sqlsaturday.com\/677\/Sessions\/Schedule.aspx\" target=\"_blank\" rel=\"noopener\">http:\/\/www.sqlsaturday.com\/677\/Sessions\/Schedule.aspx<\/a><\/p>\n<p>Vou levar para Salvador minha palestra sobre <strong>\u00edndices<\/strong> que o pessoal tem gostado bastante.<\/p>\n<p>Se\u00a0n\u00e3o conhece <strong>\u00edndices no SQL Server<\/strong> ou\u00a0tem d\u00favidas em alguns conceitos, n\u00e3o deixe de aparecer l\u00e1 \u00e0s <strong>14:30h<\/strong> na minha sala.<\/p>\n<p>Al\u00e9m das palestras, o networking com profissionais de todo o Brasil \u00e9 sensacional.<\/p>\n<p>Segue o link para realizar a inscri\u00e7\u00e3o:\u00a0<a href=\"http:\/\/www.sqlsaturday.com\/677\/eventhome.aspx\" target=\"_blank\" rel=\"noopener\">http:\/\/www.sqlsaturday.com\/677\/eventhome.aspx<\/a><\/p>\n<p>Mais uma vez a <strong>Fabr\u00edcio Lima Solu\u00e7\u00f5es em BD<\/strong> \u00e9 patrocinadora de um SQL Saturday para apoiar na realiza\u00e7\u00e3o desse grande evento.<\/p>\n<p>Nos vemos por l\u00e1!!!<\/p>\n<p>Abra\u00e7os,<\/p>\n<p>Fabr\u00edcio Lima<\/p>\n<p>MCITP \u2013 Database Administrator<\/p>\n<p>Consultor e Instrutor SQL Server<\/p>\n<p>Trabalha com SQL Server desde 2006<\/p>\n","protected":false},"excerpt":{"rendered":"<p>Ol\u00e1 Pessoal, A pr\u00f3xima parada da comunidade SQL Server ser\u00e1 em Salvador no pr\u00f3ximo s\u00e1bado dia 18\/11. Palestrantes de v\u00e1rios lugares do Brasil \u00e0\u00a0disposi\u00e7\u00e3o de voc\u00eas com todas essas palestras abaixo: http:\/\/www.sqlsaturday.com\/677\/Sessions\/Schedule.aspx Vou levar para Salvador minha palestra sobre \u00edndices que o pessoal tem gostado bastante. Se\u00a0n\u00e3o conhece \u00edndices no SQL Server ou\u00a0tem d\u00favidas em [&hellip;]<\/p>\n","protected":false},"author":1,"featured_media":0,"comment_status":"open","ping_status":"open","sticky":false,"template":"","format":"standard","meta":{"_exactmetrics_skip_tracking":false,"_exactmetrics_sitenote_active":false,"_exactmetrics_sitenote_note":"","_exactmetrics_sitenote_category":0,"footnotes":""},"categories":[8,12],"tags":[1588,1586,1587,452,790],"class_list":["post-8376","post","type-post","status-publish","format-standard","hentry","category-eventos","category-noticias","tag-sql-saturday-salvador","tag-sqlsat677","tag-sqlsatba","tag-sqlsaturday","tag-sqlserver"],"post_mailing_queue_ids":[],"_links":{"self":[{"href":"https:\/\/fabriciolima.net\/blog\/wp-json\/wp\/v2\/posts\/8376","targetHints":{"allow":["GET"]}}],"collection":[{"href":"https:\/\/fabriciolima.net\/blog\/wp-json\/wp\/v2\/posts"}],"about":[{"href":"https:\/\/fabriciolima.net\/blog\/wp-json\/wp\/v2\/types\/post"}],"author":[{"embeddable":true,"href":"https:\/\/fabriciolima.net\/blog\/wp-json\/wp\/v2\/users\/1"}],"replies":[{"embeddable":true,"href":"https:\/\/fabriciolima.net\/blog\/wp-json\/wp\/v2\/comments?post=8376"}],"version-history":[{"count":0,"href":"https:\/\/fabriciolima.net\/blog\/wp-json\/wp\/v2\/posts\/8376\/revisions"}],"wp:attachment":[{"href":"https:\/\/fabriciolima.net\/blog\/wp-json\/wp\/v2\/media?parent=8376"}],"wp:term":[{"taxonomy":"category","embeddable":true,"href":"https:\/\/fabriciolima.net\/blog\/wp-json\/wp\/v2\/categories?post=8376"},{"taxonomy":"post_tag","embeddable":true,"href":"https:\/\/fabriciolima.net\/blog\/wp-json\/wp\/v2\/tags?post=8376"}],"curies":[{"name":"wp","href":"https:\/\/api.w.org\/{rel}","templated":true}]}}