{"id":7901,"date":"2017-06-05T09:52:22","date_gmt":"2017-06-05T12:52:22","guid":{"rendered":"http:\/\/www.fabriciolima.net\/?p=7901"},"modified":"2017-06-05T09:52:22","modified_gmt":"2017-06-05T12:52:22","slug":"2o-encontro-do-chapter-sql-server-es","status":"publish","type":"post","link":"https:\/\/fabriciolima.net\/blog\/2017\/06\/05\/2o-encontro-do-chapter-sql-server-es\/","title":{"rendered":"2\u00ba Encontro do Chapter SQL Server ES"},"content":{"rendered":"<p><img loading=\"lazy\" decoding=\"async\" class=\"wp-image-7905 aligncenter\" src=\"https:\/\/www.fabriciolima.net\/blog\/wp-content\/uploads\/2017\/06\/2encontro-SQLServerES.jpg\" alt=\"\" width=\"380\" height=\"482\" srcset=\"https:\/\/fabriciolima.net\/blog\/wp-content\/uploads\/2017\/06\/2encontro-SQLServerES.jpg 1200w, https:\/\/fabriciolima.net\/blog\/wp-content\/uploads\/2017\/06\/2encontro-SQLServerES-237x300.jpg 237w, https:\/\/fabriciolima.net\/blog\/wp-content\/uploads\/2017\/06\/2encontro-SQLServerES-808x1024.jpg 808w, https:\/\/fabriciolima.net\/blog\/wp-content\/uploads\/2017\/06\/2encontro-SQLServerES-768x973.jpg 768w, https:\/\/fabriciolima.net\/blog\/wp-content\/uploads\/2017\/06\/2encontro-SQLServerES-700x887.jpg 700w, https:\/\/fabriciolima.net\/blog\/wp-content\/uploads\/2017\/06\/2encontro-SQLServerES-410x520.jpg 410w, https:\/\/fabriciolima.net\/blog\/wp-content\/uploads\/2017\/06\/2encontro-SQLServerES-100x127.jpg 100w, https:\/\/fabriciolima.net\/blog\/wp-content\/uploads\/2017\/06\/2encontro-SQLServerES-275x349.jpg 275w, https:\/\/fabriciolima.net\/blog\/wp-content\/uploads\/2017\/06\/2encontro-SQLServerES-16x20.jpg 16w\" sizes=\"auto, (max-width: 380px) 100vw, 380px\" \/><\/p>\n<p>&nbsp;<\/p>\n<p>Fala Pessoal,<\/p>\n<p>Passando aqui para relembrar a todos que no pr\u00f3ximo s\u00e1bado teremos o segundo encontro do Chapter SQL Server ES.<\/p>\n<p><strong>Teremos 2 palestras dessa vez:<\/strong><\/p>\n<ul>\n<li><a class=\"wpel-icon-left\" href=\"https:\/\/www.dirceuresende.com\/blog\" target=\"_blank\" rel=\"nofollow external noopener noreferrer\" data-wpel-link=\"external\">Dirceu Resende<\/a>\u00a0&#8211;\u00a0Escrevendo queries r\u00e1pidas no SQL Server<\/li>\n<li><a class=\"wpel-icon-left\" href=\"http:\/\/www.vssti.com.br\/blog\/\" target=\"_blank\" rel=\"nofollow external noopener noreferrer\" data-wpel-link=\"external\">Vithor Silva<\/a>\u00a0\u00a0&#8211; Introdu\u00e7\u00e3o ao Self-Service BI com Power BI<\/li>\n<\/ul>\n<p><strong>Seguem abaixo, mais detalhes sobre o evento:<\/strong><\/p>\n<p>Data: 10\/06\/2017 (s\u00e1bado)<br \/>\nHor\u00e1rio: 08:00h \u00e0s 11:30h<br \/>\nLocal: Centro Universit\u00e1rio Cat\u00f3lico de Vit\u00f3ria \u2013 Antiga Faculdade Cat\u00f3lica Salesiana (<a class=\"wpel-icon-left\" href=\"http:\/\/www.ucv.edu.br\/\" target=\"_blank\" rel=\"nofollow external noopener noreferrer\" data-wpel-link=\"external\">link aqui<\/a>)<br \/>\nEndere\u00e7o: Av Vit\u00f3ria, 950, Forte S\u00e3o Jo\u00e3o, Vit\u00f3ria, ES (<a class=\"wpel-icon-left\" href=\"https:\/\/goo.gl\/maps\/QXTBUpLKrBJ2\" target=\"_blank\" rel=\"nofollow external noopener noreferrer\" data-wpel-link=\"external\">visualizar localiza\u00e7\u00e3o<\/a>)<\/p>\n<p>Fa\u00e7a a sua inscri\u00e7\u00e3o <strong>gratuita<\/strong> <a class=\"wpel-icon-left\" href=\"https:\/\/www.eventbrite.com.br\/e\/2o-encontro-do-chapter-sql-server-es-tickets-34395926141?aff=es2\" target=\"_blank\" rel=\"nofollow external noopener noreferrer\" data-wpel-link=\"external\">clicando neste link aqui<\/a><\/p>\n<p>Para essa reuni\u00e3o, palestrante Vithor conseguiu alguns brindes bem legais com patrocinadores. Para participar deixe seus dados neste formul\u00e1rio abaixo, permitindo que os patrocinadores possam entrar em contato\u00a0com voc\u00eas.<\/p>\n<p>\u00c9 claro que s\u00f3 vai ganhar quem tiver presente no momento do sorteio.<\/p>\n<p>At\u00e9 o pr\u00f3ximo s\u00e1bado!!!<\/p>\n<p><iframe loading=\"lazy\" width=\"760\" height=\"500\" src=\"https:\/\/docs.google.com\/forms\/d\/e\/1FAIpQLSf8wXHJwA6kwdwm17z3pQOPyRhPXinshfDtUNzNLX70C1oJFQ\/viewform?embedded=true\" frameborder=\"0\" marginheight=\"0\" marginwidth=\"0\">Loading&#8230;<\/iframe><\/p>\n","protected":false},"excerpt":{"rendered":"<p>&nbsp; Fala Pessoal, Passando aqui para relembrar a todos que no pr\u00f3ximo s\u00e1bado teremos o segundo encontro do Chapter SQL Server ES. Teremos 2 palestras dessa vez: Dirceu Resende\u00a0&#8211;\u00a0Escrevendo queries r\u00e1pidas no SQL Server Vithor Silva\u00a0\u00a0&#8211; Introdu\u00e7\u00e3o ao Self-Service BI com Power BI Seguem abaixo, mais detalhes sobre o evento: Data: 10\/06\/2017 (s\u00e1bado) Hor\u00e1rio: 08:00h [&hellip;]<\/p>\n","protected":false},"author":1,"featured_media":0,"comment_status":"open","ping_status":"open","sticky":false,"template":"","format":"standard","meta":{"_exactmetrics_skip_tracking":false,"_exactmetrics_sitenote_active":false,"_exactmetrics_sitenote_note":"","_exactmetrics_sitenote_category":0,"footnotes":""},"categories":[8],"tags":[1537,1485,1486,468,104,1538],"class_list":["post-7901","post","type-post","status-publish","format-standard","hentry","category-eventos","tag-chapter-sql-server-es","tag-palestra-sql-server","tag-sql-server-es","tag-sql-server-vitoria","tag-sqlpass","tag-sqlserveres"],"post_mailing_queue_ids":[],"_links":{"self":[{"href":"https:\/\/fabriciolima.net\/blog\/wp-json\/wp\/v2\/posts\/7901","targetHints":{"allow":["GET"]}}],"collection":[{"href":"https:\/\/fabriciolima.net\/blog\/wp-json\/wp\/v2\/posts"}],"about":[{"href":"https:\/\/fabriciolima.net\/blog\/wp-json\/wp\/v2\/types\/post"}],"author":[{"embeddable":true,"href":"https:\/\/fabriciolima.net\/blog\/wp-json\/wp\/v2\/users\/1"}],"replies":[{"embeddable":true,"href":"https:\/\/fabriciolima.net\/blog\/wp-json\/wp\/v2\/comments?post=7901"}],"version-history":[{"count":0,"href":"https:\/\/fabriciolima.net\/blog\/wp-json\/wp\/v2\/posts\/7901\/revisions"}],"wp:attachment":[{"href":"https:\/\/fabriciolima.net\/blog\/wp-json\/wp\/v2\/media?parent=7901"}],"wp:term":[{"taxonomy":"category","embeddable":true,"href":"https:\/\/fabriciolima.net\/blog\/wp-json\/wp\/v2\/categories?post=7901"},{"taxonomy":"post_tag","embeddable":true,"href":"https:\/\/fabriciolima.net\/blog\/wp-json\/wp\/v2\/tags?post=7901"}],"curies":[{"name":"wp","href":"https:\/\/api.w.org\/{rel}","templated":true}]}}