{"id":7739,"date":"2017-04-24T08:18:14","date_gmt":"2017-04-24T11:18:14","guid":{"rendered":"http:\/\/www.fabriciolima.net\/?p=7739"},"modified":"2017-04-25T12:19:51","modified_gmt":"2017-04-25T15:19:51","slug":"como-foi-o-global-azure-bootcamp-em-bh","status":"publish","type":"post","link":"https:\/\/fabriciolima.net\/blog\/2017\/04\/24\/como-foi-o-global-azure-bootcamp-em-bh\/","title":{"rendered":"Como foi o Global Azure Bootcamp em BH"},"content":{"rendered":"<p><img loading=\"lazy\" decoding=\"async\" class=\" wp-image-7740 aligncenter\" src=\"https:\/\/www.fabriciolima.net\/blog\/wp-content\/uploads\/2017\/04\/Participantes1jpeg.jpeg\" alt=\"\" width=\"514\" height=\"240\" srcset=\"https:\/\/fabriciolima.net\/blog\/wp-content\/uploads\/2017\/04\/Participantes1jpeg.jpeg 642w, https:\/\/fabriciolima.net\/blog\/wp-content\/uploads\/2017\/04\/Participantes1jpeg-300x140.jpeg 300w, https:\/\/fabriciolima.net\/blog\/wp-content\/uploads\/2017\/04\/Participantes1jpeg-410x192.jpeg 410w, https:\/\/fabriciolima.net\/blog\/wp-content\/uploads\/2017\/04\/Participantes1jpeg-100x47.jpeg 100w, https:\/\/fabriciolima.net\/blog\/wp-content\/uploads\/2017\/04\/Participantes1jpeg-275x129.jpeg 275w, https:\/\/fabriciolima.net\/blog\/wp-content\/uploads\/2017\/04\/Participantes1jpeg-20x9.jpeg 20w\" sizes=\"auto, (max-width: 514px) 100vw, 514px\" \/><\/p>\n<p>Fala Pessoal,<\/p>\n<p>Passando aqui rapidamente s\u00f3 para registrar como foi o evento Global Azure Bootcamp em BH.<\/p>\n<p>O evento foi muito bem organizado e contou com 4 palestras\u00a0que abordaram as \u00e1reas de DBA, DEV e INFRA. O pessoal participou bastante com perguntas em todas as palestras, bem legal.<\/p>\n<p>Na hora do almo\u00e7o, tivemos lanches do subway gr\u00e1tis para todos os participantes. Eles tamb\u00e9m ganharam um voucher de 100 d\u00f3lares para realizar testes no azure.<\/p>\n<p>Quem n\u00e3o foi perdeu&#8230; Aprendizado, networking, comida gr\u00e1tis e voucher do azure.<\/p>\n<p>Parab\u00e9ns a todos que participaram da organiza\u00e7\u00e3o do evento. Estrutura nota 10!<\/p>\n<p>O mais legal desses eventos \u00e9 conhecer pessoas novas e ter experi\u00eancias novas.<\/p>\n<p>Conheci muitas pessoas em BH. Galera super gente boa, trocamos contatos e agora tenho elas em meu Networking.\u00a0Tamb\u00e9m revi outros conhecidos e colocamos o papo em dia. Al\u00e9m disso aproveitei para fazer um turismo na cidade com a guia <a href=\"https:\/\/sulamitadantas.com.br\/\" target=\"_blank\" rel=\"noopener noreferrer\">Sulamita Dantas<\/a>.<\/p>\n<p>Segue um link para baixar o ppt das 4 apresenta\u00e7\u00f5es: <a href=\"http:\/\/sqlbh.pass.org\/en-us\/home.aspx?EventID=8062\" target=\"_blank\" rel=\"noopener noreferrer\">Download apresenta\u00e7\u00f5es<\/a><\/p>\n<p>Que venha o pr\u00f3ximo evento.<\/p>\n<p>Microsoft Azure&#8230; O que s\u00e3o? O que comem? Onde vivem? N\u00e3o perca sexta no globo reporter:<\/p>\n<p><img loading=\"lazy\" decoding=\"async\" class=\"wp-image-7748 aligncenter\" src=\"https:\/\/www.fabriciolima.net\/blog\/wp-content\/uploads\/2017\/04\/palestrabootcamp.jpg\" alt=\"\" width=\"443\" height=\"443\" srcset=\"https:\/\/fabriciolima.net\/blog\/wp-content\/uploads\/2017\/04\/palestrabootcamp.jpg 720w, https:\/\/fabriciolima.net\/blog\/wp-content\/uploads\/2017\/04\/palestrabootcamp-300x300.jpg 300w, https:\/\/fabriciolima.net\/blog\/wp-content\/uploads\/2017\/04\/palestrabootcamp-150x150.jpg 150w, https:\/\/fabriciolima.net\/blog\/wp-content\/uploads\/2017\/04\/palestrabootcamp-700x700.jpg 700w, https:\/\/fabriciolima.net\/blog\/wp-content\/uploads\/2017\/04\/palestrabootcamp-410x410.jpg 410w, https:\/\/fabriciolima.net\/blog\/wp-content\/uploads\/2017\/04\/palestrabootcamp-100x100.jpg 100w, https:\/\/fabriciolima.net\/blog\/wp-content\/uploads\/2017\/04\/palestrabootcamp-275x275.jpg 275w, https:\/\/fabriciolima.net\/blog\/wp-content\/uploads\/2017\/04\/palestrabootcamp-20x20.jpg 20w\" sizes=\"auto, (max-width: 443px) 100vw, 443px\" \/><\/p>\n<p>Aproveitei para fazer uma corrida em BH. O cidade para ter morro, ta louco:<\/p>\n<p><img loading=\"lazy\" decoding=\"async\" class=\"wp-image-7744 aligncenter\" src=\"https:\/\/www.fabriciolima.net\/blog\/wp-content\/uploads\/2017\/04\/CorridaBH.jpg\" alt=\"\" width=\"424\" height=\"424\" srcset=\"https:\/\/fabriciolima.net\/blog\/wp-content\/uploads\/2017\/04\/CorridaBH.jpg 960w, https:\/\/fabriciolima.net\/blog\/wp-content\/uploads\/2017\/04\/CorridaBH-300x300.jpg 300w, https:\/\/fabriciolima.net\/blog\/wp-content\/uploads\/2017\/04\/CorridaBH-150x150.jpg 150w, https:\/\/fabriciolima.net\/blog\/wp-content\/uploads\/2017\/04\/CorridaBH-768x768.jpg 768w, https:\/\/fabriciolima.net\/blog\/wp-content\/uploads\/2017\/04\/CorridaBH-700x700.jpg 700w, https:\/\/fabriciolima.net\/blog\/wp-content\/uploads\/2017\/04\/CorridaBH-410x410.jpg 410w, https:\/\/fabriciolima.net\/blog\/wp-content\/uploads\/2017\/04\/CorridaBH-100x100.jpg 100w, https:\/\/fabriciolima.net\/blog\/wp-content\/uploads\/2017\/04\/CorridaBH-275x275.jpg 275w, https:\/\/fabriciolima.net\/blog\/wp-content\/uploads\/2017\/04\/CorridaBH-20x20.jpg 20w\" sizes=\"auto, (max-width: 424px) 100vw, 424px\" \/><\/p>\n<p>Foto dos sobreviventes no fim do evento comigo e com o Osanam (tiramos a foto):<\/p>\n<p><img loading=\"lazy\" decoding=\"async\" class=\"wp-image-7741 aligncenter\" src=\"https:\/\/www.fabriciolima.net\/blog\/wp-content\/uploads\/2017\/04\/Participantes.jpg\" alt=\"\" width=\"435\" height=\"435\" srcset=\"https:\/\/fabriciolima.net\/blog\/wp-content\/uploads\/2017\/04\/Participantes.jpg 960w, https:\/\/fabriciolima.net\/blog\/wp-content\/uploads\/2017\/04\/Participantes-300x300.jpg 300w, https:\/\/fabriciolima.net\/blog\/wp-content\/uploads\/2017\/04\/Participantes-150x150.jpg 150w, https:\/\/fabriciolima.net\/blog\/wp-content\/uploads\/2017\/04\/Participantes-768x768.jpg 768w, https:\/\/fabriciolima.net\/blog\/wp-content\/uploads\/2017\/04\/Participantes-700x700.jpg 700w, https:\/\/fabriciolima.net\/blog\/wp-content\/uploads\/2017\/04\/Participantes-410x410.jpg 410w, https:\/\/fabriciolima.net\/blog\/wp-content\/uploads\/2017\/04\/Participantes-100x100.jpg 100w, https:\/\/fabriciolima.net\/blog\/wp-content\/uploads\/2017\/04\/Participantes-275x275.jpg 275w, https:\/\/fabriciolima.net\/blog\/wp-content\/uploads\/2017\/04\/Participantes-20x20.jpg 20w\" sizes=\"auto, (max-width: 435px) 100vw, 435px\" \/><\/p>\n<p>Rango gr\u00e1tis do subway:<\/p>\n<p><img loading=\"lazy\" decoding=\"async\" class=\"size-full wp-image-7742 aligncenter\" src=\"https:\/\/www.fabriciolima.net\/blog\/wp-content\/uploads\/2017\/04\/lancheazurebh.jpeg\" alt=\"\" width=\"239\" height=\"300\" srcset=\"https:\/\/fabriciolima.net\/blog\/wp-content\/uploads\/2017\/04\/lancheazurebh.jpeg 239w, https:\/\/fabriciolima.net\/blog\/wp-content\/uploads\/2017\/04\/lancheazurebh-100x126.jpeg 100w, https:\/\/fabriciolima.net\/blog\/wp-content\/uploads\/2017\/04\/lancheazurebh-16x20.jpeg 16w\" sizes=\"auto, (max-width: 239px) 100vw, 239px\" \/><\/p>\n<p>Na sexta-feira antes do evento tivemos o casamento do Vitor e Joice que participam ativamente da comunidade SQLBH. Felicidades ao casal!!!!<\/p>\n<p><img loading=\"lazy\" decoding=\"async\" class=\"wp-image-7746 aligncenter\" src=\"https:\/\/www.fabriciolima.net\/blog\/wp-content\/uploads\/2017\/04\/casamento.jpg\" alt=\"\" width=\"477\" height=\"318\" srcset=\"https:\/\/fabriciolima.net\/blog\/wp-content\/uploads\/2017\/04\/casamento.jpg 720w, https:\/\/fabriciolima.net\/blog\/wp-content\/uploads\/2017\/04\/casamento-300x200.jpg 300w, https:\/\/fabriciolima.net\/blog\/wp-content\/uploads\/2017\/04\/casamento-600x400.jpg 600w, https:\/\/fabriciolima.net\/blog\/wp-content\/uploads\/2017\/04\/casamento-700x467.jpg 700w, https:\/\/fabriciolima.net\/blog\/wp-content\/uploads\/2017\/04\/casamento-410x273.jpg 410w, https:\/\/fabriciolima.net\/blog\/wp-content\/uploads\/2017\/04\/casamento-100x67.jpg 100w, https:\/\/fabriciolima.net\/blog\/wp-content\/uploads\/2017\/04\/casamento-275x183.jpg 275w, https:\/\/fabriciolima.net\/blog\/wp-content\/uploads\/2017\/04\/casamento-20x13.jpg 20w, https:\/\/fabriciolima.net\/blog\/wp-content\/uploads\/2017\/04\/casamento-272x182.jpg 272w\" sizes=\"auto, (max-width: 477px) 100vw, 477px\" \/><\/p>\n<p>&nbsp;<\/p>\n<p><b>Gostou desse Post?<\/b><\/p>\n<p>Curta, comente, compartilhe com os coleguinhas\u2026<\/p>\n<p>Assine meu canal no <a class=\"external-link wpel-icon-left\" href=\"https:\/\/www.youtube.com\/channel\/UCeBRAO_LLrUdSrOXIywjzRA\" target=\"_blank\" rel=\"nofollow external noopener noreferrer\" data-wpel-link=\"external\">Youtube<\/a> e curta minha <a class=\"external-link wpel-icon-left\" href=\"https:\/\/www.facebook.com\/FabricioLimaSolucoesemBancodeDados\/\" target=\"_blank\" rel=\"external nofollow noopener noreferrer\" data-wpel-link=\"external\">P\u00e1gina no Facebook<\/a> para receber Dicas de Leituras e Eventos sobre SQL Server.<\/p>\n<p>At\u00e9 a pr\u00f3xima.<\/p>\n<p>Abra\u00e7os,<\/p>\n<p>Fabr\u00edcio Lima<\/p>\n<p>Microsoft Data Platform MVP<\/p>\n<p>Consultor e Instrutor SQL Server<\/p>\n<p>Trabalha com SQL Server desde 2006<\/p>\n","protected":false},"excerpt":{"rendered":"<p>Fala Pessoal, Passando aqui rapidamente s\u00f3 para registrar como foi o evento Global Azure Bootcamp em BH. O evento foi muito bem organizado e contou com 4 palestras\u00a0que abordaram as \u00e1reas de DBA, DEV e INFRA. O pessoal participou bastante com perguntas em todas as palestras, bem legal. Na hora do almo\u00e7o, tivemos lanches do [&hellip;]<\/p>\n","protected":false},"author":1,"featured_media":0,"comment_status":"open","ping_status":"open","sticky":false,"template":"","format":"standard","meta":{"_exactmetrics_skip_tracking":false,"_exactmetrics_sitenote_active":false,"_exactmetrics_sitenote_note":"","_exactmetrics_sitenote_category":0,"footnotes":""},"categories":[8,12,1512,33],"tags":[1504,1503,1511,1505,1506,33,1508],"class_list":["post-7739","post","type-post","status-publish","format-standard","hentry","category-eventos","category-noticias","category-sql-azure","category-sql-server","tag-azure-bootcamp","tag-bootcamp","tag-bootcamp-bh","tag-evento-sql-bh","tag-global-azure-bootcamp","tag-sql-server","tag-sqlbh"],"post_mailing_queue_ids":[],"_links":{"self":[{"href":"https:\/\/fabriciolima.net\/blog\/wp-json\/wp\/v2\/posts\/7739","targetHints":{"allow":["GET"]}}],"collection":[{"href":"https:\/\/fabriciolima.net\/blog\/wp-json\/wp\/v2\/posts"}],"about":[{"href":"https:\/\/fabriciolima.net\/blog\/wp-json\/wp\/v2\/types\/post"}],"author":[{"embeddable":true,"href":"https:\/\/fabriciolima.net\/blog\/wp-json\/wp\/v2\/users\/1"}],"replies":[{"embeddable":true,"href":"https:\/\/fabriciolima.net\/blog\/wp-json\/wp\/v2\/comments?post=7739"}],"version-history":[{"count":0,"href":"https:\/\/fabriciolima.net\/blog\/wp-json\/wp\/v2\/posts\/7739\/revisions"}],"wp:attachment":[{"href":"https:\/\/fabriciolima.net\/blog\/wp-json\/wp\/v2\/media?parent=7739"}],"wp:term":[{"taxonomy":"category","embeddable":true,"href":"https:\/\/fabriciolima.net\/blog\/wp-json\/wp\/v2\/categories?post=7739"},{"taxonomy":"post_tag","embeddable":true,"href":"https:\/\/fabriciolima.net\/blog\/wp-json\/wp\/v2\/tags?post=7739"}],"curies":[{"name":"wp","href":"https:\/\/api.w.org\/{rel}","templated":true}]}}