{"id":7669,"date":"2017-04-07T11:08:50","date_gmt":"2017-04-07T14:08:50","guid":{"rendered":"http:\/\/www.fabriciolima.net\/?p=7669"},"modified":"2017-04-07T16:37:47","modified_gmt":"2017-04-07T19:37:47","slug":"como-foi-o-primeiro-encontro-do-grupo-sql-server-es","status":"publish","type":"post","link":"https:\/\/fabriciolima.net\/blog\/2017\/04\/07\/como-foi-o-primeiro-encontro-do-grupo-sql-server-es\/","title":{"rendered":"Como foi o primeiro encontro do Grupo SQL Server-ES"},"content":{"rendered":"<p><img loading=\"lazy\" decoding=\"async\" class=\"wp-image-7676 aligncenter\" src=\"https:\/\/www.fabriciolima.net\/blog\/wp-content\/uploads\/2017\/04\/EncontroSQLServerES.jpg\" alt=\"\" width=\"689\" height=\"517\" srcset=\"https:\/\/fabriciolima.net\/blog\/wp-content\/uploads\/2017\/04\/EncontroSQLServerES.jpg 1280w, https:\/\/fabriciolima.net\/blog\/wp-content\/uploads\/2017\/04\/EncontroSQLServerES-300x225.jpg 300w, https:\/\/fabriciolima.net\/blog\/wp-content\/uploads\/2017\/04\/EncontroSQLServerES-1024x768.jpg 1024w, https:\/\/fabriciolima.net\/blog\/wp-content\/uploads\/2017\/04\/EncontroSQLServerES-768x576.jpg 768w, https:\/\/fabriciolima.net\/blog\/wp-content\/uploads\/2017\/04\/EncontroSQLServerES-700x525.jpg 700w, https:\/\/fabriciolima.net\/blog\/wp-content\/uploads\/2017\/04\/EncontroSQLServerES-410x308.jpg 410w, https:\/\/fabriciolima.net\/blog\/wp-content\/uploads\/2017\/04\/EncontroSQLServerES-100x75.jpg 100w, https:\/\/fabriciolima.net\/blog\/wp-content\/uploads\/2017\/04\/EncontroSQLServerES-275x206.jpg 275w, https:\/\/fabriciolima.net\/blog\/wp-content\/uploads\/2017\/04\/EncontroSQLServerES-20x15.jpg 20w\" sizes=\"auto, (max-width: 689px) 100vw, 689px\" \/><\/p>\n<p>Fala pessoal,<\/p>\n<p>Ontem tivemos o primeiro encontro do grupo SQL Server-ES e foi um sucesso!!!<\/p>\n<p>O n\u00famero de participantes superou nossa expectativa e o audit\u00f3rio estava cheio.<\/p>\n<p>Um muito obrigado ao Professor Marcelo Albuquerque por abrir as portas e nos acolher t\u00e3o bem para a realiza\u00e7\u00e3o desse encontro.<\/p>\n<p>N\u00e3o conseguiu participar desse primeiro encontro?<\/p>\n<p>N\u00e3o se preocupe. O pr\u00f3ximo encontro j\u00e1 tem data marcada:<\/p>\n<p><b>Data:<\/b> 10\/06\/2017 (<strong>S\u00e1bado<\/strong>) de 08:30h \u00e0s 11:30h<\/p>\n<p><b>Local: <\/b>Centro Universit\u00e1rio Cat\u00f3lico de Vit\u00f3ria, Av Vit\u00f3ria, 950, Forte S\u00e3o Jo\u00e3o,Vit\u00f3ria, ES<\/p>\n<p><b>Palestras:<\/b><\/p>\n<ul>\n<li>Escrevendo queries r\u00e1pidas no SQL Server \u2013 <a href=\"https:\/\/www.dirceuresende.com\/blog\" target=\"_blank\">Dirceu Resende<\/a><\/li>\n<li>Introdu\u00e7\u00e3o ao Self-Service BI com Power BI \u2013 <a href=\"http:\/\/www.vssti.com.br\/blog\/\" target=\"_blank\">Vithor da Silva<\/a><\/li>\n<\/ul>\n<p>Dessa vez vamos tentar organizar um coffee, porque assistir palestra com fome n\u00e3o rola n\u00e9!?<\/p>\n<p>Segue os slides da reuni\u00e3o de ontem:<\/p>\n<p><iframe loading=\"lazy\" src=\"https:\/\/www.slideshare.net\/slideshow\/embed_code\/key\/5dLSgM7cwEjR54\" width=\"427\" height=\"356\" frameborder=\"0\" marginwidth=\"0\" marginheight=\"0\" scrolling=\"no\" style=\"border:1px solid #CCC; border-width:1px; margin-bottom:5px; max-width: 100%;\" allowfullscreen> <\/iframe> <\/p>\n<div style=\"margin-bottom:5px\"> <strong> <a href=\"https:\/\/www.slideshare.net\/FabrcioFranaLima\/carreira-e-oportunidades-com-a-plataforma-de-dados-da-microsoft-74569913\" title=\"Carreira e oportunidades com a plataforma de dados da microsoft\" target=\"_blank\">Carreira e oportunidades com a plataforma de dados da microsoft<\/a> <\/strong> from <strong><a target=\"_blank\" href=\"http:\/\/www.slideshare.net\/FabrcioFranaLima\">Fabr\u00edcio Fran\u00e7a Lima<\/a><\/strong> <\/div>\n<p>&nbsp;<\/p>\n<p>Curta nossa p\u00e1gina no <a href=\"https:\/\/www.facebook.com\/groups\/1302965213067010\/\" target=\"_blank\">Facebook<\/a> e <a href=\"https:\/\/www.linkedin.com\/groups\/8547031\" target=\"_blank\">Linkedin<\/a> e fique por dentro das novidades do mundo sql server e de nossos encontros.<\/p>\n<p>At\u00e9 a pr\u00f3xima.<\/p>\n<p>Fabr\u00edcio Lima<\/p>\n<p>MVP &#8211; Data Platform<\/p>\n<p>Consultor e Instrutor SQL Server<\/p>\n<p>Trabalha com SQL Server desde 2006<\/p>\n","protected":false},"excerpt":{"rendered":"<p>Fala pessoal, Ontem tivemos o primeiro encontro do grupo SQL Server-ES e foi um sucesso!!! O n\u00famero de participantes superou nossa expectativa e o audit\u00f3rio estava cheio. Um muito obrigado ao Professor Marcelo Albuquerque por abrir as portas e nos acolher t\u00e3o bem para a realiza\u00e7\u00e3o desse encontro. N\u00e3o conseguiu participar desse primeiro encontro? N\u00e3o [&hellip;]<\/p>\n","protected":false},"author":1,"featured_media":0,"comment_status":"open","ping_status":"open","sticky":false,"template":"","format":"standard","meta":{"_exactmetrics_skip_tracking":false,"_exactmetrics_sitenote_active":false,"_exactmetrics_sitenote_note":"","_exactmetrics_sitenote_category":0,"footnotes":""},"categories":[5,8,33],"tags":[331,5,240,17,23,1501,1498,1500,1499,1486,468,104],"class_list":["post-7669","post","type-post","status-publish","format-standard","hentry","category-carreira","category-eventos","category-sql-server","tag-bi","tag-carreira","tag-carreira-microsoft","tag-certificacao","tag-dba","tag-dev","tag-grupo-sql-server","tag-ingles","tag-mercado-de-ti","tag-sql-server-es","tag-sql-server-vitoria","tag-sqlpass"],"post_mailing_queue_ids":[],"_links":{"self":[{"href":"https:\/\/fabriciolima.net\/blog\/wp-json\/wp\/v2\/posts\/7669","targetHints":{"allow":["GET"]}}],"collection":[{"href":"https:\/\/fabriciolima.net\/blog\/wp-json\/wp\/v2\/posts"}],"about":[{"href":"https:\/\/fabriciolima.net\/blog\/wp-json\/wp\/v2\/types\/post"}],"author":[{"embeddable":true,"href":"https:\/\/fabriciolima.net\/blog\/wp-json\/wp\/v2\/users\/1"}],"replies":[{"embeddable":true,"href":"https:\/\/fabriciolima.net\/blog\/wp-json\/wp\/v2\/comments?post=7669"}],"version-history":[{"count":0,"href":"https:\/\/fabriciolima.net\/blog\/wp-json\/wp\/v2\/posts\/7669\/revisions"}],"wp:attachment":[{"href":"https:\/\/fabriciolima.net\/blog\/wp-json\/wp\/v2\/media?parent=7669"}],"wp:term":[{"taxonomy":"category","embeddable":true,"href":"https:\/\/fabriciolima.net\/blog\/wp-json\/wp\/v2\/categories?post=7669"},{"taxonomy":"post_tag","embeddable":true,"href":"https:\/\/fabriciolima.net\/blog\/wp-json\/wp\/v2\/tags?post=7669"}],"curies":[{"name":"wp","href":"https:\/\/api.w.org\/{rel}","templated":true}]}}