{"id":7583,"date":"2017-03-20T11:37:05","date_gmt":"2017-03-20T14:37:05","guid":{"rendered":"http:\/\/www.fabriciolima.net\/?p=7583"},"modified":"2017-03-20T11:37:05","modified_gmt":"2017-03-20T14:37:05","slug":"1o-encontro-grupo-sql-server-es","status":"publish","type":"post","link":"https:\/\/fabriciolima.net\/blog\/2017\/03\/20\/1o-encontro-grupo-sql-server-es\/","title":{"rendered":"1\u00ba ENCONTRO &#8211; GRUPO SQL SERVER ES"},"content":{"rendered":"<p>Fala galera do ES, Tudo certo?<\/p>\n<p>J\u00e1 temos a data do nosso primeiro encontro do grupo SQL Server ES. Yes!!! SQLRocks!!!<\/p>\n<p>Segue abaixo mais detalhes sobre o evento.<\/p>\n<p><b>Agenda:<\/b><\/p>\n<p><b>Data:<\/b> 06\/04\/2017 (quinta-feira)<\/p>\n<p><b>Hor\u00e1rio:<\/b> 19:30h \u00e0s 21:10h<\/p>\n<p><b>Local:<\/b><\/p>\n<p>Centro Universit\u00e1rio Cat\u00f3lico de Vit\u00f3ria<br \/>\nAv Vit\u00f3ria, 950, Forte S\u00e3o Jo\u00e3o<br \/>\nVit\u00f3ria, ES<\/p>\n<p><b>Descri\u00e7\u00e3o:<\/b><\/p>\n<p>Teremos uma apresenta\u00e7\u00e3o de 15 min via skype sobre o <a href=\"http:\/\/www.pass.org\/\" target=\"_blank\">PASS<\/a> com o MVP <a href=\"https:\/\/isqlserver.wordpress.com\/\" target=\"_blank\">Marcus Bittencourt<\/a>.<\/p>\n<p>Palestra com o MVP <a href=\"https:\/\/www.fabriciolima.net\/blog\/\" target=\"_blank\">Fabr\u00edcio Lima<\/a> e o MTAC <a href=\"https:\/\/www.tiagoneves.net\/blog\/\" target=\"_blank\">Tiago Neves<\/a> com o tema:<\/p>\n<h6>Carreira e oportunidades com a Plataforma de Dados da Microsoft<\/h6>\n<p>Contamos com voc\u00eas para formar esse grupo aqui no ES. Em outros estados isso j\u00e1 \u00e9 sucesso. \u00c9 gr\u00e1tis, s\u00f3 precisa da sua disposi\u00e7\u00e3o de querer crescer profissionalmente, aprender e compartilhar experi\u00eancias com outros profissionais.<\/p>\n<p>Fa\u00e7a a sua inscri\u00e7\u00e3o atrav\u00e9s desse <a href=\"https:\/\/www.sympla.com.br\/1-encontro---grupo-sql-server-es__127460\" target=\"_blank\"><b>link<\/b><\/a>.<\/p>\n<p>Nos vemos l\u00e1.<\/p>\n<p><b>Gostou dessa dica?<\/b><\/p>\n<p>Curta, comente, compartilhe com os coleguinhas\u2026<\/p>\n<p>Abra\u00e7os,<\/p>\n<p>Fabr\u00edcio Lima<\/p>\n<p>Microsoft Data Platform MVP<\/p>\n<p>Consultor e Instrutor SQL Server<\/p>\n<p>Trabalha com SQL Server desde 2006<\/p>\n","protected":false},"excerpt":{"rendered":"<p>Fala galera do ES, Tudo certo? J\u00e1 temos a data do nosso primeiro encontro do grupo SQL Server ES. Yes!!! SQLRocks!!! Segue abaixo mais detalhes sobre o evento. Agenda: Data: 06\/04\/2017 (quinta-feira) Hor\u00e1rio: 19:30h \u00e0s 21:10h Local: Centro Universit\u00e1rio Cat\u00f3lico de Vit\u00f3ria Av Vit\u00f3ria, 950, Forte S\u00e3o Jo\u00e3o Vit\u00f3ria, ES Descri\u00e7\u00e3o: Teremos uma apresenta\u00e7\u00e3o de [&hellip;]<\/p>\n","protected":false},"author":1,"featured_media":0,"comment_status":"open","ping_status":"open","sticky":false,"template":"","format":"standard","meta":{"_exactmetrics_skip_tracking":false,"_exactmetrics_sitenote_active":false,"_exactmetrics_sitenote_note":"","_exactmetrics_sitenote_category":0,"footnotes":""},"categories":[5,8,12],"tags":[432,1485,1486,468],"class_list":["post-7583","post","type-post","status-publish","format-standard","hentry","category-carreira","category-eventos","category-noticias","tag-evento-sql-server","tag-palestra-sql-server","tag-sql-server-es","tag-sql-server-vitoria"],"post_mailing_queue_ids":[],"_links":{"self":[{"href":"https:\/\/fabriciolima.net\/blog\/wp-json\/wp\/v2\/posts\/7583","targetHints":{"allow":["GET"]}}],"collection":[{"href":"https:\/\/fabriciolima.net\/blog\/wp-json\/wp\/v2\/posts"}],"about":[{"href":"https:\/\/fabriciolima.net\/blog\/wp-json\/wp\/v2\/types\/post"}],"author":[{"embeddable":true,"href":"https:\/\/fabriciolima.net\/blog\/wp-json\/wp\/v2\/users\/1"}],"replies":[{"embeddable":true,"href":"https:\/\/fabriciolima.net\/blog\/wp-json\/wp\/v2\/comments?post=7583"}],"version-history":[{"count":0,"href":"https:\/\/fabriciolima.net\/blog\/wp-json\/wp\/v2\/posts\/7583\/revisions"}],"wp:attachment":[{"href":"https:\/\/fabriciolima.net\/blog\/wp-json\/wp\/v2\/media?parent=7583"}],"wp:term":[{"taxonomy":"category","embeddable":true,"href":"https:\/\/fabriciolima.net\/blog\/wp-json\/wp\/v2\/categories?post=7583"},{"taxonomy":"post_tag","embeddable":true,"href":"https:\/\/fabriciolima.net\/blog\/wp-json\/wp\/v2\/tags?post=7583"}],"curies":[{"name":"wp","href":"https:\/\/api.w.org\/{rel}","templated":true}]}}