{"id":610,"date":"2011-04-03T16:41:26","date_gmt":"2011-04-03T18:41:26","guid":{"rendered":"http:\/\/fabriciolima.net\/blog\/?p=610"},"modified":"2016-07-23T23:07:41","modified_gmt":"2016-07-24T02:07:41","slug":"enquete-voce-ja-utiliza-virtualizacao-em-um-servidor-sql-server","status":"publish","type":"post","link":"https:\/\/fabriciolima.net\/blog\/2011\/04\/03\/enquete-voce-ja-utiliza-virtualizacao-em-um-servidor-sql-server\/","title":{"rendered":"Enquete: Voc\u00ea j\u00e1 utiliza virtualiza\u00e7\u00e3o em um servidor SQL Server?"},"content":{"rendered":"<p>Fala Pessoal,<\/p>\n<p>Eu estava pensando em virtualizar todo meu ambiente SQL Server, entretanto, no roadshow da microsoft aqui em Vit\u00f3ria-Es, confirmei com o Fabio Hara (<a title=\"Fabio Hara\" href=\"http:\/\/www.fabiohara.com.br\/\" target=\"_blank\">Blog<\/a>|<a title=\"Twitter\" href=\"http:\/\/twitter.com\/#!\/fabiohara\" target=\"_blank\">Twitter<\/a>) que o Hyper-V Server 2008 R2 possui uma limita\u00e7\u00e3o de 4 Cores\u00a0 por m\u00e1quina virtual. Assim, n\u00e3o seria poss\u00edvel migrar meus servidores de produ\u00e7\u00e3o para m\u00e1quinas virtuais. Entretanto, acredito que em breve todos estar\u00e3o utilizando o SQL Server virtualizado em ambientes de testes e de homologa\u00e7\u00e3o, assim como eu j\u00e1 utilizo.<\/p>\n<p>Ent\u00e3o, gostaria de saber como est\u00e1 o ambiente de voc\u00eas. Respondam a pesquisa na barra lateral do blog.<\/p>\n<p>Conto com 30 segundos da aten\u00e7\u00e3o de voc\u00eas.<\/p>\n<p><b>Gostou desse Post?<\/b><\/p>\n<p>Cadastre seu e-mail para receber novos Posts e curta minha <a href=\"https:\/\/www.facebook.com\/FabricioLimaSolucoesemBancodeDados\/\" target=\"_blank\">P\u00e1gina no Facebook<\/a> para receber Dicas de Leituras e Eventos sobre SQL Server.<\/p>\n<p>Abra\u00e7os,<\/p>\n<p>Fabr\u00edcio Lima<\/p>\n<p>MCITP \u2013 Database Administrator<\/p>\n<p>Consultor e Instrutor SQL Server<\/p>\n<p>Trabalha com SQL Server desde 2006<\/p>\n","protected":false},"excerpt":{"rendered":"<p>Fala Pessoal, Eu estava pensando em virtualizar todo meu ambiente SQL Server, entretanto, no roadshow da microsoft aqui em Vit\u00f3ria-Es, confirmei com o Fabio Hara (Blog|Twitter) que o Hyper-V Server 2008 R2 possui uma limita\u00e7\u00e3o de 4 Cores\u00a0 por m\u00e1quina virtual. Assim, n\u00e3o seria poss\u00edvel migrar meus servidores de produ\u00e7\u00e3o para m\u00e1quinas virtuais. Entretanto, acredito [&hellip;]<\/p>\n","protected":false},"author":1,"featured_media":0,"comment_status":"open","ping_status":"open","sticky":false,"template":"","format":"standard","meta":{"_exactmetrics_skip_tracking":false,"_exactmetrics_sitenote_active":false,"_exactmetrics_sitenote_note":"","_exactmetrics_sitenote_category":0,"footnotes":""},"categories":[246,280],"tags":[245,241,243,242,49,33,278,277,279],"class_list":["post-610","post","type-post","status-publish","format-standard","hentry","category-enquetes","category-virtual-pass-br","tag-ambiente-sql-server","tag-enquete","tag-enquete-sql-server","tag-pesquisa","tag-sql","tag-sql-server","tag-sql-server-virtualizado","tag-virtualizacao","tag-virtualizacao-com-sql-server"],"post_mailing_queue_ids":[],"_links":{"self":[{"href":"https:\/\/fabriciolima.net\/blog\/wp-json\/wp\/v2\/posts\/610","targetHints":{"allow":["GET"]}}],"collection":[{"href":"https:\/\/fabriciolima.net\/blog\/wp-json\/wp\/v2\/posts"}],"about":[{"href":"https:\/\/fabriciolima.net\/blog\/wp-json\/wp\/v2\/types\/post"}],"author":[{"embeddable":true,"href":"https:\/\/fabriciolima.net\/blog\/wp-json\/wp\/v2\/users\/1"}],"replies":[{"embeddable":true,"href":"https:\/\/fabriciolima.net\/blog\/wp-json\/wp\/v2\/comments?post=610"}],"version-history":[{"count":0,"href":"https:\/\/fabriciolima.net\/blog\/wp-json\/wp\/v2\/posts\/610\/revisions"}],"wp:attachment":[{"href":"https:\/\/fabriciolima.net\/blog\/wp-json\/wp\/v2\/media?parent=610"}],"wp:term":[{"taxonomy":"category","embeddable":true,"href":"https:\/\/fabriciolima.net\/blog\/wp-json\/wp\/v2\/categories?post=610"},{"taxonomy":"post_tag","embeddable":true,"href":"https:\/\/fabriciolima.net\/blog\/wp-json\/wp\/v2\/tags?post=610"}],"curies":[{"name":"wp","href":"https:\/\/api.w.org\/{rel}","templated":true}]}}