{"id":594,"date":"2011-03-30T00:29:57","date_gmt":"2011-03-30T02:29:57","guid":{"rendered":"http:\/\/fabriciolima.net\/blog\/?p=594"},"modified":"2016-07-23T23:04:00","modified_gmt":"2016-07-24T02:04:00","slug":"roadshow-da-microsoft-em-vitoria-es","status":"publish","type":"post","link":"https:\/\/fabriciolima.net\/blog\/2011\/03\/30\/roadshow-da-microsoft-em-vitoria-es\/","title":{"rendered":"RoadShow da Microsoft em Vit\u00f3ria-ES"},"content":{"rendered":"<p>Fala Pessoal,<\/p>\n<p>Hoje aconteceu o RoadShow da microsoft em Vit\u00f3ria com uma grande presen\u00e7a dos profissionais de TI do Esp\u00edrito Santo. Tivemos excelentes palestras com os principais nomes do time da microsoft bem aqui ao nosso alcance. O local do RoadShow foi de alt\u00edssima qualidade, n\u00e3o tivemos o que reclamar da estrutura. Quem n\u00e3o foi, realmente perdeu uma grande oportunidade de aprendizado.<\/p>\n<p>Ap\u00f3s o evento foi realizada uma mesa redonda com o time de influenciadores aqui do Esp\u00edrito Santo. Ainda n\u00e3o conhecia toda essa galera, mas percebi que eles realmente suam a camisa com palestras e eventos totalmente gratuitos para os profissionais da nossa regi\u00e3o. Todos est\u00e3o de parab\u00e9ns!!! Por enquanto, minha contribui\u00e7\u00e3o \u00e9 apenas em forma de posts por esse blog, entretanto, adquirindo mais conhecimento a cada dia, espero poder aument\u00e1-la.<\/p>\n<p>Segue abaixo toda essa galera juntamente com @fabiohara, @rafaelgodinho, @fernandomartin e @alvarorezende ( Todos os 4 s\u00e3o super simples e contam v\u00e1rias piadas do Hara&#8230; rsrs ):<\/p>\n<p><a href=\"https:\/\/www.fabriciolima.net\/blog\/wp-content\/uploads\/2011\/03\/Influenciadores-Microsoft.jpg\"><img loading=\"lazy\" decoding=\"async\" class=\"aligncenter size-full wp-image-595\" title=\"Influenciadores Microsoft\" src=\"https:\/\/www.fabriciolima.net\/blog\/wp-content\/uploads\/2011\/03\/Influenciadores-Microsoft.jpg\" alt=\"\" width=\"600\" height=\"450\" srcset=\"https:\/\/fabriciolima.net\/blog\/wp-content\/uploads\/2011\/03\/Influenciadores-Microsoft.jpg 600w, https:\/\/fabriciolima.net\/blog\/wp-content\/uploads\/2011\/03\/Influenciadores-Microsoft-300x225.jpg 300w, https:\/\/fabriciolima.net\/blog\/wp-content\/uploads\/2011\/03\/Influenciadores-Microsoft-410x308.jpg 410w, https:\/\/fabriciolima.net\/blog\/wp-content\/uploads\/2011\/03\/Influenciadores-Microsoft-100x75.jpg 100w, https:\/\/fabriciolima.net\/blog\/wp-content\/uploads\/2011\/03\/Influenciadores-Microsoft-275x206.jpg 275w, https:\/\/fabriciolima.net\/blog\/wp-content\/uploads\/2011\/03\/Influenciadores-Microsoft-20x15.jpg 20w\" sizes=\"auto, (max-width: 600px) 100vw, 600px\" \/><\/a><\/p>\n<p><b>Gostou desse Post?<\/b><\/p>\n<p>Cadastre seu e-mail para receber novos Posts e curta minha <a href=\"https:\/\/www.facebook.com\/FabricioLimaSolucoesemBancodeDados\/\" target=\"_blank\">P\u00e1gina no Facebook<\/a> para receber Dicas de Leituras e Eventos sobre SQL Server.<\/p>\n<p>Abra\u00e7os,<\/p>\n<p>Fabr\u00edcio Lima<\/p>\n<p>MCITP \u2013 Database Administrator<\/p>\n<p>Consultor e Instrutor SQL Server<\/p>\n<p>Trabalha com SQL Server desde 2006<\/p>\n","protected":false},"excerpt":{"rendered":"<p>Fala Pessoal, Hoje aconteceu o RoadShow da microsoft em Vit\u00f3ria com uma grande presen\u00e7a dos profissionais de TI do Esp\u00edrito Santo. Tivemos excelentes palestras com os principais nomes do time da microsoft bem aqui ao nosso alcance. O local do RoadShow foi de alt\u00edssima qualidade, n\u00e3o tivemos o que reclamar da estrutura. Quem n\u00e3o foi, [&hellip;]<\/p>\n","protected":false},"author":1,"featured_media":0,"comment_status":"open","ping_status":"open","sticky":false,"template":"","format":"standard","meta":{"_exactmetrics_skip_tracking":false,"_exactmetrics_sitenote_active":false,"_exactmetrics_sitenote_note":"","_exactmetrics_sitenote_category":0,"footnotes":""},"categories":[8],"tags":[219,275,30,276,216,274],"class_list":["post-594","post","type-post","status-publish","format-standard","hentry","category-eventos","tag-eventos-microsoft","tag-eventos-microsoft-no-es","tag-microsoft","tag-palestra-microsoft-no-es","tag-roadshow","tag-roadshow-em-vitoria-es"],"post_mailing_queue_ids":[],"_links":{"self":[{"href":"https:\/\/fabriciolima.net\/blog\/wp-json\/wp\/v2\/posts\/594","targetHints":{"allow":["GET"]}}],"collection":[{"href":"https:\/\/fabriciolima.net\/blog\/wp-json\/wp\/v2\/posts"}],"about":[{"href":"https:\/\/fabriciolima.net\/blog\/wp-json\/wp\/v2\/types\/post"}],"author":[{"embeddable":true,"href":"https:\/\/fabriciolima.net\/blog\/wp-json\/wp\/v2\/users\/1"}],"replies":[{"embeddable":true,"href":"https:\/\/fabriciolima.net\/blog\/wp-json\/wp\/v2\/comments?post=594"}],"version-history":[{"count":0,"href":"https:\/\/fabriciolima.net\/blog\/wp-json\/wp\/v2\/posts\/594\/revisions"}],"wp:attachment":[{"href":"https:\/\/fabriciolima.net\/blog\/wp-json\/wp\/v2\/media?parent=594"}],"wp:term":[{"taxonomy":"category","embeddable":true,"href":"https:\/\/fabriciolima.net\/blog\/wp-json\/wp\/v2\/categories?post=594"},{"taxonomy":"post_tag","embeddable":true,"href":"https:\/\/fabriciolima.net\/blog\/wp-json\/wp\/v2\/tags?post=594"}],"curies":[{"name":"wp","href":"https:\/\/api.w.org\/{rel}","templated":true}]}}