{"id":550,"date":"2011-03-12T14:06:08","date_gmt":"2011-03-12T16:06:08","guid":{"rendered":"http:\/\/fabriciolima.net\/blog\/?p=550"},"modified":"2016-07-23T22:59:35","modified_gmt":"2016-07-24T01:59:35","slug":"enquete-qual-a-versao-mais-recente-do-sql-server-utilizada-no-seu-ambiente-de-producao","status":"publish","type":"post","link":"https:\/\/fabriciolima.net\/blog\/2011\/03\/12\/enquete-qual-a-versao-mais-recente-do-sql-server-utilizada-no-seu-ambiente-de-producao\/","title":{"rendered":"Enquete: Qual a vers\u00e3o mais recente do SQL Server utilizada no seu ambiente de produ\u00e7\u00e3o?"},"content":{"rendered":"<p>Fala pessoal,<\/p>\n<p>Para tentar tra\u00e7ar um perfil (uma foto) de como est\u00e3o atualmente os ambientes que utilizam SQL Server espalhados pelo Pa\u00eds, resolvi iniciar uma s\u00e9rie de pesquisas. Essas pesquisas podem me ajudar a ver se eu e meu ambiente estamos atrasados com rela\u00e7\u00e3o as outras empresas que utilizam SQL Server, al\u00e9m de verificar quantas pessoas j\u00e1 utilizam algumas das novas funcionalidades do SQL Server em produ\u00e7\u00e3o. Ent\u00e3o, acredito que essas informa\u00e7\u00f5es tamb\u00e9m possam ser \u00fateis para voc\u00eas.<\/p>\n<p>As pesquisas ser\u00e3o mantidas na barra lateral do Blog.<\/p>\n<p>A primeira pesquisa \u00e9: Qual a vers\u00e3o mais recente do SQL Server utilizada no seu ambiente de produ\u00e7\u00e3o?<\/p>\n<p>Assim como eu, sei que voc\u00eas podem ter mais de uma vers\u00e3o do SQL Server instalada no seu ambiente de produ\u00e7\u00e3o, com isso, eu gostaria de saber qual \u00e9 a vers\u00e3o mais recente que voc\u00ea utiliza. Caso voc\u00eas sejam consultores e trabalhem com v\u00e1rios clientes, podem colocar a vers\u00e3o que voc\u00eas encontram em seus clientes.<\/p>\n<p>Conto com 30 segundos da aten\u00e7\u00e3o de voc\u00eas para votarem.<\/p>\n<p>Obrigado.<\/p>\n<p><b>Gostou desse Post?<\/b><\/p>\n<p>Cadastre seu e-mail para receber novos Posts e curta minha <a href=\"https:\/\/www.facebook.com\/FabricioLimaSolucoesemBancodeDados\/\" target=\"_blank\">P\u00e1gina no Facebook<\/a> para receber Dicas de Leituras e Eventos sobre SQL Server.<\/p>\n<p>Abra\u00e7os,<\/p>\n<p>Fabr\u00edcio Lima<\/p>\n<p>MCITP \u2013 Database Administrator<\/p>\n<p>Consultor e Instrutor SQL Server<\/p>\n<p>Trabalha com SQL Server desde 2006<\/p>\n","protected":false},"excerpt":{"rendered":"<p>Fala pessoal, Para tentar tra\u00e7ar um perfil (uma foto) de como est\u00e3o atualmente os ambientes que utilizam SQL Server espalhados pelo Pa\u00eds, resolvi iniciar uma s\u00e9rie de pesquisas. Essas pesquisas podem me ajudar a ver se eu e meu ambiente estamos atrasados com rela\u00e7\u00e3o as outras empresas que utilizam SQL Server, al\u00e9m de verificar quantas [&hellip;]<\/p>\n","protected":false},"author":1,"featured_media":0,"comment_status":"open","ping_status":"open","sticky":false,"template":"","format":"standard","meta":{"_exactmetrics_skip_tracking":false,"_exactmetrics_sitenote_active":false,"_exactmetrics_sitenote_note":"","_exactmetrics_sitenote_category":0,"footnotes":""},"categories":[246],"tags":[245,241,243,242,49,33,244],"class_list":["post-550","post","type-post","status-publish","format-standard","hentry","category-enquetes","tag-ambiente-sql-server","tag-enquete","tag-enquete-sql-server","tag-pesquisa","tag-sql","tag-sql-server","tag-versao-sql-server"],"post_mailing_queue_ids":[],"_links":{"self":[{"href":"https:\/\/fabriciolima.net\/blog\/wp-json\/wp\/v2\/posts\/550","targetHints":{"allow":["GET"]}}],"collection":[{"href":"https:\/\/fabriciolima.net\/blog\/wp-json\/wp\/v2\/posts"}],"about":[{"href":"https:\/\/fabriciolima.net\/blog\/wp-json\/wp\/v2\/types\/post"}],"author":[{"embeddable":true,"href":"https:\/\/fabriciolima.net\/blog\/wp-json\/wp\/v2\/users\/1"}],"replies":[{"embeddable":true,"href":"https:\/\/fabriciolima.net\/blog\/wp-json\/wp\/v2\/comments?post=550"}],"version-history":[{"count":0,"href":"https:\/\/fabriciolima.net\/blog\/wp-json\/wp\/v2\/posts\/550\/revisions"}],"wp:attachment":[{"href":"https:\/\/fabriciolima.net\/blog\/wp-json\/wp\/v2\/media?parent=550"}],"wp:term":[{"taxonomy":"category","embeddable":true,"href":"https:\/\/fabriciolima.net\/blog\/wp-json\/wp\/v2\/categories?post=550"},{"taxonomy":"post_tag","embeddable":true,"href":"https:\/\/fabriciolima.net\/blog\/wp-json\/wp\/v2\/tags?post=550"}],"curies":[{"name":"wp","href":"https:\/\/api.w.org\/{rel}","templated":true}]}}