{"id":500,"date":"2011-03-02T23:49:07","date_gmt":"2011-03-03T01:49:07","guid":{"rendered":"http:\/\/fabriciolima.net\/blog\/?p=500"},"modified":"2016-07-23T22:50:54","modified_gmt":"2016-07-24T01:50:54","slug":"roadshow-microsoft-em-vitoria-es","status":"publish","type":"post","link":"https:\/\/fabriciolima.net\/blog\/2011\/03\/02\/roadshow-microsoft-em-vitoria-es\/","title":{"rendered":"Roadshow Microsoft em Vit\u00f3ria-ES"},"content":{"rendered":"<p><\/p>\n<div>Fala Pessoal,<\/div>\n<p><\/p>\n<div>Passando para deixar uma dica para a galera aqui do Esp\u00edrito Santo. No dia <strong>29 de mar\u00e7o (ter\u00e7a-feira)<\/strong> das 08:00 \u00e0s 17:30 acontecer\u00e1 o Roadshow da Microsoft no Hotel Radisson. Esse evento \u00e9 totalmente gratuito e as inscri\u00e7\u00f5es j\u00e1 est\u00e3o abertas. Eu j\u00e1 garanti minha folga com meu gerente e fiz minha inscri\u00e7\u00e3o. Fa\u00e7a j\u00e1 a sua pois o n\u00famero de vagas deve ser limitada ao tamanho do local do evento.<\/div>\n<p><\/p>\n<div><strong>Vis\u00e3o geral do Evento:<\/strong><\/div>\n<div><strong><br \/>\n<\/strong><\/div>\n<div id=\"_mcePaste\"><strong>Trilha: Profissionais de TI<\/strong><\/div>\n<p><\/p>\n<div>Windows Azure, Business Productivity Online Suite (BPOS), Office 365, Nuvem Privada e Windows 7 ser\u00e3o alguns dos t\u00f3picos em destaque durante o evento. Voc\u00ea aprender\u00e1 como tirar proveito dos novos recursos que a computa\u00e7\u00e3o em nuvem proporcionar\u00e1 ao professional de TI, conceitos de nuvem privada, como utilizar da melhor forma as solu\u00e7\u00f5es de produtividade online, implementa\u00e7\u00e3o de Windows 7, al\u00e9m de muitas outras capacidades.<\/div>\n<p><\/p>\n<div id=\"_mcePaste\">Palestrantes: Fabio Hara e Alvaro Rezende<\/div>\n<p><\/p>\n<div id=\"_mcePaste\">Para se inscrever, <a title=\"Inscri\u00e7\u00e3o Roadshow\" href=\"https:\/\/msevents.microsoft.com\/CUI\/EventDetail.aspx?EventID=1032476983&#038;Culture=pt-BR\" target=\"_blank\">basta acessar esse link<\/a>.<\/div>\n<p><\/p>\n<div id=\"_mcePaste\"><strong>Trilha: Desenvolvedores<\/strong><\/div>\n<p><\/p>\n<div id=\"_mcePaste\">ASP.NET MVC e Web forms, HTML 5, IE9, Silverlight, Windows Phone 7, SharePoint e desenvolvimento para Windows, sendo tudo integrado com Windows Azure, s\u00e3o os principais temas a serem tratados durante as apresenta\u00e7\u00f5es. Solu\u00e7\u00f5es de arquitetura, web services e Azure ser\u00e3o explorados tamb\u00e9m, pois o futuro \u00e9 a nuvem e suas aplica\u00e7\u00f5es precisam estar prontas para essa nova gera\u00e7\u00e3o de solu\u00e7\u00f5es baseadas em cloud computing.<\/div>\n<div><\/div>\n<p><\/p>\n<div id=\"_mcePaste\">Palestrantes: Fernando Figueira e Rafel Godinho.<\/div>\n<div><\/div>\n<p><\/p>\n<div>Para se inscrever,\u00a0<a title=\"Inscri\u00e7\u00e3o Roadshow Microsoft\" href=\"https:\/\/msevents.microsoft.com\/CUI\/EventDetail.aspx?EventID=1032476979&amp;Culture=pt-BR\" target=\"_blank\">basta acessar esse link<\/a>.<\/div>\n<p>&nbsp;<\/p>\n<p><b>Gostou desse Post?<\/b><\/p>\n<p>Cadastre seu e-mail para receber novos Posts e curta minha <a href=\"https:\/\/www.facebook.com\/FabricioLimaSolucoesemBancodeDados\/\" target=\"_blank\">P\u00e1gina no Facebook<\/a> para receber Dicas de Leituras e Eventos sobre SQL Server.<\/p>\n<p>Abra\u00e7os,<\/p>\n<p>Fabr\u00edcio Lima<\/p>\n<p>MCITP \u2013 Database Administrator<\/p>\n<p>Consultor e Instrutor SQL Server<\/p>\n<p>Trabalha com SQL Server desde 2006<\/p>\n","protected":false},"excerpt":{"rendered":"<p>Roadshow microsoft em Vit\u00f3ria-ES<\/p>\n","protected":false},"author":1,"featured_media":0,"comment_status":"open","ping_status":"open","sticky":false,"template":"","format":"standard","meta":{"_exactmetrics_skip_tracking":false,"_exactmetrics_sitenote_active":false,"_exactmetrics_sitenote_note":"","_exactmetrics_sitenote_category":0,"footnotes":""},"categories":[8],"tags":[222,8,219,30,62,220,221,216,217,218,225,223,224],"class_list":["post-500","post","type-post","status-publish","format-standard","hentry","category-eventos","tag-desenvolvedores","tag-eventos","tag-eventos-microsoft","tag-microsoft","tag-palestra","tag-palestras-microsoft","tag-profissionais-de-ti","tag-roadshow","tag-roadshow-em-vitoria","tag-roadshow-microsoft","tag-vitoria","tag-vitoria-espirito-santo","tag-vitoria-es"],"post_mailing_queue_ids":[],"_links":{"self":[{"href":"https:\/\/fabriciolima.net\/blog\/wp-json\/wp\/v2\/posts\/500","targetHints":{"allow":["GET"]}}],"collection":[{"href":"https:\/\/fabriciolima.net\/blog\/wp-json\/wp\/v2\/posts"}],"about":[{"href":"https:\/\/fabriciolima.net\/blog\/wp-json\/wp\/v2\/types\/post"}],"author":[{"embeddable":true,"href":"https:\/\/fabriciolima.net\/blog\/wp-json\/wp\/v2\/users\/1"}],"replies":[{"embeddable":true,"href":"https:\/\/fabriciolima.net\/blog\/wp-json\/wp\/v2\/comments?post=500"}],"version-history":[{"count":0,"href":"https:\/\/fabriciolima.net\/blog\/wp-json\/wp\/v2\/posts\/500\/revisions"}],"wp:attachment":[{"href":"https:\/\/fabriciolima.net\/blog\/wp-json\/wp\/v2\/media?parent=500"}],"wp:term":[{"taxonomy":"category","embeddable":true,"href":"https:\/\/fabriciolima.net\/blog\/wp-json\/wp\/v2\/categories?post=500"},{"taxonomy":"post_tag","embeddable":true,"href":"https:\/\/fabriciolima.net\/blog\/wp-json\/wp\/v2\/tags?post=500"}],"curies":[{"name":"wp","href":"https:\/\/api.w.org\/{rel}","templated":true}]}}