{"id":292,"date":"2010-06-02T23:35:00","date_gmt":"2010-06-03T02:35:00","guid":{"rendered":"http:\/\/fabriciodba.wordpress.com\/2010\/06\/02\/final-da-copa-microsoft-de-talentos"},"modified":"2016-09-11T13:24:01","modified_gmt":"2016-09-11T16:24:01","slug":"final-da-copa-microsoft-de-talentos","status":"publish","type":"post","link":"https:\/\/fabriciolima.net\/blog\/2010\/06\/02\/final-da-copa-microsoft-de-talentos\/","title":{"rendered":"Final da Copa Microsoft de Talentos"},"content":{"rendered":"<div id=\"msgcns!874FDFFD5EC76B2E!400\" class=\"bvMsg\">\n<p>Continuando a cobertura exclusiva da <b>Copa Microsoft de Talentos<\/b> (rsrs), hoje 20\/06 saiu o resultado com os finalistas. Segue abaixo a lista com os classificados:<\/p>\n<p><img loading=\"lazy\" decoding=\"async\" style=\"display: block; float: none; margin-left: auto; margin-right: auto; border: 0;\" title=\"Finalistas da Copa Microsoft\" src=\"https:\/\/www.fabriciolima.net\/blog\/wp-content\/uploads\/2010\/10\/finalistasdacopamicrosoft5b65d.jpg?w=300\" border=\"0\" alt=\"Finalistas da Copa Microsoft\" width=\"514\" height=\"272\" \/><\/p>\n<p>Como podem ver, n\u00e3o fui classificado\u2026 =\\\u2026\u00a0 Mas a galera que passou \u00e9 de alto n\u00edvel, os v\u00eddeos ficaram excelentes. Parab\u00e9ns a todos e boa sorte na final.<\/p>\n<p>A Copa me acrescentou bastante conhecimento, al\u00e9m de conhecer os novos produtos lan\u00e7ados pela Microsoft, apredi bastante sobre o Multi-Server Management do SQL Server 2008 R2. Segue abaixo o link do v\u00eddeo ultra, mega, super corrido que gravei\u2026 =)\u00a0 S\u00f3 tinha 3 minutos para falar sobre o assunto e meu objetivo era tentar colocar o maior conte\u00fado poss\u00edvel sobre o Multi-Server Management. E olha que eu deixei de falar de muita coisa\u2026<\/p>\n<p><a href=\"http:\/\/www.youtube.com\/watch?v=8Vb3OOSi2M4\" target=\"_blank\">Meu V\u00eddeo da Copa Microsoft<\/a><\/p>\n<p>&nbsp;<br \/>\n<b>Gostou desse Post?<\/b><\/p>\n<p>Cadastre seu e-mail para receber novos Posts e curta minha <a href=\"https:\/\/www.facebook.com\/FabricioLimaSolucoesemBancodeDados\/\" target=\"_blank\">P\u00e1gina no Facebook<\/a> para receber Dicas de Leituras e Eventos sobre SQL Server.<\/p>\n<p>Abra\u00e7os,<\/p>\n<p>Fabr\u00edcio Lima<\/p>\n<p>MCITP \u2013 Database Administrator<\/p>\n<p>Consultor e Instrutor SQL Server<\/p>\n<p>Trabalha com SQL Server desde 2006\n<\/p><\/div>\n","protected":false},"excerpt":{"rendered":"<p>Continuando a cobertura exclusiva da Copa Microsoft de Talentos (rsrs), hoje 20\/06 saiu o resultado com os finalistas. Segue abaixo a lista com os classificados: Como podem ver, n\u00e3o fui classificado\u2026 =\\\u2026\u00a0 Mas a galera que passou \u00e9 de alto n\u00edvel, os v\u00eddeos ficaram excelentes. Parab\u00e9ns a todos e boa sorte na final. A Copa [&hellip;]<\/p>\n","protected":false},"author":1,"featured_media":0,"comment_status":"open","ping_status":"open","sticky":false,"template":"","format":"standard","meta":{"_exactmetrics_skip_tracking":false,"_exactmetrics_sitenote_active":false,"_exactmetrics_sitenote_note":"","_exactmetrics_sitenote_category":0,"footnotes":""},"categories":[8],"tags":[20,46,57,8,30,47],"class_list":["post-292","post","type-post","status-publish","format-standard","hentry","category-eventos","tag-copa-microsoft","tag-copa-talentos-microsoft","tag-evento","tag-eventos","tag-microsoft","tag-microsoft-brasil"],"post_mailing_queue_ids":[],"_links":{"self":[{"href":"https:\/\/fabriciolima.net\/blog\/wp-json\/wp\/v2\/posts\/292","targetHints":{"allow":["GET"]}}],"collection":[{"href":"https:\/\/fabriciolima.net\/blog\/wp-json\/wp\/v2\/posts"}],"about":[{"href":"https:\/\/fabriciolima.net\/blog\/wp-json\/wp\/v2\/types\/post"}],"author":[{"embeddable":true,"href":"https:\/\/fabriciolima.net\/blog\/wp-json\/wp\/v2\/users\/1"}],"replies":[{"embeddable":true,"href":"https:\/\/fabriciolima.net\/blog\/wp-json\/wp\/v2\/comments?post=292"}],"version-history":[{"count":0,"href":"https:\/\/fabriciolima.net\/blog\/wp-json\/wp\/v2\/posts\/292\/revisions"}],"wp:attachment":[{"href":"https:\/\/fabriciolima.net\/blog\/wp-json\/wp\/v2\/media?parent=292"}],"wp:term":[{"taxonomy":"category","embeddable":true,"href":"https:\/\/fabriciolima.net\/blog\/wp-json\/wp\/v2\/categories?post=292"},{"taxonomy":"post_tag","embeddable":true,"href":"https:\/\/fabriciolima.net\/blog\/wp-json\/wp\/v2\/tags?post=292"}],"curies":[{"name":"wp","href":"https:\/\/api.w.org\/{rel}","templated":true}]}}