{"id":291,"date":"2010-05-20T20:47:01","date_gmt":"2010-05-20T23:47:01","guid":{"rendered":"http:\/\/fabriciodba.wordpress.com\/2010\/05\/20\/semifinal-da-copa-microsoft-de-talentos"},"modified":"2016-09-11T13:23:56","modified_gmt":"2016-09-11T16:23:56","slug":"semifinal-da-copa-microsoft-de-talentos","status":"publish","type":"post","link":"https:\/\/fabriciolima.net\/blog\/2010\/05\/20\/semifinal-da-copa-microsoft-de-talentos\/","title":{"rendered":"Semifinal da Copa Microsoft de Talentos"},"content":{"rendered":"<div id=\"msgcns!874FDFFD5EC76B2E!384\" class=\"bvMsg\">\n<p>Hoje (20\/05) saiu o resultado dos classificados para a <b>Semifinal da Copa Microsoft de Talentos<\/b>.<\/p>\n<p>Passei na <b>45\u00ba coloca\u00e7\u00e3o<\/b>. Segue abaixo partes do e-mail que recebi da Microsoft:<\/p>\n<p><strong>A Semifinal da Copa Microsoft de Talentos chegou! <\/strong><\/p>\n<p><strong>E voc\u00ea est\u00e1 classificado! <\/strong><\/p>\n<p>\u00c9 com grande satisfa\u00e7\u00e3o que anunciamos os jogadores escalados para disputar a Semifinal da Copa Microsoft de Talentos. E voc\u00ea \u00e9 um deles! Apenas 60 participantes chegaram at\u00e9 aqui. Somente os maiores craques do Brasil. E ver voc\u00ea entre eles \u00e9 motivo de orgulho para n\u00f3s!<\/p>\n<p><strong>Por sua classifica\u00e7\u00e3o, voc\u00ea j\u00e1 ganhou a inscri\u00e7\u00e3o para o MSDN Subscription e para o Technet Plus! <\/strong>Em breve, voc\u00ea receber\u00e1 mais informa\u00e7\u00f5es em seu e-mail<\/p>\n<p>Agora, \u00e9 hora de se preparar para a pr\u00f3xima etapa do desafio, colocar seu jogo em campo e garantir seu lugar na hist\u00f3ria dos campe\u00f5es da Copa Microsoft de Talentos.<\/p>\n<p><strong>Resultado \u2013 02\/06<\/strong><\/p>\n<p>O an\u00fancio dos classificados para a Final ser\u00e1 divulgado no dia 02 de junho.<\/p>\n<p>Bom trabalho e boa sorte!<\/p>\n<p>Atenciosamente<\/p>\n<p><strong>Equipe Microsoft<\/strong><\/p>\n<p><strong><\/strong>\u00a0<\/p>\n<p>J\u00e1 vou come\u00e7ar a preparar meu v\u00eddeo sobre uma funcionalidade do SQL Server 2008 R2.<\/p>\n<p>Segue abaixo a rela\u00e7\u00e3o com\u00a0os classificados. Parab\u00e9ns a todos, a prova estava bem dif\u00edcil.<\/p>\n<p><img loading=\"lazy\" decoding=\"async\" style=\"width: 604px; height: 536px;\" src=\"https:\/\/www.fabriciolima.net\/blog\/wp-content\/uploads\/2010\/10\/semifinalcopamicrosoft.jpg?w=300\" alt=\"\" width=\"815\" height=\"671\" \/><\/p>\n<p>&nbsp;<br \/>\n<b>Gostou desse Post?<\/b><\/p>\n<p>Cadastre seu e-mail para receber novos Posts e curta minha <a href=\"https:\/\/www.facebook.com\/FabricioLimaSolucoesemBancodeDados\/\" target=\"_blank\">P\u00e1gina no Facebook<\/a> para receber Dicas de Leituras e Eventos sobre SQL Server.<\/p>\n<p>Abra\u00e7os,<\/p>\n<p>Fabr\u00edcio Lima<\/p>\n<p>MCITP \u2013 Database Administrator<\/p>\n<p>Consultor e Instrutor SQL Server<\/p>\n<p>Trabalha com SQL Server desde 2006\n<\/p><\/div>\n","protected":false},"excerpt":{"rendered":"<p>Hoje (20\/05) saiu o resultado dos classificados para a Semifinal da Copa Microsoft de Talentos. Passei na 45\u00ba coloca\u00e7\u00e3o. Segue abaixo partes do e-mail que recebi da Microsoft: A Semifinal da Copa Microsoft de Talentos chegou! E voc\u00ea est\u00e1 classificado! \u00c9 com grande satisfa\u00e7\u00e3o que anunciamos os jogadores escalados para disputar a Semifinal da Copa [&hellip;]<\/p>\n","protected":false},"author":1,"featured_media":0,"comment_status":"open","ping_status":"open","sticky":false,"template":"","format":"standard","meta":{"_exactmetrics_skip_tracking":false,"_exactmetrics_sitenote_active":false,"_exactmetrics_sitenote_note":"","_exactmetrics_sitenote_category":0,"footnotes":""},"categories":[8],"tags":[20,46,57,30,47],"class_list":["post-291","post","type-post","status-publish","format-standard","hentry","category-eventos","tag-copa-microsoft","tag-copa-talentos-microsoft","tag-evento","tag-microsoft","tag-microsoft-brasil"],"post_mailing_queue_ids":[],"_links":{"self":[{"href":"https:\/\/fabriciolima.net\/blog\/wp-json\/wp\/v2\/posts\/291","targetHints":{"allow":["GET"]}}],"collection":[{"href":"https:\/\/fabriciolima.net\/blog\/wp-json\/wp\/v2\/posts"}],"about":[{"href":"https:\/\/fabriciolima.net\/blog\/wp-json\/wp\/v2\/types\/post"}],"author":[{"embeddable":true,"href":"https:\/\/fabriciolima.net\/blog\/wp-json\/wp\/v2\/users\/1"}],"replies":[{"embeddable":true,"href":"https:\/\/fabriciolima.net\/blog\/wp-json\/wp\/v2\/comments?post=291"}],"version-history":[{"count":0,"href":"https:\/\/fabriciolima.net\/blog\/wp-json\/wp\/v2\/posts\/291\/revisions"}],"wp:attachment":[{"href":"https:\/\/fabriciolima.net\/blog\/wp-json\/wp\/v2\/media?parent=291"}],"wp:term":[{"taxonomy":"category","embeddable":true,"href":"https:\/\/fabriciolima.net\/blog\/wp-json\/wp\/v2\/categories?post=291"},{"taxonomy":"post_tag","embeddable":true,"href":"https:\/\/fabriciolima.net\/blog\/wp-json\/wp\/v2\/tags?post=291"}],"curies":[{"name":"wp","href":"https:\/\/api.w.org\/{rel}","templated":true}]}}