{"id":2903,"date":"2014-03-19T19:07:29","date_gmt":"2014-03-19T21:07:29","guid":{"rendered":"http:\/\/fabriciolima.net\/blog\/?p=2903"},"modified":"2016-07-23T13:30:47","modified_gmt":"2016-07-23T16:30:47","slug":"evento-presencial-gratuito-de-sql-server-em-sao-paulo-eu-vou","status":"publish","type":"post","link":"https:\/\/fabriciolima.net\/blog\/2014\/03\/19\/evento-presencial-gratuito-de-sql-server-em-sao-paulo-eu-vou\/","title":{"rendered":"Evento presencial gratuito de SQL Server em S\u00e3o Paulo &#8211; Eu vou!"},"content":{"rendered":"<p>Fala Pessoal,<\/p>\n<p>Passando para divulgar um evento t\u00e9cnico que ocorrer\u00e1 na sede da Microsoft Brasil em S\u00e3o Paulo.<\/p>\n<p>Pela agenda da figura abaixo, as sess\u00f5es ser\u00e3o de alto n\u00edvel t\u00e9cnico e vale a pena conferir.<\/p>\n<p><!--more--><\/p>\n<p>Para quem for, nos vemos por l\u00e1!!!<\/p>\n<p>Segue o link para a realiza\u00e7\u00e3o das inscri\u00e7\u00f5es:<\/p>\n<p><a href=\"https:\/\/msevents.microsoft.com\/CUI\/EventDetail.aspx?EventID=1032579876&amp;Culture=pt-BR&amp;community=0\" target=\"_blank\">https:\/\/msevents.microsoft.com\/CUI\/EventDetail.aspx?EventID=1032579876&amp;Culture=pt-BR&amp;community=0<\/a><\/p>\n<p style=\"text-align: center;\"><a href=\"https:\/\/www.fabriciolima.net\/blog\/wp-content\/uploads\/2014\/03\/POST-Forum-Tecnico-Sao-Paulo.png\" target=\"_blank\"><img loading=\"lazy\" decoding=\"async\" class=\"size-full wp-image-2904 aligncenter\" title=\"POST Forum Tecnico Sao Paulo\" src=\"https:\/\/www.fabriciolima.net\/blog\/wp-content\/uploads\/2014\/03\/POST-Forum-Tecnico-Sao-Paulo.png\" alt=\"\" width=\"721\" height=\"573\" srcset=\"https:\/\/fabriciolima.net\/blog\/wp-content\/uploads\/2014\/03\/POST-Forum-Tecnico-Sao-Paulo.png 721w, https:\/\/fabriciolima.net\/blog\/wp-content\/uploads\/2014\/03\/POST-Forum-Tecnico-Sao-Paulo-300x238.png 300w, https:\/\/fabriciolima.net\/blog\/wp-content\/uploads\/2014\/03\/POST-Forum-Tecnico-Sao-Paulo-700x556.png 700w, https:\/\/fabriciolima.net\/blog\/wp-content\/uploads\/2014\/03\/POST-Forum-Tecnico-Sao-Paulo-410x326.png 410w, https:\/\/fabriciolima.net\/blog\/wp-content\/uploads\/2014\/03\/POST-Forum-Tecnico-Sao-Paulo-100x79.png 100w, https:\/\/fabriciolima.net\/blog\/wp-content\/uploads\/2014\/03\/POST-Forum-Tecnico-Sao-Paulo-275x219.png 275w, https:\/\/fabriciolima.net\/blog\/wp-content\/uploads\/2014\/03\/POST-Forum-Tecnico-Sao-Paulo-20x16.png 20w\" sizes=\"auto, (max-width: 721px) 100vw, 721px\" \/><\/a><\/p>\n<p>&nbsp;<\/p>\n<p><b>Gostou desse Post?<\/b><\/p>\n<p>Cadastre seu e-mail para receber novos Posts e curta minha <a href=\"https:\/\/www.facebook.com\/FabricioLimaSolucoesemBancodeDados\/\" target=\"_blank\">P\u00e1gina no Facebook<\/a> para receber Dicas de Leituras e Eventos sobre SQL Server.<\/p>\n<p>Abra\u00e7os,<\/p>\n<p>Fabr\u00edcio Lima<\/p>\n<p>MCITP \u2013 Database Administrator<\/p>\n<p>Consultor e Instrutor SQL Server<\/p>\n<p>Trabalha com SQL Server desde 2006<\/p>\n","protected":false},"excerpt":{"rendered":"<p>Fala Pessoal, Passando para divulgar um evento t\u00e9cnico que ocorrer\u00e1 na sede da Microsoft Brasil em S\u00e3o Paulo. Pela agenda da figura abaixo, as sess\u00f5es ser\u00e3o de alto n\u00edvel t\u00e9cnico e vale a pena conferir.<\/p>\n","protected":false},"author":1,"featured_media":0,"comment_status":"open","ping_status":"open","sticky":false,"template":"","format":"standard","meta":{"_exactmetrics_skip_tracking":false,"_exactmetrics_sitenote_active":false,"_exactmetrics_sitenote_note":"","_exactmetrics_sitenote_category":0,"footnotes":""},"categories":[8,12,280],"tags":[5,989,23,431,432,30,789,348,33,428,430,429,433],"class_list":["post-2903","post","type-post","status-publish","format-standard","hentry","category-eventos","category-noticias","category-virtual-pass-br","tag-carreira","tag-community-zone","tag-dba","tag-evento-microsoft","tag-evento-sql-server","tag-microsoft","tag-mvp","tag-palestras-sql-server","tag-sql-server","tag-teched","tag-teched-brasil","tag-techedbr","tag-treinamento"],"post_mailing_queue_ids":[],"_links":{"self":[{"href":"https:\/\/fabriciolima.net\/blog\/wp-json\/wp\/v2\/posts\/2903","targetHints":{"allow":["GET"]}}],"collection":[{"href":"https:\/\/fabriciolima.net\/blog\/wp-json\/wp\/v2\/posts"}],"about":[{"href":"https:\/\/fabriciolima.net\/blog\/wp-json\/wp\/v2\/types\/post"}],"author":[{"embeddable":true,"href":"https:\/\/fabriciolima.net\/blog\/wp-json\/wp\/v2\/users\/1"}],"replies":[{"embeddable":true,"href":"https:\/\/fabriciolima.net\/blog\/wp-json\/wp\/v2\/comments?post=2903"}],"version-history":[{"count":0,"href":"https:\/\/fabriciolima.net\/blog\/wp-json\/wp\/v2\/posts\/2903\/revisions"}],"wp:attachment":[{"href":"https:\/\/fabriciolima.net\/blog\/wp-json\/wp\/v2\/media?parent=2903"}],"wp:term":[{"taxonomy":"category","embeddable":true,"href":"https:\/\/fabriciolima.net\/blog\/wp-json\/wp\/v2\/categories?post=2903"},{"taxonomy":"post_tag","embeddable":true,"href":"https:\/\/fabriciolima.net\/blog\/wp-json\/wp\/v2\/tags?post=2903"}],"curies":[{"name":"wp","href":"https:\/\/api.w.org\/{rel}","templated":true}]}}