{"id":284,"date":"2010-03-22T22:28:45","date_gmt":"2010-03-23T01:28:45","guid":{"rendered":"http:\/\/fabriciodba.wordpress.com\/2010\/03\/22\/aberta-a-copa-microsoft-de-talentos"},"modified":"2016-09-10T23:23:26","modified_gmt":"2016-09-11T02:23:26","slug":"aberta-a-copa-microsoft-de-talentos","status":"publish","type":"post","link":"https:\/\/fabriciolima.net\/blog\/2010\/03\/22\/aberta-a-copa-microsoft-de-talentos\/","title":{"rendered":"Aberta a Copa Microsoft de Talentos"},"content":{"rendered":"<div id=\"msgcns!874FDFFD5EC76B2E!322\" class=\"bvMsg\">\n<p>A <b>Copa Microsoft de Talentos<\/b> \u00e9 uma onda de eventos para a comunidade t\u00e9cnica, que visa apresentar conte\u00fado t\u00e9cnico de alto n\u00edvel de diversos produtos e tecnologias. A disputa ser\u00e1 realizada em duas etapas: a primeira \u00e9 classificat\u00f3ria por pontua\u00e7\u00e3o e a segunda \u00e9 eliminat\u00f3ria.\u00a0<\/p>\n<p>Nessa disputa, os participantes ter\u00e3o acesso a <em>Webcasts<\/em>, <em>Treinamentos Presenciais<\/em>, <em>Artigos<\/em>, entre outros recursos de aprendizados, todos gratuitos.<\/p>\n<p>Os profissionais que mais se dedicarem aos estudos dessas solu\u00e7\u00f5es ser\u00e3o reconhecidos como \u201ccraques\u201d do conhecimento e da tecnologia e poder\u00e3o ganhar os seguintes pr\u00eamios:<\/p>\n<ul>\n<li>\n<div>MSDN ou TechNet Subscription<strong> <\/strong>(Assinatura anual que d\u00e1 acesso a todos os softwares Microsoft para uso profissional)<\/div>\n<\/li>\n<li>\n<div>Camiseta oficial da sele\u00e7\u00e3o brasileira de futebol<\/div>\n<\/li>\n<li>\n<div>Xbox 360<\/div>\n<\/li>\n<li>\n<div>Blu-ray<\/div>\n<\/li>\n<li>\n<div>Home Theater<\/div>\n<\/li>\n<li>\n<div>TV LED 42\u00a0<\/div>\n<\/li>\n<\/ul>\n<\/li>\n<\/ul>\n<p>Eu j\u00e1 estou participando!!! Quer participar tamb\u00e9m? Basta acessar o link\u00a0<a href=\"http:\/\/talentosmicrosoft.com.br\/home.aspx\">Copa Microsoft de Talentos<\/a>.<\/p>\n<p>&nbsp;<br \/>\n<b>Gostou desse Post?<\/b><\/p>\n<p>Cadastre seu e-mail para receber novos Posts e curta minha <a href=\"https:\/\/www.facebook.com\/FabricioLimaSolucoesemBancodeDados\/\" target=\"_blank\">P\u00e1gina no Facebook<\/a> para receber Dicas de Leituras e Eventos sobre SQL Server.<\/p>\n<p>Abra\u00e7os,<\/p>\n<p>Fabr\u00edcio Lima<\/p>\n<p>MCITP \u2013 Database Administrator<\/p>\n<p>Consultor e Instrutor SQL Server<\/p>\n<p>Trabalha com SQL Server desde 2006\n<\/p><\/div>\n","protected":false},"excerpt":{"rendered":"<p>A Copa Microsoft de Talentos \u00e9 uma onda de eventos para a comunidade t\u00e9cnica, que visa apresentar conte\u00fado t\u00e9cnico de alto n\u00edvel de diversos produtos e tecnologias. A disputa ser\u00e1 realizada em duas etapas: a primeira \u00e9 classificat\u00f3ria por pontua\u00e7\u00e3o e a segunda \u00e9 eliminat\u00f3ria.\u00a0 Nessa disputa, os participantes ter\u00e3o acesso a Webcasts, Treinamentos Presenciais, [&hellip;]<\/p>\n","protected":false},"author":1,"featured_media":0,"comment_status":"open","ping_status":"open","sticky":false,"template":"","format":"standard","meta":{"_exactmetrics_skip_tracking":false,"_exactmetrics_sitenote_active":false,"_exactmetrics_sitenote_note":"","_exactmetrics_sitenote_category":0,"footnotes":""},"categories":[8],"tags":[20,46,30,47],"class_list":["post-284","post","type-post","status-publish","format-standard","hentry","category-eventos","tag-copa-microsoft","tag-copa-talentos-microsoft","tag-microsoft","tag-microsoft-brasil"],"post_mailing_queue_ids":[],"_links":{"self":[{"href":"https:\/\/fabriciolima.net\/blog\/wp-json\/wp\/v2\/posts\/284","targetHints":{"allow":["GET"]}}],"collection":[{"href":"https:\/\/fabriciolima.net\/blog\/wp-json\/wp\/v2\/posts"}],"about":[{"href":"https:\/\/fabriciolima.net\/blog\/wp-json\/wp\/v2\/types\/post"}],"author":[{"embeddable":true,"href":"https:\/\/fabriciolima.net\/blog\/wp-json\/wp\/v2\/users\/1"}],"replies":[{"embeddable":true,"href":"https:\/\/fabriciolima.net\/blog\/wp-json\/wp\/v2\/comments?post=284"}],"version-history":[{"count":0,"href":"https:\/\/fabriciolima.net\/blog\/wp-json\/wp\/v2\/posts\/284\/revisions"}],"wp:attachment":[{"href":"https:\/\/fabriciolima.net\/blog\/wp-json\/wp\/v2\/media?parent=284"}],"wp:term":[{"taxonomy":"category","embeddable":true,"href":"https:\/\/fabriciolima.net\/blog\/wp-json\/wp\/v2\/categories?post=284"},{"taxonomy":"post_tag","embeddable":true,"href":"https:\/\/fabriciolima.net\/blog\/wp-json\/wp\/v2\/tags?post=284"}],"curies":[{"name":"wp","href":"https:\/\/api.w.org\/{rel}","templated":true}]}}