{"id":2154,"date":"2013-03-16T10:43:37","date_gmt":"2013-03-16T12:43:37","guid":{"rendered":"http:\/\/fabriciolima.net\/blog\/?p=2154"},"modified":"2016-07-23T23:41:43","modified_gmt":"2016-07-24T02:41:43","slug":"mvp-virtual-conference-100-online-e-gratuito","status":"publish","type":"post","link":"https:\/\/fabriciolima.net\/blog\/2013\/03\/16\/mvp-virtual-conference-100-online-e-gratuito\/","title":{"rendered":"MVP Virtual Conference [100% Online e Gratuito]"},"content":{"rendered":"<p class=\"MsoNormal\" style=\"background: white;\"><span style=\"color: #2a2a2a;\"><br \/>\nOl\u00e1 Pessoal,<\/span><\/p>\n<p class=\"MsoNormal\" style=\"background: white;\"><span style=\"color: #2a2a2a;\">Segue divulga\u00e7\u00e3o de um evento ONLINE e de gra\u00e7a para o crescimento profissional de voc\u00eas. Copiei o texto de divulga\u00e7\u00e3o que recebi por e-mail.<\/span><\/p>\n<p class=\"MsoNormal\" style=\"background: white;\"><span style=\"color: #2a2a2a;\"><br \/>\n<\/span><\/p>\n<table border=\"0\" cellspacing=\"4\" cellpadding=\"0\">\n<tbody>\n<tr>\n<td><span lang=\"PT-BR\">A comunidade de <\/span><span><a href=\"http:\/\/mvp.microsoft.com\/\" target=\"_blank\"><strong><span style=\"color: #0563c1; text-decoration: none;\" lang=\"PT-BR\">Microsoft Most Valuable Professionals (MVP)<\/span><\/strong><\/a><\/span><span lang=\"PT-BR\"> convida voc\u00ea para participar do <\/span><span><a href=\"http:\/\/mvpvirtualconference.azurewebsites.net\/\" target=\"_blank\"><strong><span style=\"color: #0563c1; text-decoration: none;\" lang=\"PT-BR\">MVP Virtual Conference<\/span><\/strong><\/a><\/span><span lang=\"PT-BR\"> dias <strong><span>26, 27 e 28 de Mar\u00e7o<\/span><\/strong> de forma <strong><span>100% online<\/span><\/strong>. <\/span><span lang=\"PT-BR\">Aproveite essa oportunidade de entender e tirar suas d\u00favidas sobre como as tecnologias e produtos Microsoft podem te ajudar a solucionar problemas e\/ou otimizar tarefas do seu dia a dia. Aprenda diretamente com MVPs, profissionais reconhecidos pela Microsoft, independentes e especialistas, al\u00e9m de convidados especiais da comunidade t\u00e9cnica brasileira e da Microsoft, como os arquitetos do <\/span><span><a href=\"http:\/\/www.microsoft.com\/brasil\/mtc\/\" target=\"_blank\"><strong><span style=\"color: #0563c1; text-decoration: none;\" lang=\"PT-BR\">Microsoft Technology Center (MTC)<\/span><\/strong><span><span style=\"text-decoration: none;\" lang=\"PT-BR\">.<\/span><\/span><\/a><\/span><\/p>\n<p><span><strong><span style=\"font-size: 13.5pt;\" lang=\"PT-BR\">Objetivo <\/span><\/strong><\/span><span lang=\"PT-BR\"><br \/>\nApresentar online capacidades e funcionalidades de produtos e tecnologias Microsoft dentro de um contexto baseado em cen\u00e1rios do mundo real. <\/span><\/p>\n<p><span><strong><span style=\"font-size: 13.5pt;\" lang=\"PT-BR\">Formato<\/span><\/strong><\/span><strong><\/strong><strong><span lang=\"PT-BR\"><br \/>\n<\/span><\/strong><span lang=\"PT-BR\">O evento conta com nove diferentes trilhas, abordando t\u00f3picos relevantes a cen\u00e1rios do dia a dia para as empresas, profissionais de TI e desenvolvedores. Durante cada dia de evento, tr\u00eas trilhas ser\u00e3o apresentadas por completa de forma online no formato de um webcast. Cada trilha comtemplar\u00e1 apresenta\u00e7\u00f5es sobre tecnologias e produtos Microsoft dentro de um especifico cen\u00e1rio, finalizando com uma rica sess\u00e3o estilo roundtable com todos os palestrantes da trilha.<\/span><\/p>\n<p><strong><em><span>Hor\u00e1rio das palestras<\/span><\/em><\/strong><em><span>: Das <\/span><\/em><strong><em><span>08:45 \u00e0s 17:00hrs<\/span><\/em><\/strong><em><span> com intervalo para almo\u00e7o das 11:30 \u00e0s 13:00hrs.<\/span><\/em><\/p>\n<p><span><strong><span style=\"font-size: 13.5pt;\" lang=\"PT-BR\">Inscri\u00e7\u00e3o<\/span><\/strong><\/span><strong><\/strong><strong><span lang=\"PT-BR\"><br \/>\n<\/span><\/strong><span lang=\"PT-BR\">As inscri\u00e7\u00f5es s\u00e3o <strong><span>abertas<\/span><\/strong> a todos os interessados. Escolha o(s) t\u00f3pico(s) que mais lhe interessam, clique no respectivo link para realizar a inscri\u00e7\u00e3o e receber uma confirma\u00e7\u00e3o via e-mail para adicionar ao seu calend\u00e1rio. Fique \u00e0 vontade em convidar outras pessoas. Clique no assunto de seu interesse abaixo para realizar a inscri\u00e7\u00e3o.<\/span><span><a href=\"http:\/\/mvpvirtualconference.azurewebsites.net\/\" target=\"_blank\"><strong><span style=\"color: #0563c1; text-decoration: none;\" lang=\"PT-BR\">Clique aqui<\/span><\/strong><\/a><\/span><span lang=\"PT-BR\"> para ver a lista de palestras que voc\u00ea ir\u00e1 encontrar em cada um dos nove assuntos principais.<\/span><\/td>\n<\/tr>\n<\/tbody>\n<\/table>\n<table width=\"100%\" border=\"0\" cellspacing=\"4\" cellpadding=\"0\">\n<tbody>\n<tr>\n<td style=\"background: #cc3300;\" colspan=\"2\">\n<p class=\"MsoNormal\"><strong><span style=\"color: #f6f6f6; font-size: 18pt;\" lang=\"PT-BR\">Dia 26 de Mar\u00e7o \/ ter\u00e7a-feira<\/span><\/strong><strong><\/strong><\/p>\n<\/td>\n<\/tr>\n<tr>\n<td style=\"background: #cccccc;\" width=\"485\">\n<p class=\"MsoNormal\"><strong><span style=\"font-size: 13.5pt;\" lang=\"PT-BR\">Consumeriza\u00e7\u00e3o de TI<\/span><\/strong><span style=\"background: #cccccc; color: #333333; font-size: 9pt;\" lang=\"PT-BR\"><br \/>\n<\/span><strong><span lang=\"PT-BR\">Respons\u00e1vel<\/span><\/strong><span><span style=\"font-size: 9pt;\" lang=\"PT-BR\">: Alexandro Prado &#8211; MVP <\/span><\/span><span style=\"background: #cccccc; color: #333333; font-size: 9pt;\" lang=\"PT-BR\"><br \/>\n<\/span><strong><span lang=\"PT-BR\">Palestrantes<\/span><\/strong><span><span style=\"font-size: 9pt;\" lang=\"PT-BR\">: Jorge Barata (MVP), Paulo Sant\u00b4anna (MTAC), Marcondes Alexandre (MVP), Igor Humberto (MTAC), Rover Marinho (MVP) <\/span><\/span><strong><em><span style=\"background: #cccccc; color: #333333; font-size: 9pt;\" lang=\"PT-BR\"><br \/>\n<em><span>Exemplo de cen\u00e1rio<\/span><\/em><\/span><\/em><\/strong><em><span style=\"background: #cccccc; color: #333333; font-size: 9pt;\" lang=\"PT-BR\">: Para voc\u00ea profissional da \u00e1rea, entender Consumeriza\u00e7\u00e3o de TI e as tecnologias que viabilizam isso passam a ser essenciais para voc\u00ea alcan\u00e7ar e ser bem sucedido na sua empresa e acompanhar essa tend\u00eancia do mercado de TI. Acompanhe esse tema e aprenda como aplicar as tecnologias Microsoft no mundo real. <\/span><\/em><\/p>\n<\/td>\n<td style=\"background: #33ccff;\">\n<p class=\"MsoNormal\" style=\"text-align: center;\" align=\"center\"><strong><span style=\"color: #f6f6f6; font-size: 13.5pt;\"><a href=\"https:\/\/msevents.microsoft.com\/CUI\/EventDetail.aspx?EventID=1032533126&amp;Culture=pt-BR&amp;community=1\" target=\"_blank\"><span><span style=\"text-decoration: none;\">Inscreva-se agora<\/span><\/span><\/a><\/span><\/strong><\/p>\n<\/td>\n<\/tr>\n<tr>\n<td style=\"background: #cccccc;\" width=\"485\">\n<p class=\"MsoNormal\"><strong><span style=\"font-size: 13.5pt;\" lang=\"PT-BR\">Seguran\u00e7a<\/span><\/strong><span style=\"color: #333333; font-size: 9pt;\" lang=\"PT-BR\"><br \/>\n<\/span><strong><span lang=\"PT-BR\">Respons\u00e1vel<\/span><\/strong><span style=\"color: #333333; font-size: 9pt;\" lang=\"PT-BR\">: Rodrigo Immaginario \u2013 MVP<br \/>\n<\/span><strong><span lang=\"PT-BR\">Palestrantes<\/span><\/strong><span style=\"color: #333333; font-size: 9pt;\" lang=\"PT-BR\">: Rodrigo Immaginario (MVP), Alberto Oliveira (MVP), Luciano Lima (MVP), Marcos Tupinamb\u00e1 (MVP)<br \/>\n<em><strong><span>Exemplo de cen\u00e1rio abordado<\/span><\/strong><\/em><em><span>: Uma empresa de consultoria, que possui diversos colaboradores trabalhando de forma remota, recentemente identificou diversas falhas de seguran\u00e7a em sua rede local e na prote\u00e7\u00e3o dos seus projetos confidenciais. Para melhorar a seguran\u00e7a do seu ambiente ser\u00e1 adotado o conceito de &#8220;defesa em profundidade&#8221; mas o projeto dever\u00e1 ser implementado com o m\u00ednimo de investimento e em curto espa\u00e7o de tempo. Veja como as tecnologias j\u00e1 dispon\u00edveis nos sistemas operacionais da Microsoft (Server e Client) pode ajudar.<\/span><\/em> <\/span><\/p>\n<\/td>\n<td style=\"background: #33ccff;\">\n<p class=\"MsoNormal\" style=\"text-align: center;\" align=\"center\"><strong><span style=\"color: #f6f6f6; font-size: 13.5pt;\"><a href=\"https:\/\/msevents.microsoft.com\/CUI\/EventDetail.aspx?EventID=1032547864&amp;Culture=pt-BR&amp;community=1\" target=\"_blank\"><span><span style=\"text-decoration: none;\">Inscreva-se agora<\/span><\/span><\/a><\/span><\/strong><\/p>\n<\/td>\n<\/tr>\n<tr>\n<td style=\"background: #cccccc;\" width=\"485\">\n<p class=\"MsoNormal\"><strong><span style=\"font-size: 13.5pt;\" lang=\"PT-BR\">Gerenciamento de Projetos e Equipes de Desenvolvimento <\/span><\/strong><span style=\"color: #333333; font-size: 9pt;\" lang=\"PT-BR\"><br \/>\n<\/span><strong><span lang=\"PT-BR\">Respons\u00e1veis<\/span><\/strong><span style=\"color: #333333; font-size: 9pt;\" lang=\"PT-BR\">: Andr\u00e9 Dias &#8211; MVP \/ Carlos dos Santos \u2013 MVP<br \/>\n<\/span><strong><span lang=\"PT-BR\">Palestrantes<\/span><\/strong><span style=\"color: #333333; font-size: 9pt;\" lang=\"PT-BR\">: Carlos dos Santos (MVP), Ramon Dur\u00e3es (MVP), Marcelo Azuma (MVP), Cl\u00e1udio Leite (ALM Ranger), Andr\u00e9 Dias (MVP), Igor Abade (MVP), Adriano Bertucci (MVP), Marcio Sete (MVP)<br \/>\n<em><strong><span>Exemplo de cen\u00e1rio abordado:<\/span><\/strong><\/em><em><span> Uma empresa de m\u00e9dio porte est\u00e1 em franco crescimento, aproveitando oportunidades do mercado. Suas aplica\u00e7\u00f5es est\u00e3o se tornando mais complexas e o time de desenvolvedores est\u00e1 crescendo. Nos \u00faltimos anos, a empresa tem sofrido com uma demanda crescente por suporte, devido constantes falhas no software em produ\u00e7\u00e3o. A qualidade do software gerado pelos times \u00e9 sofr\u00edvel e essa percep\u00e7\u00e3o tem crescido no mercado. A empresa espera continuar crescendo, mas precisa corrigir e evitar novos problemas com a gest\u00e3o de seu processo de desenvolvimento de software. Recentemente, a empresa ouviu falar sobre as novas tend\u00eancias no desenvolvimento \u00e1gil e os benef\u00edcios da abordagem para Modern Apps. <\/span><\/em><\/span><\/p>\n<\/td>\n<td style=\"background: #33ccff;\">\n<p class=\"MsoNormal\" style=\"text-align: center;\" align=\"center\"><strong><span style=\"color: #f6f6f6; font-size: 13.5pt;\"><a href=\"https:\/\/msevents.microsoft.com\/CUI\/EventDetail.aspx?EventID=1032547866&amp;Culture=pt-BR&amp;community=1\" target=\"_blank\"><span><span style=\"text-decoration: none;\">Inscreva-se agora<\/span><\/span><\/a><\/span><\/strong><\/p>\n<\/td>\n<\/tr>\n<\/tbody>\n<\/table>\n<table width=\"100%\" border=\"0\" cellspacing=\"4\" cellpadding=\"0\">\n<tbody>\n<tr>\n<td style=\"background: #006600;\" colspan=\"2\">\n<p class=\"MsoNormal\"><strong><span style=\"color: #f6f6f6; font-size: 18pt;\" lang=\"PT-BR\">Dia 27 de Mar\u00e7o \/ quarta-feira<\/span><\/strong><strong><\/strong><\/p>\n<\/td>\n<\/tr>\n<tr>\n<td style=\"background: #cccccc;\" width=\"485\">\n<p class=\"MsoNormal\"><strong><span style=\"font-size: 13.5pt;\" lang=\"PT-BR\">Interoperabilidade no Desenvolvimento e Infraestrutura<\/span><\/strong><span style=\"background: #cccccc; color: #333333; font-size: 9pt;\" lang=\"PT-BR\"><br \/>\n<\/span><strong><span lang=\"PT-BR\">Respons\u00e1veis<\/span><\/strong><span><span style=\"font-size: 9pt;\" lang=\"PT-BR\">: Andr\u00e9 Ruschel &#8211; MVP \/ Rog\u00e9rio de Carvalho &#8211; MVP <\/span><\/span><span style=\"background: #cccccc; color: #333333; font-size: 9pt;\" lang=\"PT-BR\"><br \/>\n<\/span><strong><span lang=\"PT-BR\">Palestrantes<\/span><\/strong><span><span style=\"font-size: 9pt;\" lang=\"PT-BR\">: Andr\u00e9 Ruschel (MVP), Rog\u00e9rio Moraes de Carvalho (MVP), Rogerio Cordeiro (Microsoft) <\/span><\/span><span style=\"background: #cccccc; color: #333333; font-size: 9pt;\" lang=\"PT-BR\"><br \/>\n<em><strong><span>Exemplo de cen\u00e1rio<\/span><\/strong><\/em><em><span>: Uma empresa ampliou seu ambiente de TI recentemente, ap\u00f3s a aquisi\u00e7\u00e3o de duas novas empresas do mercado. Os ambientes de TI das 3 unidades s\u00e3o heterog\u00eaneos, contemplando diferentes cen\u00e1rios para monitora\u00e7\u00e3o, seguran\u00e7a, bancos de dados, desenvolvimento de aplica\u00e7\u00f5es e integra\u00e7\u00e3o de processos. Mesmo antes da consolida\u00e7\u00e3o de todas as unidades, a empresa enfrenta uma demanda crescente por aplica\u00e7\u00f5es consumindo informa\u00e7\u00f5es das 3 unidades de neg\u00f3cio, que rodam em plataformas heterog\u00eaneas. As equipes de desenvolvimento e infraestrutura precisam decidir quais s\u00e3o as tecnologias e abordagens para esse cen\u00e1rio de interoperabilidade interna na empresa. <\/span><\/em><\/span><\/p>\n<\/td>\n<td style=\"background: #33ccff;\">\n<p class=\"MsoNormal\" style=\"text-align: center;\" align=\"center\"><strong><span style=\"color: #f6f6f6; font-size: 13.5pt;\"><a href=\"https:\/\/msevents.microsoft.com\/CUI\/EventDetail.aspx?EventID=1032547868&amp;Culture=pt-BR&amp;community=1\" target=\"_blank\"><span><span style=\"text-decoration: none;\">Inscreva-se agora<\/span><\/span><\/a><\/span><\/strong><\/p>\n<\/td>\n<\/tr>\n<tr>\n<td style=\"background: #cccccc;\" width=\"485\">\n<p class=\"MsoNormal\"><span><strong><span style=\"color: #333333; font-size: 13.5pt;\" lang=\"PT-BR\">Arquitetura e Gerenciamento de TI<\/span><\/strong><\/span><span style=\"color: #333333; font-size: 9pt;\" lang=\"PT-BR\"><br \/>\n<\/span><strong><span lang=\"PT-BR\">Respons\u00e1vel<\/span><\/strong><span style=\"color: #333333; font-size: 9pt;\" lang=\"PT-BR\">: Marcelo Sincic &#8211; MVP<br \/>\n<\/span><strong><span lang=\"PT-BR\">Palestrantes<\/span><\/strong><span style=\"color: #333333; font-size: 9pt;\" lang=\"PT-BR\">: Marcelo Sincic (MVP), H\u00e9lio Panissa (MVP), Waldemir Cambiucci (Microsoft), Daniel Donda (MVP)<br \/>\n<\/span><strong><span lang=\"PT-BR\">Exemplo de cen\u00e1rio<\/span><\/strong><span style=\"color: #333333; font-size: 9pt;\" lang=\"PT-BR\">: Uma empresa possui um datacenter de 3\u00aa gera\u00e7\u00e3o, baseado em servidores blades adotados de diferentes fornecedores. Ao longo dos anos, a empresa tem usado fortemente o modelo de virtualiza\u00e7\u00e3o, mas tem enfrentado desafios no gerenciamento de sua TI. Constantemente, VM\u2019s s\u00e3o perdidas, o processo de suporte e provisionamento \u00e9 lento e n\u00e3o existe um portal de autoatendimento para os clientes de TI, o que exige horas de atendimento telef\u00f4nico e atrasos constantes nas requisi\u00e7\u00f5es. A empresa adota alguns processos de ITIL v3, mas n\u00e3o possui uma ferramenta unificada de gest\u00e3o de processos ITIL. <\/span><\/p>\n<\/td>\n<td style=\"background: #33ccff;\">\n<p class=\"MsoNormal\" style=\"text-align: center;\" align=\"center\"><strong><span style=\"color: #f6f6f6; font-size: 13.5pt;\"><a href=\"https:\/\/msevents.microsoft.com\/CUI\/EventDetail.aspx?EventID=1032547870&amp;Culture=pt-BR&amp;community=1\" target=\"_blank\"><span><span style=\"text-decoration: none;\">Inscreva-se agora<\/span><\/span><\/a><\/span><\/strong><\/p>\n<\/td>\n<\/tr>\n<tr>\n<td style=\"background: #cccccc;\" width=\"485\">\n<p class=\"MsoNormal\"><span><strong><span style=\"color: #333333; font-size: 13.5pt;\" lang=\"PT-BR\">Desenvolvimento de Software e Aplicativos<\/span><\/strong><\/span><span style=\"color: #333333; font-size: 9pt;\" lang=\"PT-BR\"><br \/>\n<\/span><strong><span lang=\"PT-BR\">Respons\u00e1veis<\/span><\/strong><span style=\"color: #333333; font-size: 9pt;\" lang=\"PT-BR\">: Renato Haddad &#8211; MVP \/ Andr\u00e9 Carlucci &#8211; MVP<br \/>\n<\/span><strong><span lang=\"PT-BR\">Palestrantes<\/span><\/strong><span style=\"color: #333333; font-size: 9pt;\" lang=\"PT-BR\">: Renato Haddad (MVP), Victor Cavalcante (MVP), Andr\u00e9 Carlucci (MVP), Rodolpho Marques (MVP)<br \/>\n<em><strong><span>Exemplo de cen\u00e1rio<\/span><\/strong><\/em><em><span>: Uma empresa da \u00e1rea an\u00fancios desenvolve aplica\u00e7\u00f5es para seus mais de 10 mil clientes e est\u00e1 em franco crescimento. O perfil de seus clientes est\u00e1 na classe m\u00e9dia, consumindo cada vez mais dispositivos m\u00f3veis, mas tamb\u00e9m acessando informa\u00e7\u00f5es da empresa atrav\u00e9s de desktops em casa, no trabalho ou atrav\u00e9s de sites na Web. <\/span><\/em><\/span><em><span style=\"color: #333333; font-size: 9pt;\">Como desenvolver novas aplica\u00e7\u00f5es atendendo a todos esses requisitos?<\/span><\/em><\/p>\n<\/td>\n<td style=\"background: #33ccff;\">\n<p class=\"MsoNormal\" style=\"text-align: center;\" align=\"center\"><strong><span style=\"color: #f6f6f6; font-size: 13.5pt;\"><a href=\"https:\/\/msevents.microsoft.com\/CUI\/EventDetail.aspx?EventID=1032547872&amp;Culture=pt-BR&amp;community=1\" target=\"_blank\"><span><span style=\"text-decoration: none;\">Inscreva-se agora<\/span><\/span><\/a><\/span><\/strong><\/p>\n<\/td>\n<\/tr>\n<\/tbody>\n<\/table>\n<table width=\"100%\" border=\"0\" cellspacing=\"4\" cellpadding=\"0\">\n<tbody>\n<tr>\n<td style=\"background: #660066;\" colspan=\"2\">\n<p class=\"MsoNormal\"><strong><span style=\"color: #f6f6f6; font-size: 18pt;\" lang=\"PT-BR\">Dia 28 de Mar\u00e7o \/ <\/span><\/strong><strong><span style=\"color: #f6f6f6; font-size: 18pt;\" lang=\"PT-BR\">quinta-feira<\/span><\/strong><\/p>\n<\/td>\n<\/tr>\n<tr>\n<td style=\"background: #cccccc;\" width=\"485\">\n<p class=\"MsoNormal\"><strong><span style=\"font-size: 13.5pt;\" lang=\"PT-BR\">Produtividade, colabora\u00e7\u00e3o e comunica\u00e7\u00e3o unificada<\/span><\/strong><span style=\"color: #333333; font-size: 9pt;\" lang=\"PT-BR\"><br \/>\n<\/span><strong><span lang=\"PT-BR\">Respons\u00e1vel<\/span><\/strong><span style=\"color: #333333; font-size: 9pt;\" lang=\"PT-BR\">: Jo\u00e3o Benito Savastano &#8211; MVP<br \/>\n<\/span><strong><span lang=\"PT-BR\">Palestrantes<\/span><\/strong><span style=\"color: #333333; font-size: 9pt;\" lang=\"PT-BR\">: Fernando Andreazi (MVP), Sara Barbosa (MVP), Andr\u00e9 Xavier (MVP), Eduardo Freire (MVP), Fernanda Saraiva (MVP), Andrea Morais (Microsoft), Jo\u00e3o Paulo Sevegnani (Microsoft)<br \/>\n<em><strong><span>Exemplo de cen\u00e1rio<\/span><\/strong><\/em><em><span>: Uma empresa da \u00e1rea de vendas possui um n\u00famero grande de vendedores em campo. A maioria de sua for\u00e7a de venda possui pouco tempo para retornar ao escrit\u00f3rio ou sincronizar seus dados, acessando as informa\u00e7\u00f5es da empresa mais de 90% do tempo externamente. Muito processos exigem a aprova\u00e7\u00e3o de workflows ou leitura de e-mails do pessoal em campo. Ao mesmo tempo, a empresa tem percebido um aumento crescente em seus gastos com telefonia, devido a maior capilaridade de empresa pelo Brasil.<\/span><\/em> <\/span><\/p>\n<\/td>\n<td style=\"background: #33ccff;\">\n<p class=\"MsoNormal\" style=\"text-align: center;\" align=\"center\"><strong><span style=\"color: #f6f6f6; font-size: 13.5pt;\"><a href=\"https:\/\/msevents.microsoft.com\/CUI\/EventDetail.aspx?EventID=1032547874&amp;Culture=pt-BR&amp;community=1\" target=\"_blank\"><span><span style=\"text-decoration: none;\">Inscreva-se agora<\/span><\/span><\/a><\/span><\/strong><\/p>\n<\/td>\n<\/tr>\n<tr>\n<td style=\"background: #cccccc;\" width=\"485\">\n<p class=\"MsoNormal\"><strong><span style=\"font-size: 13.5pt;\" lang=\"PT-BR\">Computa\u00e7\u00e3o em Nuvem<\/span><\/strong><span style=\"color: #333333; font-size: 9pt;\" lang=\"PT-BR\"><br \/>\n<\/span><strong><span lang=\"PT-BR\">Respons\u00e1veis<\/span><\/strong><span style=\"color: #333333; font-size: 9pt;\" lang=\"PT-BR\">: Lucas Rom\u00e3o &#8211; MVP, Evil\u00e1zaro Alves &#8211; MVP, Fabr\u00edcio Sanchez &#8211; MVP<br \/>\n<\/span><strong><span lang=\"PT-BR\">Palestrantes<\/span><\/strong><span style=\"color: #333333; font-size: 9pt;\" lang=\"PT-BR\">: Lucas Rom\u00e3o (MVP), Evil\u00e1zaro Alves (MVP), Fabr\u00edcio Sanchez (MVP), Humberto Silva (Microsoft)<br \/>\n<em><strong><span>Exemplo de cen\u00e1rio<\/span><\/strong><\/em><em><span>: Pequenas, m\u00e9dias e grandes empresas hoje avaliam sua infraestrutura, em rela\u00e7\u00e3o aos desafios para o gerenciamento e manuten\u00e7\u00e3o do ambiente de TI. O mercado tem apresentado nos \u00faltimos anos alternativas para a gest\u00e3o de TI, atrav\u00e9s de modelos baseados em nuvem p\u00fablica ou privada. Mais recentemente, a constru\u00e7\u00e3o de nuvens h\u00edbridas tem recebido destaque em f\u00f3runs de arquitetura e gerenciamento de infraestrutura. Uma empresa est\u00e1 hoje com 80% de sua TI baseada em m\u00e1quinas virtuais sem gerenciamento unificado. Outros 20% est\u00e3o em m\u00e1quinas f\u00edsicas, com aplica\u00e7\u00f5es legadas. Como dar o pr\u00f3ximo passo?<\/span><\/em> <\/span><\/p>\n<\/td>\n<td style=\"background: #33ccff;\">\n<p class=\"MsoNormal\" style=\"text-align: center;\" align=\"center\"><strong><span style=\"color: #f6f6f6; font-size: 13.5pt;\"><a href=\"https:\/\/msevents.microsoft.com\/CUI\/EventDetail.aspx?EventID=1032547876&amp;Culture=pt-BR&amp;community=1\" target=\"_blank\"><span><span style=\"text-decoration: none;\">Inscreva-se agora<\/span><\/span><\/a><\/span><\/strong><\/p>\n<\/td>\n<\/tr>\n<tr>\n<td style=\"background: #cccccc;\" width=\"485\">\n<p class=\"MsoNormal\"><span><strong><span style=\"color: #333333; font-size: 13.5pt;\" lang=\"PT-BR\">BI, Big Data e Gerenciamento de Dados<\/span><\/strong><\/span><span style=\"color: #333333; font-size: 9pt;\" lang=\"PT-BR\"><br \/>\n<\/span><strong><span lang=\"PT-BR\">Respons\u00e1veis<\/span><\/strong><span style=\"color: #333333; font-size: 9pt;\" lang=\"PT-BR\">: Luciano Moreira &#8211; MVP, Gustavo Maia &#8211; MVP<br \/>\n<\/span><strong><span lang=\"PT-BR\">Palestrantes<\/span><\/strong><span style=\"color: #333333; font-size: 9pt;\" lang=\"PT-BR\">: Luciano Moreira (MVP), Pericles Rocha (Microsoft), Nilton Pinheiro (MVP), Felipe Ferreira (MVP), Fabiano Amorim (MVP)<br \/>\n<em><strong><span>Exemplo de cen\u00e1rio<\/span><\/strong><\/em><em><span>: A an\u00e1lise de dados \u00e9 um dos principais elementos de sucesso para o bom entendimento de diversas linhas de neg\u00f3cio. Sem uma an\u00e1lise de dados robusta, \u00e9 imposs\u00edvel entender as tend\u00eancias e comportamento de seu neg\u00f3cio, durante as v\u00e1rias fases de sua execu\u00e7\u00e3o. Uma empresa da \u00e1rea financeira deseja analisar o comportamento de risco de seus milhares de clientes e investidores. Ela busca ferramentas de an\u00e1lise e mecanismos de integra\u00e7\u00e3o para consumo de diferentes fontes de dados de seus v\u00e1rios sistemas. <\/span><\/em><\/span><\/p>\n<\/td>\n<td style=\"background: #33ccff;\">\n<p class=\"MsoNormal\" style=\"text-align: center;\" align=\"center\"><span style=\"color: #f6f6f6; font-size: 13.5pt;\"><a href=\"https:\/\/msevents.microsoft.com\/CUI\/EventDetail.aspx?EventID=1032547878&amp;Culture=pt-BR&amp;community=1\" target=\"_blank\"><strong><span style=\"color: #f6f6f6; text-decoration: none;\">Inscreva-se agora<\/span><\/strong><\/a><\/span><\/p>\n<\/td>\n<\/tr>\n<\/tbody>\n<\/table>\n<table border=\"0\" cellspacing=\"4\" cellpadding=\"0\">\n<tbody>\n<tr>\n<td><span lang=\"PT-BR\">Para conhecer mais sobre o Programa MVP, visite o site <\/span><span><a href=\"http:\/\/mvp.microsoft.com\" target=\"_blank\"><span><span style=\"text-decoration: none;\" lang=\"PT-BR\">http:\/\/mvp.microsoft.com<\/span><\/span><\/a><\/span><\/td>\n<\/tr>\n<\/tbody>\n<\/table>\n<p><span lang=\"PT-BR\">Acompanhe tamb\u00e9m as novidades e atividades dos MVPs do Brasil no <\/span><span><a href=\"http:\/\/www.facebook.com\/mvpbr\" target=\"_blank\"><span><span style=\"text-decoration: none;\" lang=\"PT-BR\">Facebook<\/span><\/span><\/a><\/span><span lang=\"PT-BR\"> e <\/span><span><a href=\"http:\/\/twitter.com\/mvpbrasil\" target=\"_blank\"><span><span style=\"text-decoration: none;\" lang=\"PT-BR\">Twitter<\/span><\/span><\/a><\/span><span lang=\"PT-BR\"> oficiais do programa no pa\u00eds.<\/span><\/p>\n<p><b>Gostou desse Post?<\/b><\/p>\n<p>Cadastre seu e-mail para receber novos Posts e curta minha <a href=\"https:\/\/www.facebook.com\/FabricioLimaSolucoesemBancodeDados\/\" target=\"_blank\">P\u00e1gina no Facebook<\/a> para receber Dicas de Leituras e Eventos sobre SQL Server.<\/p>\n<p>Abra\u00e7os,<\/p>\n<p>Fabr\u00edcio Lima<\/p>\n<p>MCITP \u2013 Database Administrator<\/p>\n<p>Consultor e Instrutor SQL Server<\/p>\n<p>Trabalha com SQL Server desde 2006<\/p>\n","protected":false},"excerpt":{"rendered":"<p>Ol\u00e1 Pessoal, Segue divulga\u00e7\u00e3o de um evento ONLINE e de gra\u00e7a para o crescimento profissional de voc\u00eas. Copiei o texto de divulga\u00e7\u00e3o que recebi por e-mail. A comunidade de Microsoft Most Valuable Professionals (MVP) convida voc\u00ea para participar do MVP Virtual Conference dias 26, 27 e 28 de Mar\u00e7o de forma 100% online. Aproveite essa [&hellip;]<\/p>\n","protected":false},"author":1,"featured_media":0,"comment_status":"open","ping_status":"open","sticky":false,"template":"","format":"standard","meta":{"_exactmetrics_skip_tracking":false,"_exactmetrics_sitenote_active":false,"_exactmetrics_sitenote_note":"","_exactmetrics_sitenote_category":0,"footnotes":""},"categories":[8,12],"tags":[5,434,435,23,431,432,30,789,348,33,428,430,429,433],"class_list":["post-2154","post","type-post","status-publish","format-standard","hentry","category-eventos","category-noticias","tag-carreira","tag-community-zone-2011","tag-cz2011","tag-dba","tag-evento-microsoft","tag-evento-sql-server","tag-microsoft","tag-mvp","tag-palestras-sql-server","tag-sql-server","tag-teched","tag-teched-brasil","tag-techedbr","tag-treinamento"],"post_mailing_queue_ids":[],"_links":{"self":[{"href":"https:\/\/fabriciolima.net\/blog\/wp-json\/wp\/v2\/posts\/2154","targetHints":{"allow":["GET"]}}],"collection":[{"href":"https:\/\/fabriciolima.net\/blog\/wp-json\/wp\/v2\/posts"}],"about":[{"href":"https:\/\/fabriciolima.net\/blog\/wp-json\/wp\/v2\/types\/post"}],"author":[{"embeddable":true,"href":"https:\/\/fabriciolima.net\/blog\/wp-json\/wp\/v2\/users\/1"}],"replies":[{"embeddable":true,"href":"https:\/\/fabriciolima.net\/blog\/wp-json\/wp\/v2\/comments?post=2154"}],"version-history":[{"count":0,"href":"https:\/\/fabriciolima.net\/blog\/wp-json\/wp\/v2\/posts\/2154\/revisions"}],"wp:attachment":[{"href":"https:\/\/fabriciolima.net\/blog\/wp-json\/wp\/v2\/media?parent=2154"}],"wp:term":[{"taxonomy":"category","embeddable":true,"href":"https:\/\/fabriciolima.net\/blog\/wp-json\/wp\/v2\/categories?post=2154"},{"taxonomy":"post_tag","embeddable":true,"href":"https:\/\/fabriciolima.net\/blog\/wp-json\/wp\/v2\/tags?post=2154"}],"curies":[{"name":"wp","href":"https:\/\/api.w.org\/{rel}","templated":true}]}}