{"id":20391,"date":"2025-01-13T19:02:57","date_gmt":"2025-01-13T22:02:57","guid":{"rendered":"https:\/\/www.fabriciolima.net\/?p=20391"},"modified":"2025-01-13T19:03:19","modified_gmt":"2025-01-13T22:03:19","slug":"de-estagiario-a-ceo-licoes-de-uma-jornada-real-episodio-02","status":"publish","type":"post","link":"https:\/\/fabriciolima.net\/blog\/2025\/01\/13\/de-estagiario-a-ceo-licoes-de-uma-jornada-real-episodio-02\/","title":{"rendered":"De Estagi\u00e1rio a CEO: Li\u00e7\u00f5es de uma Jornada Real &#8211; Epis\u00f3dio 02"},"content":{"rendered":"<p><img loading=\"lazy\" decoding=\"async\" class=\" wp-image-20392 aligncenter\" src=\"https:\/\/fabriciolima.net\/blog\/wp-content\/uploads\/2025\/01\/estagiario-a-ceo-02-300x300.webp\" alt=\"\" width=\"504\" height=\"504\" srcset=\"https:\/\/fabriciolima.net\/blog\/wp-content\/uploads\/2025\/01\/estagiario-a-ceo-02-300x300.webp 300w, https:\/\/fabriciolima.net\/blog\/wp-content\/uploads\/2025\/01\/estagiario-a-ceo-02-150x150.webp 150w, https:\/\/fabriciolima.net\/blog\/wp-content\/uploads\/2025\/01\/estagiario-a-ceo-02-768x768.webp 768w, https:\/\/fabriciolima.net\/blog\/wp-content\/uploads\/2025\/01\/estagiario-a-ceo-02-700x700.webp 700w, https:\/\/fabriciolima.net\/blog\/wp-content\/uploads\/2025\/01\/estagiario-a-ceo-02-410x410.webp 410w, https:\/\/fabriciolima.net\/blog\/wp-content\/uploads\/2025\/01\/estagiario-a-ceo-02-100x100.webp 100w, https:\/\/fabriciolima.net\/blog\/wp-content\/uploads\/2025\/01\/estagiario-a-ceo-02-275x275.webp 275w, https:\/\/fabriciolima.net\/blog\/wp-content\/uploads\/2025\/01\/estagiario-a-ceo-02.webp 1024w\" sizes=\"auto, (max-width: 504px) 100vw, 504px\" \/><\/p>\n<p id=\"ember60\" class=\"ember-view reader-text-block__paragraph\">No epis\u00f3dio 01 da nossa s\u00e9rie contei para voc\u00eas detalhes de como escolhi fazer o curso de Ci\u00eancia da Computa\u00e7\u00e3o.<\/p>\n<p id=\"ember61\" class=\"ember-view reader-text-block__paragraph\">Quem n\u00e3o leu ainda, vale a leitura:<\/p>\n<p id=\"ember62\" class=\"ember-view reader-text-block__paragraph\"><a class=\"yuTiyfThjbmJEkOhrygcPqcsypqUauKnsvux \" href=\"https:\/\/www.linkedin.com\/pulse\/de-estagi%C3%A1rio-ceo-li%C3%A7%C3%B5es-uma-jornada-real-epis%C3%B3dio-01-fran%C3%A7a-lima-ugxxf\/?trackingId=QWDOsHr2R3iQ%2BwKHEYiS1w%3D%3D\" target=\"_blank\" rel=\"noopener\" data-test-app-aware-link=\"\">De Estagi\u00e1rio a CEO: Li\u00e7\u00f5es de uma Jornada Real &#8211; Epis\u00f3dio 01<\/a><\/p>\n<p id=\"ember63\" class=\"ember-view reader-text-block__paragraph\">No Epis\u00f3dio 02 vou contar como foi minha experi\u00eancia ap\u00f3s entrar na faculdade, antes ainda de conseguir minha primeira vaga de est\u00e1gio, e compartilhar alguns insights que podemos tirar desses momentos que vivi.<\/p>\n<p id=\"ember64\" class=\"ember-view reader-text-block__paragraph\">N\u00e3o sei como est\u00e1 hoje, mas passar em Ci\u00eancia da Computa\u00e7\u00e3o em uma Federal (UFES) em 2003, n\u00e3o era algo f\u00e1cil.<\/p>\n<p id=\"ember65\" class=\"ember-view reader-text-block__paragraph\">Mesmo estudando literalmente 10 horas por dia (contados em um caderno que tinha), eu passei na posi\u00e7\u00e3o de n\u00famero 37 das 40 vagas existentes.<\/p>\n<p id=\"ember66\" class=\"ember-view reader-text-block__paragraph\">Nuss&#8230; Foi por pouco em&#8230;<\/p>\n<p id=\"ember67\" class=\"ember-view reader-text-block__paragraph\">Isso \u00e9 muito louco, por 3 pessoas (1 quest\u00e3o provavelmente), eu n\u00e3o tive que estudar mais um ano inteiro para poder tentar passar novamente j\u00e1 que faculdade particular na \u00e9poca n\u00e3o era uma op\u00e7\u00e3o ($$$).<\/p>\n<p id=\"ember68\" class=\"ember-view reader-text-block__paragraph\">Olha o adianto de um ano de vida que tive. Aquelas 10 horas por dia estudando, se fossem 6 horas ou 7 horas por dia poderiam ter me custado mais um ano estudando tudo novamente.<\/p>\n<p id=\"ember69\" class=\"ember-view reader-text-block__paragraph\"><strong>Insight: As vezes voc\u00ea vai ter que &#8220;sofrer&#8221; um pouco. Abrir m\u00e3o de alguns momentos com amigos, para poder conquistar seus objetivos. <\/strong><\/p>\n<p id=\"ember70\" class=\"ember-view reader-text-block__paragraph\">Isso valeu para meu vestibular, mas usei essa mesma estrat\u00e9gia na minha carreira de DBA e depois para fundar a Power Tuning (contarei esses relatos em epis\u00f3dios futuro da s\u00e9rie).<\/p>\n<p id=\"ember71\" class=\"ember-view reader-text-block__paragraph\">Deixei de pagar mais um ano de cursinho e l\u00e1 na frente comecei a receber $$$ um ano mais cedo quando comecei a trabalhar. Essa foi a recompensa financeira desse ano de dedica\u00e7\u00e3o total ao pr\u00e9-vestibular. Muita coisa!!!<\/p>\n<p id=\"ember72\" class=\"ember-view reader-text-block__paragraph\">Passando no vestibular, chega o dia de entrar na Universidade Federal do Espirito Santo.<\/p>\n<p id=\"ember73\" class=\"ember-view reader-text-block__paragraph\">Imagina eu, que ainda n\u00e3o tinha computador em casa, chegando num curso onde algumas pessoas j\u00e1 at\u00e9 trabalhavam na \u00e1rea. Sofri um bocado at\u00e9 pegar o ritmo deles.<\/p>\n<p id=\"ember74\" class=\"ember-view reader-text-block__paragraph\">Meus pais fizeram o esfor\u00e7o deles e conseguiram comprar um computador assim que passei. Muito Obrigado!!!<\/p>\n<p id=\"ember75\" class=\"ember-view reader-text-block__paragraph\">Nas mat\u00e9rias de matem\u00e1tica e f\u00edsica (que existem at\u00e9 demais em um curso de computa\u00e7\u00e3o) eu me virava bem j\u00e1 que para passar no curso tinha que ser bom em exatas.<\/p>\n<p id=\"ember76\" class=\"ember-view reader-text-block__paragraph\">Agora, nas primeiras mat\u00e9rias de computa\u00e7\u00e3o, de come\u00e7ar a programar, fazer trabalhos, eu passei um aperto grande.<\/p>\n<p id=\"ember77\" class=\"ember-view reader-text-block__paragraph\">Se n\u00e3o fossem algumas duplas de trabalho na faculdade, eu certamente teria problemas em algumas entregas. Eles n\u00e3o devem ter curtido muito, mas infelizmente, os trabalhos dependeram mais deles do que de mim. E n\u00e3o to falando por falta de esfor\u00e7o, mas porque para mim era bem dif\u00edcil mesmo naquela \u00e9poca. Nunca tinha visto nada disso antes.<\/p>\n<p id=\"ember78\" class=\"ember-view reader-text-block__paragraph\">L\u00e1 pelo quinto per\u00edodo de faculdade eu comecei a me sentir mais confort\u00e1vel com as mat\u00e9rias de computa\u00e7\u00e3o e j\u00e1 conseguia me virar mais sozinho. Esse foi meu tempo de pegar o ritmo.<\/p>\n<p id=\"ember79\" class=\"ember-view reader-text-block__paragraph\">Universidade Federal, professores jogavam a mat\u00e9ria na aula daquele jeito, voc\u00ea tinha que se virar por sua conta. Lembro que no quinto per\u00edodo, na mat\u00e9ria de Sistemas Operacionais, o material era 100% em ingl\u00eas. O Fabr\u00edcio daquela \u00e9poca n\u00e3o manjava de ingl\u00eas ainda. Tive que aprender na marra.<\/p>\n<p id=\"ember80\" class=\"ember-view reader-text-block__paragraph\"><strong>Insight: Eu fui um bom DBA tecnicamente, conquistei meu espa\u00e7o nessa \u00e1rea. Mas n\u00e3o nasci sabendo e nunca fui g\u00eanio de TI como podem ver nesse relato aqui. No meu caso foi mais esfor\u00e7o do que talento. Passei longe de ser o Neymar da computa\u00e7\u00e3o.<\/strong><\/p>\n<p id=\"ember81\" class=\"ember-view reader-text-block__paragraph\">N\u00e3o se coloque tanta press\u00e3o se voc\u00ea est\u00e1 demorando para aprender algo ou se tem algu\u00e9m que faz a mesma coisa que voc\u00ea e est\u00e1 voando do seu lado.<\/p>\n<p id=\"ember82\" class=\"ember-view reader-text-block__paragraph\">Siga no seu tempo de aprendizado. <strong>Fa\u00e7a o que est\u00e1 no seu alcance, que e ter a escolha de se esfor\u00e7ar um pouco mais<\/strong> j\u00e1 que tem um GAP de aprendizado para seu fechado.<\/p>\n<p id=\"ember83\" class=\"ember-view reader-text-block__paragraph\">Na faculdade tinham pessoas que voavam nas mat\u00e9rias de progama\u00e7\u00e3o nos primeiros per\u00edodos e eu passava um aperto. Eles passavam com 9 e 10 nas mat\u00e9rias e eu com 6 e 7. Mas com o tempo e muito esfor\u00e7o, comecei a entrar no ritmo e segui bem no curso.<\/p>\n<p id=\"ember84\" class=\"ember-view reader-text-block__paragraph\">No quinto per\u00edodo da faculdade foi quando fui em busca do meu primeiro est\u00e1gio.<\/p>\n<p id=\"ember85\" class=\"ember-view reader-text-block__paragraph\">Consegui um est\u00e1gio de suporte de infra onde fiquei por 3 meses at\u00e9 trocar para outro est\u00e1gio na Dacasa Financeira, est\u00e1gio esse que definiu o rumo da minha hist\u00f3ria.<\/p>\n<p id=\"ember86\" class=\"ember-view reader-text-block__paragraph\">Mas a\u00ed \u00e9 papo para o terceiro epis\u00f3dio da s\u00e9rie de estagi\u00e1rio a CEO.<\/p>\n<p id=\"ember87\" class=\"ember-view reader-text-block__paragraph\">Se j\u00e1 passou dessa fase de faculdade, encaminhe esse relato para seu filho que vai entrar ou j\u00e1 est\u00e1 na faculdade.<\/p>\n<p id=\"ember88\" class=\"ember-view reader-text-block__paragraph\"><strong>A li\u00e7\u00e3o desse epis\u00f3dio \u00e9 que a maioria das pessoas n\u00e3o nasce sabendo. A maioria aqui do Linkedin j\u00e1 passou algum aperto na vida (reprova\u00e7\u00f5es) at\u00e9 conseguir ser o profissional de sucesso que \u00e9 hoje. <\/strong><\/p>\n<p id=\"ember89\" class=\"ember-view reader-text-block__paragraph\">O sucesso que o Linkedin mostra hoje, n\u00e3o tem detalhes dos perrengues que esses profissionais passaram at\u00e9 chegar onde est\u00e3o hoje. Esse \u00e9 o motivo de escrever essa s\u00e9rie. Dar mais detalhes da minha carreira que ainda n\u00e3o tive a oportunidade de contar.<\/p>\n<p id=\"ember90\" class=\"ember-view reader-text-block__paragraph\">Claro que existem alguns poucos casos a parte, como o <a id=\"ember91\" class=\"ember-view\" href=\"https:\/\/www.linkedin.com\/in\/fabianoamorim\/\">Fabiano Neves Amorim<\/a> e <a id=\"ember92\" class=\"ember-view\" href=\"https:\/\/www.linkedin.com\/in\/rodrigoribeirogomes\/\">Rodrigo Ribeiro Gomes<\/a>, que s\u00e3o dois &#8220;malucos de TI&#8221; que tenho a oportunidade de conviver e trabalhar aqui na <a class=\"yuTiyfThjbmJEkOhrygcPqcsypqUauKnsvux \" href=\"https:\/\/www.linkedin.com\/company\/sou-powertuning\/\" data-test-app-aware-link=\"\">Power Tuning<\/a>. Certamente eles ralaram muito para chegarem no n\u00edvel que est\u00e3o, mas esses dois a\u00ed j\u00e1 vieram com um Chip extra na cabe\u00e7a que eu n\u00e3o conseguiria alcan\u00e7ar nem estudando o triplo do que eles estudaram (rsrs).<\/p>\n<p id=\"ember93\" class=\"ember-view reader-text-block__paragraph\">Comentem a\u00ed com mais alguns exemplos de voc\u00eas para enriquecer o conhecimento desse material.<\/p>\n<p id=\"ember94\" class=\"ember-view reader-text-block__paragraph\">Quais apertos ou reprova\u00e7\u00f5es j\u00e1 passaram na vida profissional at\u00e9 conseguirem se tornar esses profissionais de destaque que s\u00e3o hoje?<\/p>\n<p id=\"ember95\" class=\"ember-view reader-text-block__paragraph\">At\u00e9 o epis\u00f3dio 03 da s\u00e9rie De Estagi\u00e1rio a CEO: Li\u00e7\u00f5es de uma Jornada Real<\/p>\n<p id=\"ember96\" class=\"ember-view reader-text-block__paragraph\">Espero que tenham gostado.<\/p>\n<p id=\"ember97\" class=\"ember-view reader-text-block__paragraph\">Fabr\u00edcio Lima,<\/p>\n<p id=\"ember98\" class=\"ember-view reader-text-block__paragraph\">CEO e fundador da Power Tuning<\/p>\n<p id=\"ember99\" class=\"ember-view reader-text-block__paragraph\"><a class=\"yuTiyfThjbmJEkOhrygcPqcsypqUauKnsvux \" href=\"https:\/\/www.linkedin.com\/feed\/hashtag\/?keywords=carreira&amp;highlightedUpdateUrns=urn%3Ali%3Aactivity%3A7283490601403101185\" target=\"_self\" rel=\"noopener\" data-test-app-aware-link=\"\">#carreira<\/a> <a class=\"yuTiyfThjbmJEkOhrygcPqcsypqUauKnsvux \" href=\"https:\/\/www.linkedin.com\/feed\/hashtag\/?keywords=jornada&amp;highlightedUpdateUrns=urn%3Ali%3Aactivity%3A7283490601403101185\" target=\"_self\" rel=\"noopener\" data-test-app-aware-link=\"\">#jornada<\/a> <a class=\"yuTiyfThjbmJEkOhrygcPqcsypqUauKnsvux \" href=\"https:\/\/www.linkedin.com\/feed\/hashtag\/?keywords=estagiario&amp;highlightedUpdateUrns=urn%3Ali%3Aactivity%3A7283490601403101185\" target=\"_self\" rel=\"noopener\" data-test-app-aware-link=\"\">#estagiario<\/a> <a class=\"yuTiyfThjbmJEkOhrygcPqcsypqUauKnsvux \" href=\"https:\/\/www.linkedin.com\/feed\/hashtag\/?keywords=ceo&amp;highlightedUpdateUrns=urn%3Ali%3Aactivity%3A7283490601403101185\" target=\"_self\" rel=\"noopener\" data-test-app-aware-link=\"\">#ceo<\/a><\/p>\n","protected":false},"excerpt":{"rendered":"<p>No epis\u00f3dio 01 da nossa s\u00e9rie contei para voc\u00eas detalhes de como escolhi fazer o curso de Ci\u00eancia da Computa\u00e7\u00e3o. Quem n\u00e3o leu ainda, vale a leitura: De Estagi\u00e1rio a CEO: Li\u00e7\u00f5es de uma Jornada Real &#8211; Epis\u00f3dio 01 No Epis\u00f3dio 02 vou contar como foi minha experi\u00eancia ap\u00f3s entrar na faculdade, antes ainda de [&hellip;]<\/p>\n","protected":false},"author":1,"featured_media":0,"comment_status":"open","ping_status":"open","sticky":false,"template":"","format":"standard","meta":{"_exactmetrics_skip_tracking":false,"_exactmetrics_sitenote_active":false,"_exactmetrics_sitenote_note":"","_exactmetrics_sitenote_category":0,"footnotes":""},"categories":[12],"tags":[2107,2120,5,2103,2122,2105,2124,2108,2106,1628,2102,2111,2112,2125,2116,2113,2104,2110,697,2117,2109,1901,472,2114,2119,2123,2115,2118,2074,2121],"class_list":["post-20391","post","type-post","status-publish","format-standard","hentry","category-noticias","tag-aprendizado-continuo","tag-autoconhecimento","tag-carreira","tag-ceo","tag-construcao-de-carreira","tag-crescimento-pessoal","tag-cultura-organizacional","tag-desafios-profissionais","tag-desenvolvimento-profissional","tag-empreendedorismo","tag-estagiario","tag-experiencia-corporativa","tag-gestao","tag-habilidades-profissionais","tag-hard-skills","tag-inovacao","tag-jornada-profissional","tag-licoes-de-carreira","tag-lideranca","tag-mentoria","tag-mercado-de-trabalho","tag-motivacao","tag-networking","tag-planejamento-de-carreira","tag-proposito","tag-responsabilidade","tag-soft-skills","tag-sucesso-profissional","tag-superacao","tag-tomada-de-decisao"],"post_mailing_queue_ids":[],"_links":{"self":[{"href":"https:\/\/fabriciolima.net\/blog\/wp-json\/wp\/v2\/posts\/20391","targetHints":{"allow":["GET"]}}],"collection":[{"href":"https:\/\/fabriciolima.net\/blog\/wp-json\/wp\/v2\/posts"}],"about":[{"href":"https:\/\/fabriciolima.net\/blog\/wp-json\/wp\/v2\/types\/post"}],"author":[{"embeddable":true,"href":"https:\/\/fabriciolima.net\/blog\/wp-json\/wp\/v2\/users\/1"}],"replies":[{"embeddable":true,"href":"https:\/\/fabriciolima.net\/blog\/wp-json\/wp\/v2\/comments?post=20391"}],"version-history":[{"count":2,"href":"https:\/\/fabriciolima.net\/blog\/wp-json\/wp\/v2\/posts\/20391\/revisions"}],"predecessor-version":[{"id":20394,"href":"https:\/\/fabriciolima.net\/blog\/wp-json\/wp\/v2\/posts\/20391\/revisions\/20394"}],"wp:attachment":[{"href":"https:\/\/fabriciolima.net\/blog\/wp-json\/wp\/v2\/media?parent=20391"}],"wp:term":[{"taxonomy":"category","embeddable":true,"href":"https:\/\/fabriciolima.net\/blog\/wp-json\/wp\/v2\/categories?post=20391"},{"taxonomy":"post_tag","embeddable":true,"href":"https:\/\/fabriciolima.net\/blog\/wp-json\/wp\/v2\/tags?post=20391"}],"curies":[{"name":"wp","href":"https:\/\/api.w.org\/{rel}","templated":true}]}}