{"id":20376,"date":"2025-01-11T10:16:12","date_gmt":"2025-01-11T13:16:12","guid":{"rendered":"https:\/\/www.fabriciolima.net\/?p=20376"},"modified":"2025-01-13T19:01:47","modified_gmt":"2025-01-13T22:01:47","slug":"de-estagiario-a-ceo-licoes-de-uma-jornada-real-episodio-01","status":"publish","type":"post","link":"https:\/\/fabriciolima.net\/blog\/2025\/01\/11\/de-estagiario-a-ceo-licoes-de-uma-jornada-real-episodio-01\/","title":{"rendered":"De Estagi\u00e1rio a CEO: Li\u00e7\u00f5es de uma Jornada Real &#8211; Epis\u00f3dio 01"},"content":{"rendered":"<p><img loading=\"lazy\" decoding=\"async\" class=\" wp-image-20384 aligncenter\" src=\"https:\/\/fabriciolima.net\/blog\/wp-content\/uploads\/2025\/01\/foto-de-estagiario-a-CEO-300x300.webp\" alt=\"\" width=\"555\" height=\"555\" srcset=\"https:\/\/fabriciolima.net\/blog\/wp-content\/uploads\/2025\/01\/foto-de-estagiario-a-CEO-300x300.webp 300w, https:\/\/fabriciolima.net\/blog\/wp-content\/uploads\/2025\/01\/foto-de-estagiario-a-CEO-150x150.webp 150w, https:\/\/fabriciolima.net\/blog\/wp-content\/uploads\/2025\/01\/foto-de-estagiario-a-CEO-768x768.webp 768w, https:\/\/fabriciolima.net\/blog\/wp-content\/uploads\/2025\/01\/foto-de-estagiario-a-CEO-700x700.webp 700w, https:\/\/fabriciolima.net\/blog\/wp-content\/uploads\/2025\/01\/foto-de-estagiario-a-CEO-410x410.webp 410w, https:\/\/fabriciolima.net\/blog\/wp-content\/uploads\/2025\/01\/foto-de-estagiario-a-CEO-100x100.webp 100w, https:\/\/fabriciolima.net\/blog\/wp-content\/uploads\/2025\/01\/foto-de-estagiario-a-CEO-275x275.webp 275w, https:\/\/fabriciolima.net\/blog\/wp-content\/uploads\/2025\/01\/foto-de-estagiario-a-CEO.webp 1024w\" sizes=\"auto, (max-width: 555px) 100vw, 555px\" \/><\/p>\n<p>Fala Pessoal,<\/p>\n<p>Iniciei uma s\u00e9rie de posts no Linkedin e resolvi colocar aqui no Blog tamb\u00e9m para ficar mais f\u00e1cil acessar todos depois.<\/p>\n<p>Me sigam l\u00e1 no <a href=\"https:\/\/www.linkedin.com\/feed\/update\/urn:li:activity:7283490601403101185\/\" target=\"_blank\" rel=\"noopener\">Linkedin<\/a>.<\/p>\n<p>Assine a newsletter para n\u00e3o perder os pr\u00f3ximos posts da s\u00e9rie: <a href=\"https:\/\/www.linkedin.com\/newsletters\/de-estagi%C3%A1rio-a-ceo-7283836700483538945\/\" target=\"_blank\" rel=\"noopener\">https:\/\/www.linkedin.com\/newsletters\/de-estagi%C3%A1rio-a-ceo-7283836700483538945\/<\/a><\/p>\n<p>Segue abaixo o texto:<\/p>\n<p>&nbsp;<\/p>\n<p>Iniciando essa s\u00e9rie de posts aqui no Linkedin, hoje vou falar de um passo da minha vida antes de virar estagi\u00e1rio, a escolha da \u00e1rea de TI.<\/p>\n<p>Esse ponto aqui pode n\u00e3o dar insights para a carreira de quem j\u00e1 est\u00e1 aqui no linkedin, mas vai servir para os filhos de voc\u00eas que est\u00e3o aqui no Linkedin.<\/p>\n<p>Eu Fabr\u00edcio, n\u00e3o tinha um sonho de trabalhar com TI e tamb\u00e9m n\u00e3o tinha ningu\u00e9m na fam\u00edlia que me incentivou a trabalhar com TI.<\/p>\n<p>Eu gostava das mat\u00e9rias de exatas, ent\u00e3o na v\u00e9spera de me inscrever no vestibular, analisei os cursos de exatas, nem tinha computador em casa, mas computa\u00e7\u00e3o foi o que mais me chamou aten\u00e7\u00e3o de todos os cursos existentes na \u00e9poca.<\/p>\n<p>Passei em Ci\u00eancia da Computa\u00e7\u00e3o na Ufes de primeira, pois fiquei o ano inteiro estudando umas 10 horas por dia j\u00e1 contando o tempo das aulas na escola.<\/p>\n<p>A li\u00e7\u00e3o do epis\u00f3dio 01 dessa jornada de hoje \u00e9 que n\u00e3o vai ser todo mundo que vai ter a carreira que sempre sonhou desde pequeno.<\/p>\n<p>Sonho ser m\u00e9dico&#8230; advogado&#8230; engenheiro&#8230; empres\u00e1rio&#8230; atleta&#8230;<\/p>\n<p>Minha escolha foi por afinidade de mat\u00e9rias e deu muito certo. Nem tinha essa vis\u00e3o de que TI seria uma profiss\u00e3o t\u00e3o grande no futuro.<\/p>\n<p>\u00c9 claro que n\u00f3s, como pais, temos o dever hoje de mostrar as op\u00e7\u00f5es para nossos filhos. Ajudar ele a entender como \u00e9 o mercado, exemplos de pessoas que tem a mesma profiss\u00e3o que ele quer ter, etc&#8230;<\/p>\n<p>E aos profissionais aqui do Linkedin, trocar de carreira \u00e9 cada vez mais comum hoje. Na <a class=\"FTjHluXZKSEiALgwlatFdiSTzoafwZY \" href=\"https:\/\/www.linkedin.com\/company\/sou-powertuning\/\" target=\"_blank\" rel=\"noopener\" data-test-app-aware-link=\"\">Power Tuning<\/a> j\u00e1 tivemos alguns casos.<\/p>\n<p>S\u00f3 que, voc\u00ea vai ter que juntar um dinheiro para aceitar come\u00e7ar do zero na outra \u00e1rea ganhando pouco como iniciante.<\/p>\n<p>O <a id=\"ember3472\" class=\"ember-view\" href=\"https:\/\/www.linkedin.com\/in\/ricardo-barcelos-49b848a1\/\" target=\"_blank\" rel=\"noopener\">Ricardo Barcelos<\/a> foi representante de vendas por mais de 15 anos e hoje \u00e9 um dos nossos melhores DBAs SQL Server. Mas come\u00e7ou ganhando como &#8220;trainee&#8221; de DBA at\u00e9 ir crescendo.<\/p>\n<p>O <a id=\"ember3473\" class=\"ember-view\" href=\"https:\/\/www.linkedin.com\/in\/walter-luiz-favarato-cutini-54697759\/\" target=\"_blank\" rel=\"noopener\">Walter Luiz Favarato Cutini<\/a> foi desenvolvedor por mais de 10 anos e hoje \u00e9 nosso melhor DBA de Tuning da Power. Mesma coisa, juntou uma grana, entrou ganhando bem pouco na Power como &#8220;trainee&#8221; de DBA e voou depois.<\/p>\n<p>Trouxe esses 2 de exemplo, mas existem outros casos assim na Power.<\/p>\n<p>O que acham desse assunto de escolha de carreira e troca de carreira?<\/p>\n<p>Comentem ai.<\/p>\n<p>At\u00e9 o epis\u00f3dio 02 da s\u00e9rie De Estagi\u00e1rio a CEO: Li\u00e7\u00f5es de uma Jornada Real<\/p>\n<p><a class=\"FTjHluXZKSEiALgwlatFdiSTzoafwZY \" href=\"https:\/\/www.linkedin.com\/feed\/hashtag\/?keywords=carreira&amp;highlightedUpdateUrns=urn%3Ali%3Aactivity%3A7283490601403101185\" data-test-app-aware-link=\"\"><span aria-hidden=\"true\">#<\/span>carreira<\/a> <a class=\"FTjHluXZKSEiALgwlatFdiSTzoafwZY \" href=\"https:\/\/www.linkedin.com\/feed\/hashtag\/?keywords=jornada&amp;highlightedUpdateUrns=urn%3Ali%3Aactivity%3A7283490601403101185\" data-test-app-aware-link=\"\"><span aria-hidden=\"true\">#<\/span>jornada<\/a> <a class=\"FTjHluXZKSEiALgwlatFdiSTzoafwZY \" href=\"https:\/\/www.linkedin.com\/feed\/hashtag\/?keywords=estagiario&amp;highlightedUpdateUrns=urn%3Ali%3Aactivity%3A7283490601403101185\" data-test-app-aware-link=\"\"><span aria-hidden=\"true\">#<\/span>estagiario<\/a> <a class=\"FTjHluXZKSEiALgwlatFdiSTzoafwZY \" href=\"https:\/\/www.linkedin.com\/feed\/hashtag\/?keywords=ceo&amp;highlightedUpdateUrns=urn%3Ali%3Aactivity%3A7283490601403101185\" data-test-app-aware-link=\"\"><span aria-hidden=\"true\">#<\/span>ceo<\/a><\/p>\n","protected":false},"excerpt":{"rendered":"<p>Fala Pessoal, Iniciei uma s\u00e9rie de posts no Linkedin e resolvi colocar aqui no Blog tamb\u00e9m para ficar mais f\u00e1cil acessar todos depois. Me sigam l\u00e1 no Linkedin. Assine a newsletter para n\u00e3o perder os pr\u00f3ximos posts da s\u00e9rie: https:\/\/www.linkedin.com\/newsletters\/de-estagi%C3%A1rio-a-ceo-7283836700483538945\/ Segue abaixo o texto: &nbsp; Iniciando essa s\u00e9rie de posts aqui no Linkedin, hoje vou [&hellip;]<\/p>\n","protected":false},"author":1,"featured_media":0,"comment_status":"open","ping_status":"open","sticky":false,"template":"","format":"standard","meta":{"_exactmetrics_skip_tracking":false,"_exactmetrics_sitenote_active":false,"_exactmetrics_sitenote_note":"","_exactmetrics_sitenote_category":0,"footnotes":""},"categories":[12],"tags":[2100,2078,103,5,2081,2082,2098,2075,23,2087,2068,2099,832,2090,2095,2063,2086,2096,2084,2091,2101,2093,2092,2083,2073,2065,2067,2070,1900,2077,2097,1901,2088,2066,2076,2072,2071,2094,1816,2079,2069,2089,2085,2074,809,2064,2080],"class_list":["post-20376","post","type-post","status-publish","format-standard","hentry","category-noticias","tag-adaptabilidade","tag-aprendizado","tag-blog","tag-carreira","tag-ciencia","tag-computacao","tag-conquistas","tag-crescimento","tag-dba","tag-dedicacao","tag-deestagiarioaceo","tag-desafios","tag-desenvolvimento","tag-dicasprofissionais","tag-escolhaassertiva","tag-escolhacerta","tag-esforco","tag-estudo","tag-exemplosdevida","tag-formacao","tag-formacaoemti","tag-futuro","tag-habilidades","tag-historiasinspiradoras","tag-historiasreais","tag-inspiracao","tag-jornadaprofissional","tag-jovensprofissionais","tag-linkedin","tag-mercadoti","tag-metas","tag-motivacao","tag-mudanca","tag-mudancadecarreira","tag-oportunidades","tag-orientacaodecarreira","tag-paisefilhos","tag-planejamento","tag-powertuning","tag-primeiraoportunidade","tag-profissao","tag-recomeco","tag-sucesso","tag-superacao","tag-ti","tag-transicaodecarreira","tag-vestibular"],"post_mailing_queue_ids":[],"_links":{"self":[{"href":"https:\/\/fabriciolima.net\/blog\/wp-json\/wp\/v2\/posts\/20376","targetHints":{"allow":["GET"]}}],"collection":[{"href":"https:\/\/fabriciolima.net\/blog\/wp-json\/wp\/v2\/posts"}],"about":[{"href":"https:\/\/fabriciolima.net\/blog\/wp-json\/wp\/v2\/types\/post"}],"author":[{"embeddable":true,"href":"https:\/\/fabriciolima.net\/blog\/wp-json\/wp\/v2\/users\/1"}],"replies":[{"embeddable":true,"href":"https:\/\/fabriciolima.net\/blog\/wp-json\/wp\/v2\/comments?post=20376"}],"version-history":[{"count":4,"href":"https:\/\/fabriciolima.net\/blog\/wp-json\/wp\/v2\/posts\/20376\/revisions"}],"predecessor-version":[{"id":20385,"href":"https:\/\/fabriciolima.net\/blog\/wp-json\/wp\/v2\/posts\/20376\/revisions\/20385"}],"wp:attachment":[{"href":"https:\/\/fabriciolima.net\/blog\/wp-json\/wp\/v2\/media?parent=20376"}],"wp:term":[{"taxonomy":"category","embeddable":true,"href":"https:\/\/fabriciolima.net\/blog\/wp-json\/wp\/v2\/categories?post=20376"},{"taxonomy":"post_tag","embeddable":true,"href":"https:\/\/fabriciolima.net\/blog\/wp-json\/wp\/v2\/tags?post=20376"}],"curies":[{"name":"wp","href":"https:\/\/api.w.org\/{rel}","templated":true}]}}