{"id":19637,"date":"2024-06-11T13:48:16","date_gmt":"2024-06-11T16:48:16","guid":{"rendered":"https:\/\/www.fabriciolima.net\/?p=19637"},"modified":"2024-06-11T13:53:20","modified_gmt":"2024-06-11T16:53:20","slug":"powertuning-em-a-gazeta","status":"publish","type":"post","link":"https:\/\/fabriciolima.net\/blog\/2024\/06\/11\/powertuning-em-a-gazeta\/","title":{"rendered":"[Power na m\u00eddia] Saiba como expandir o Power BI nas empresas e ao mesmo tempo reduzir custos"},"content":{"rendered":"<p><img loading=\"lazy\" decoding=\"async\" class=\" wp-image-19639 aligncenter\" src=\"https:\/\/fabriciolima.net\/blog\/wp-content\/uploads\/2024\/06\/rede-gazeta-300x215.jpg\" alt=\"\" width=\"559\" height=\"401\" srcset=\"https:\/\/fabriciolima.net\/blog\/wp-content\/uploads\/2024\/06\/rede-gazeta-300x215.jpg 300w, https:\/\/fabriciolima.net\/blog\/wp-content\/uploads\/2024\/06\/rede-gazeta-1024x733.jpg 1024w, https:\/\/fabriciolima.net\/blog\/wp-content\/uploads\/2024\/06\/rede-gazeta-768x550.jpg 768w, https:\/\/fabriciolima.net\/blog\/wp-content\/uploads\/2024\/06\/rede-gazeta-700x501.jpg 700w, https:\/\/fabriciolima.net\/blog\/wp-content\/uploads\/2024\/06\/rede-gazeta-410x294.jpg 410w, https:\/\/fabriciolima.net\/blog\/wp-content\/uploads\/2024\/06\/rede-gazeta-100x72.jpg 100w, https:\/\/fabriciolima.net\/blog\/wp-content\/uploads\/2024\/06\/rede-gazeta-275x197.jpg 275w, https:\/\/fabriciolima.net\/blog\/wp-content\/uploads\/2024\/06\/rede-gazeta-20x14.jpg 20w, https:\/\/fabriciolima.net\/blog\/wp-content\/uploads\/2024\/06\/rede-gazeta.jpg 1362w\" sizes=\"auto, (max-width: 559px) 100vw, 559px\" \/><\/p>\n<p>Fala Pessoal,<\/p>\n<p>Passando aqui s\u00f3 para compartilhar com voc\u00eas que saiu uma reportagem em A Gazeta, o maior portal de not\u00edcias aqui do Espirito Santo, falando sobre o Power Embedded:<\/p>\n<ul>\n<li style=\"text-align: left;\"><a href=\"https:\/\/www.agazeta.com.br\/conteudo-de-marca\/saiba-como-expandir-o-power-bi-nas-empresas-e-ao-mesmo-tempo-reduzir-custos-0624\" target=\"_blank\" rel=\"noopener\">Reportagem Power Embedded A Gazeta<\/a><\/li>\n<\/ul>\n<p>\u00c9 um produto bom, bonito e mais barato que o Power BI.<\/p>\n<p>Quem usa Power BI tem a obriga\u00e7\u00e3o de ao menos conhecer.<\/p>\n<p>&nbsp;<\/p>\n<p>Abra\u00e7os,<\/p>\n<p>Fabr\u00edcio Lima<\/p>\n<p>CEO na Fabr\u00edcio Lima Solu\u00e7\u00f5es em BD<\/p>\n<p>Microsoft Data Platform MVP<\/p>\n<p>Instagram:<a class=\"external-link wpel-icon-left\" href=\"https:\/\/www.instagram.com\/fabriciofrancalima\/\" target=\"_blank\" rel=\"noopener external noreferrer nofollow\" data-wpel-link=\"external\">@fabriciofrancalima<\/a><\/p>\n<p>Linkedin:\u00a0<a class=\"external-link wpel-icon-left\" href=\"https:\/\/www.linkedin.com\/in\/fabriciofrancalima\/\" target=\"_blank\" rel=\"noopener noreferrer external nofollow\" data-wpel-link=\"external\">https:\/\/www.linkedin.com\/in\/fabriciofrancalima\/<\/a><\/p>\n<p>Consultoria:\u00a0comercial@powertuning.com.br<\/p>\n<p>&nbsp;<\/p>\n","protected":false},"excerpt":{"rendered":"<p>Fala Pessoal, Passando aqui s\u00f3 para compartilhar com voc\u00eas que saiu uma reportagem em A Gazeta, o maior portal de not\u00edcias aqui do Espirito Santo, falando sobre o Power Embedded: Reportagem Power Embedded A Gazeta \u00c9 um produto bom, bonito e mais barato que o Power BI. Quem usa Power BI tem a obriga\u00e7\u00e3o de [&hellip;]<\/p>\n","protected":false},"author":1,"featured_media":0,"comment_status":"open","ping_status":"open","sticky":false,"template":"","format":"standard","meta":{"_exactmetrics_skip_tracking":false,"_exactmetrics_sitenote_active":false,"_exactmetrics_sitenote_note":"","_exactmetrics_sitenote_category":0,"footnotes":""},"categories":[12],"tags":[2022,2025,1540,2021,2024,2023],"class_list":["post-19637","post","type-post","status-publish","format-standard","hentry","category-noticias","tag-a-gazeta","tag-economia-de-custos","tag-power-bi","tag-power-embedded","tag-power-tuning-na-midia","tag-rede-gazeta"],"post_mailing_queue_ids":[],"_links":{"self":[{"href":"https:\/\/fabriciolima.net\/blog\/wp-json\/wp\/v2\/posts\/19637","targetHints":{"allow":["GET"]}}],"collection":[{"href":"https:\/\/fabriciolima.net\/blog\/wp-json\/wp\/v2\/posts"}],"about":[{"href":"https:\/\/fabriciolima.net\/blog\/wp-json\/wp\/v2\/types\/post"}],"author":[{"embeddable":true,"href":"https:\/\/fabriciolima.net\/blog\/wp-json\/wp\/v2\/users\/1"}],"replies":[{"embeddable":true,"href":"https:\/\/fabriciolima.net\/blog\/wp-json\/wp\/v2\/comments?post=19637"}],"version-history":[{"count":3,"href":"https:\/\/fabriciolima.net\/blog\/wp-json\/wp\/v2\/posts\/19637\/revisions"}],"predecessor-version":[{"id":19641,"href":"https:\/\/fabriciolima.net\/blog\/wp-json\/wp\/v2\/posts\/19637\/revisions\/19641"}],"wp:attachment":[{"href":"https:\/\/fabriciolima.net\/blog\/wp-json\/wp\/v2\/media?parent=19637"}],"wp:term":[{"taxonomy":"category","embeddable":true,"href":"https:\/\/fabriciolima.net\/blog\/wp-json\/wp\/v2\/categories?post=19637"},{"taxonomy":"post_tag","embeddable":true,"href":"https:\/\/fabriciolima.net\/blog\/wp-json\/wp\/v2\/tags?post=19637"}],"curies":[{"name":"wp","href":"https:\/\/api.w.org\/{rel}","templated":true}]}}