{"id":18812,"date":"2023-07-03T11:20:11","date_gmt":"2023-07-03T14:20:11","guid":{"rendered":"https:\/\/www.fabriciolima.net\/?p=18812"},"modified":"2023-07-03T11:20:11","modified_gmt":"2023-07-03T14:20:11","slug":"9-anos-de-power-tuning-nosso-escopo-aumentou-e-agora-podemos-ajudar-muito-mais-empresas","status":"publish","type":"post","link":"https:\/\/fabriciolima.net\/blog\/2023\/07\/03\/9-anos-de-power-tuning-nosso-escopo-aumentou-e-agora-podemos-ajudar-muito-mais-empresas\/","title":{"rendered":"[9 anos de Power Tuning] Nosso escopo aumentou e agora podemos ajudar muito mais empresas"},"content":{"rendered":"<p><img loading=\"lazy\" decoding=\"async\" class=\" wp-image-18823 aligncenter\" src=\"https:\/\/fabriciolima.net\/blog\/wp-content\/uploads\/2023\/07\/MicrosoftTeams-image-17-169x300.png\" alt=\"\" width=\"294\" height=\"522\" srcset=\"https:\/\/fabriciolima.net\/blog\/wp-content\/uploads\/2023\/07\/MicrosoftTeams-image-17-169x300.png 169w, https:\/\/fabriciolima.net\/blog\/wp-content\/uploads\/2023\/07\/MicrosoftTeams-image-17-576x1024.png 576w, https:\/\/fabriciolima.net\/blog\/wp-content\/uploads\/2023\/07\/MicrosoftTeams-image-17-768x1365.png 768w, https:\/\/fabriciolima.net\/blog\/wp-content\/uploads\/2023\/07\/MicrosoftTeams-image-17-864x1536.png 864w, https:\/\/fabriciolima.net\/blog\/wp-content\/uploads\/2023\/07\/MicrosoftTeams-image-17-700x1244.png 700w, https:\/\/fabriciolima.net\/blog\/wp-content\/uploads\/2023\/07\/MicrosoftTeams-image-17-410x729.png 410w, https:\/\/fabriciolima.net\/blog\/wp-content\/uploads\/2023\/07\/MicrosoftTeams-image-17-100x178.png 100w, https:\/\/fabriciolima.net\/blog\/wp-content\/uploads\/2023\/07\/MicrosoftTeams-image-17-275x489.png 275w, https:\/\/fabriciolima.net\/blog\/wp-content\/uploads\/2023\/07\/MicrosoftTeams-image-17-11x20.png 11w, https:\/\/fabriciolima.net\/blog\/wp-content\/uploads\/2023\/07\/MicrosoftTeams-image-17.png 1080w\" sizes=\"auto, (max-width: 294px) 100vw, 294px\" \/><\/p>\n<p>Fala Pessoal,<\/p>\n<p>Mantendo a tradi\u00e7\u00e3o, escrevi l\u00e1 no blog da Power Tuning o post do nosso anivers\u00e1rio de 9 anos.<\/p>\n<p>Confiram l\u00e1:\u00a0<a href=\"https:\/\/powertuning.com.br\/9-anos-de-power-tuning-nosso-escopo-aumentou-e-agora-podemos-ajudar-muito-mais-empresas\/\" target=\"_blank\" rel=\"noopener\">[9 anos de Power Tuning] Nosso escopo aumentou e agora podemos ajudar muito mais empresas \u2013 Power Tuning<\/a><\/p>\n<p>Vamos que vamos para mais 365 dias de muito trabalho com esse grande Time. Sem um time bom e forte, a Power Tuning n\u00e3o cresceria nada,\u00a0<strong>obrigado fam\u00edlia Power Tuning!<\/strong><\/p>\n<p><strong>Obrigado tamb\u00e9m a todos voc\u00eas pelas indica\u00e7\u00f5es que nos fizeram chegar at\u00e9 aqui.<\/strong><\/p>\n<p>Abra\u00e7os,<\/p>\n<p>Fabr\u00edcio Lima<\/p>\n<p>CEO Power Tuning<\/p>\n<p>Microsoft Data Platform MVP<\/p>\n<p>Instagram:\u00a0<a class=\"external-link wpel-icon-left\" href=\"https:\/\/www.instagram.com\/fabriciofrancalima\/\" target=\"_blank\" rel=\"noopener external noreferrer nofollow\" data-wpel-link=\"external\">@fabriciofrancalima<\/a><\/p>\n<p>Linkedin:\u00a0<a class=\"external-link wpel-icon-left\" href=\"https:\/\/www.linkedin.com\/in\/fabriciofrancalima\/\" target=\"_blank\" rel=\"noopener noreferrer external nofollow\" data-wpel-link=\"external\">https:\/\/www.linkedin.com\/in\/fabriciofrancalima\/<\/a><\/p>\n<p>Consultoria:\u00a0comercial@powertuning.com.br<\/p>\n","protected":false},"excerpt":{"rendered":"<p>Fala Pessoal, Mantendo a tradi\u00e7\u00e3o, escrevi l\u00e1 no blog da Power Tuning o post do nosso anivers\u00e1rio de 9 anos. Confiram l\u00e1:\u00a0[9 anos de Power Tuning] Nosso escopo aumentou e agora podemos ajudar muito mais empresas \u2013 Power Tuning Vamos que vamos para mais 365 dias de muito trabalho com esse grande Time. Sem um [&hellip;]<\/p>\n","protected":false},"author":1,"featured_media":0,"comment_status":"open","ping_status":"open","sticky":false,"template":"","format":"standard","meta":{"_exactmetrics_skip_tracking":false,"_exactmetrics_sitenote_active":false,"_exactmetrics_sitenote_note":"","_exactmetrics_sitenote_category":0,"footnotes":""},"categories":[12],"tags":[1934],"class_list":["post-18812","post","type-post","status-publish","format-standard","hentry","category-noticias","tag-aniversario-power-tuning"],"post_mailing_queue_ids":[],"_links":{"self":[{"href":"https:\/\/fabriciolima.net\/blog\/wp-json\/wp\/v2\/posts\/18812","targetHints":{"allow":["GET"]}}],"collection":[{"href":"https:\/\/fabriciolima.net\/blog\/wp-json\/wp\/v2\/posts"}],"about":[{"href":"https:\/\/fabriciolima.net\/blog\/wp-json\/wp\/v2\/types\/post"}],"author":[{"embeddable":true,"href":"https:\/\/fabriciolima.net\/blog\/wp-json\/wp\/v2\/users\/1"}],"replies":[{"embeddable":true,"href":"https:\/\/fabriciolima.net\/blog\/wp-json\/wp\/v2\/comments?post=18812"}],"version-history":[{"count":3,"href":"https:\/\/fabriciolima.net\/blog\/wp-json\/wp\/v2\/posts\/18812\/revisions"}],"predecessor-version":[{"id":18824,"href":"https:\/\/fabriciolima.net\/blog\/wp-json\/wp\/v2\/posts\/18812\/revisions\/18824"}],"wp:attachment":[{"href":"https:\/\/fabriciolima.net\/blog\/wp-json\/wp\/v2\/media?parent=18812"}],"wp:term":[{"taxonomy":"category","embeddable":true,"href":"https:\/\/fabriciolima.net\/blog\/wp-json\/wp\/v2\/categories?post=18812"},{"taxonomy":"post_tag","embeddable":true,"href":"https:\/\/fabriciolima.net\/blog\/wp-json\/wp\/v2\/tags?post=18812"}],"curies":[{"name":"wp","href":"https:\/\/api.w.org\/{rel}","templated":true}]}}