{"id":1849,"date":"2012-10-24T22:34:20","date_gmt":"2012-10-25T00:34:20","guid":{"rendered":"http:\/\/fabriciolima.net\/blog\/?p=1849"},"modified":"2016-07-24T10:26:44","modified_gmt":"2016-07-24T13:26:44","slug":"evento-sql-internal-ops-conference","status":"publish","type":"post","link":"https:\/\/fabriciolima.net\/blog\/2012\/10\/24\/evento-sql-internal-ops-conference\/","title":{"rendered":"Evento: SQL Internal Ops Conference"},"content":{"rendered":"<p>Ol\u00e1 pessoal,<\/p>\n<p>Passando para divulgar mais um evento sobre SQL Server. O amigo Marcus Freccia(<a href=\"http:\/\/marcosfreccia.wordpress.com\" target=\"_blank\">Blog<\/a>)  com o apoio da Microsoft e Dell e tamb\u00e9m das comunidades t\u00e9cnicas<a href=\"http:\/\/www.sqlserverrs.com.br\/\" target=\"_blank\"> SQL Server RS<\/a> e <a href=\"http:\/\/www.mcitpsc.com.br\/\" target=\"_blank\">MCITP SC<\/a> promovem mais um evento repleto de SQL Server. Como o titulo sugere o nome do evento ser\u00e1: SQL Internal Ops Conference.<\/p>\n<p>O evento acontecer\u00e1 em Porto Alegre \u2013 Rio Grande do Sul na Universidade PUC e ter\u00e1 presen\u00e7a de grandes nomes da comunidade SQL Server Brasil assim como tamb\u00e9m membros do time de produto de SQL Server da Microsoft.<\/p>\n<p>Sem mais delongas, quem quiser saber mais sobre o evento como local, data, hora, inscri\u00e7\u00e3o, submiss\u00e3o de palestras, voc\u00eas podem acessar o site do <a href=\"http:\/\/sqlinternalopsconference-web.sharepoint.com\/Pages\/default.aspx\" target=\"_blank\">SQL Internal Ops Conference<\/a>. Vale lembrar tamb\u00e9m que est\u00e3o aceitando a submiss\u00e3o de palestras, ent\u00e3o se voc\u00ea tem algum conteudo que deseja compartilhar, \u00e9 so enviar.<\/p>\n<p><b>Gostou desse Post?<\/b><\/p>\n<p>Cadastre seu e-mail para receber novos Posts e curta minha <a href=\"https:\/\/www.facebook.com\/FabricioLimaSolucoesemBancodeDados\/\" target=\"_blank\">P\u00e1gina no Facebook<\/a> para receber Dicas de Leituras e Eventos sobre SQL Server.<\/p>\n<p>Abra\u00e7os,<\/p>\n<p>Fabr\u00edcio Lima<\/p>\n<p>MCITP \u2013 Database Administrator<\/p>\n<p>Consultor e Instrutor SQL Server<\/p>\n<p>Trabalha com SQL Server desde 2006<\/p>\n","protected":false},"excerpt":{"rendered":"<p>Ol\u00e1 pessoal, Passando para divulgar mais um evento sobre SQL Server. O amigo Marcus Freccia(Blog) com o apoio da Microsoft e Dell e tamb\u00e9m das comunidades t\u00e9cnicas SQL Server RS e MCITP SC promovem mais um evento repleto de SQL Server. Como o titulo sugere o nome do evento ser\u00e1: SQL Internal Ops Conference. O [&hellip;]<\/p>\n","protected":false},"author":1,"featured_media":0,"comment_status":"open","ping_status":"open","sticky":false,"template":"","format":"standard","meta":{"_exactmetrics_skip_tracking":false,"_exactmetrics_sitenote_active":false,"_exactmetrics_sitenote_note":"","_exactmetrics_sitenote_category":0,"footnotes":""},"categories":[5,8,12,33],"tags":[331,490,432,49,453,33,104,451,488,487,484,489,41],"class_list":["post-1849","post","type-post","status-publish","format-standard","hentry","category-carreira","category-eventos","category-noticias","category-sql-server","tag-bi","tag-business-inteligence","tag-evento-sql-server","tag-sql","tag-sql-saturday","tag-sql-server","tag-sqlpass","tag-sqlsat","tag-sqlsat-rio-de-janeiro","tag-treinamento-online-sql-server","tag-treinamento-sql-server","tag-video-sql-server-em-portugues","tag-webcast"],"post_mailing_queue_ids":[],"_links":{"self":[{"href":"https:\/\/fabriciolima.net\/blog\/wp-json\/wp\/v2\/posts\/1849","targetHints":{"allow":["GET"]}}],"collection":[{"href":"https:\/\/fabriciolima.net\/blog\/wp-json\/wp\/v2\/posts"}],"about":[{"href":"https:\/\/fabriciolima.net\/blog\/wp-json\/wp\/v2\/types\/post"}],"author":[{"embeddable":true,"href":"https:\/\/fabriciolima.net\/blog\/wp-json\/wp\/v2\/users\/1"}],"replies":[{"embeddable":true,"href":"https:\/\/fabriciolima.net\/blog\/wp-json\/wp\/v2\/comments?post=1849"}],"version-history":[{"count":0,"href":"https:\/\/fabriciolima.net\/blog\/wp-json\/wp\/v2\/posts\/1849\/revisions"}],"wp:attachment":[{"href":"https:\/\/fabriciolima.net\/blog\/wp-json\/wp\/v2\/media?parent=1849"}],"wp:term":[{"taxonomy":"category","embeddable":true,"href":"https:\/\/fabriciolima.net\/blog\/wp-json\/wp\/v2\/categories?post=1849"},{"taxonomy":"post_tag","embeddable":true,"href":"https:\/\/fabriciolima.net\/blog\/wp-json\/wp\/v2\/tags?post=1849"}],"curies":[{"name":"wp","href":"https:\/\/api.w.org\/{rel}","templated":true}]}}