{"id":17567,"date":"2022-07-03T14:46:59","date_gmt":"2022-07-03T17:46:59","guid":{"rendered":"https:\/\/www.fabriciolima.net\/?p=17567"},"modified":"2022-07-03T15:16:05","modified_gmt":"2022-07-03T18:16:05","slug":"8-anos-de-power-tuning-chegamos-a-marca-de-500-empresas-atendidas","status":"publish","type":"post","link":"https:\/\/fabriciolima.net\/blog\/2022\/07\/03\/8-anos-de-power-tuning-chegamos-a-marca-de-500-empresas-atendidas\/","title":{"rendered":"[8 anos de Power Tuning] Chegamos \u00e0 marca de 500 empresas atendidas"},"content":{"rendered":"<p><img loading=\"lazy\" decoding=\"async\" class=\" wp-image-17568 aligncenter\" src=\"https:\/\/www.fabriciolima.net\/blog\/wp-content\/uploads\/2022\/07\/numeros-2022-8-anos-201x300.jpg\" alt=\"\" width=\"265\" height=\"396\" srcset=\"https:\/\/fabriciolima.net\/blog\/wp-content\/uploads\/2022\/07\/numeros-2022-8-anos-201x300.jpg 201w, https:\/\/fabriciolima.net\/blog\/wp-content\/uploads\/2022\/07\/numeros-2022-8-anos-100x149.jpg 100w, https:\/\/fabriciolima.net\/blog\/wp-content\/uploads\/2022\/07\/numeros-2022-8-anos-275x410.jpg 275w, https:\/\/fabriciolima.net\/blog\/wp-content\/uploads\/2022\/07\/numeros-2022-8-anos-13x20.jpg 13w, https:\/\/fabriciolima.net\/blog\/wp-content\/uploads\/2022\/07\/numeros-2022-8-anos.jpg 333w\" sizes=\"auto, (max-width: 265px) 100vw, 265px\" \/><\/p>\n<p>Fala Pessoal,<\/p>\n<p>Esse \u00e9 meu tradicional post de anivers\u00e1rio de empresa. Vai que um dia viramos algu\u00e9m muito grande, j\u00e1 tem hist\u00f3ria escrita aqui para um livro&#8230; rsrsrs<\/p>\n<p>Post de 7 anos de empresa: <a href=\"https:\/\/www.fabriciolima.net\/blog\/2021\/07\/03\/7-anos-de-power-tuning-praticamente-dobramos-os-consultores\/\" target=\"_blank\" rel=\"noopener noreferrer\">https:\/\/www.fabriciolima.net\/blog\/2021\/07\/03\/7-anos-de-power-tuning-praticamente-dobramos-os-consultores\/<\/a><\/p>\n<p>Ent\u00e3o vamos aos fatos mais marcantes dos \u00faltimos 365 dias:<\/p>\n<h5><strong>Acontecimentos do ano<\/strong><\/h5>\n<p>O mercado de trabalho de TI continua muito aquecido. Ent\u00e3o continuamos nossos esfor\u00e7os aqui para dar novos benef\u00edcios e valorizar os profissionais que est\u00e3o se destacando na empresa para que possam querer ficar aqui por muito tempo.<\/p>\n<p>Al\u00e9m disso, crescemos em quase 20% o n\u00famero de consultores. Ent\u00e3o tamb\u00e9m contribu\u00edmos para esse mercado de trabalho aquecido.<\/p>\n<p>Aos que sa\u00edram da Power Tuning nesse \u00faltimo ano, s\u00f3 tenho a agradecer a contribui\u00e7\u00e3o que deram para o nosso crescimento. Esperamos que tenhamos contribu\u00eddo para o crescimento profissional de voc\u00eas tamb\u00e9m.<\/p>\n<p>E aos que permaneceram ou chegaram no \u00faltimo ano, tamb\u00e9m agrade\u00e7o a vontade de querer fazer parte do nosso time, para nos ajudar nessa evolu\u00e7\u00e3o cont\u00ednua que teremos.<\/p>\n<p>Nossa ideia \u00e9 valorizar cada vez mais quem veste a camisa, continua conosco e acredita no nosso projeto de longo prazo (famoso buy and hold).<\/p>\n<p>No final do ano passado realizamos o primeiro (de muitos) DBA Head Summit.<\/p>\n<p>Aproveitamos um treinamento do Fabiano Amorim que aconteceu em SP e reunimos todos os Heads em uma mans\u00e3o. Chamamos o nome do evento de DBA Head Summit, pois foi a primeira vez que reunimos todas as lideran\u00e7as dos times de DBA presencialmente.<\/p>\n<p>Essa experi\u00eancia foi sensacional e j\u00e1 estamos no planejamento no pr\u00f3ximo DBA Head Summit que acontecer\u00e1 em Bras\u00edlia ainda neste ano.<\/p>\n<p><img loading=\"lazy\" decoding=\"async\" class=\" wp-image-17573 aligncenter\" src=\"https:\/\/www.fabriciolima.net\/blog\/wp-content\/uploads\/2022\/07\/WhatsApp-Image-2022-07-02-at-10.40.26-300x225.jpeg\" alt=\"\" width=\"474\" height=\"356\" srcset=\"https:\/\/fabriciolima.net\/blog\/wp-content\/uploads\/2022\/07\/WhatsApp-Image-2022-07-02-at-10.40.26-300x225.jpeg 300w, https:\/\/fabriciolima.net\/blog\/wp-content\/uploads\/2022\/07\/WhatsApp-Image-2022-07-02-at-10.40.26-768x576.jpeg 768w, https:\/\/fabriciolima.net\/blog\/wp-content\/uploads\/2022\/07\/WhatsApp-Image-2022-07-02-at-10.40.26-700x525.jpeg 700w, https:\/\/fabriciolima.net\/blog\/wp-content\/uploads\/2022\/07\/WhatsApp-Image-2022-07-02-at-10.40.26-410x308.jpeg 410w, https:\/\/fabriciolima.net\/blog\/wp-content\/uploads\/2022\/07\/WhatsApp-Image-2022-07-02-at-10.40.26-100x75.jpeg 100w, https:\/\/fabriciolima.net\/blog\/wp-content\/uploads\/2022\/07\/WhatsApp-Image-2022-07-02-at-10.40.26-275x206.jpeg 275w, https:\/\/fabriciolima.net\/blog\/wp-content\/uploads\/2022\/07\/WhatsApp-Image-2022-07-02-at-10.40.26-20x15.jpeg 20w, https:\/\/fabriciolima.net\/blog\/wp-content\/uploads\/2022\/07\/WhatsApp-Image-2022-07-02-at-10.40.26.jpeg 1024w\" sizes=\"auto, (max-width: 474px) 100vw, 474px\" \/><\/p>\n<p><img loading=\"lazy\" decoding=\"async\" class=\" wp-image-17574 aligncenter\" src=\"https:\/\/www.fabriciolima.net\/blog\/wp-content\/uploads\/2022\/07\/WhatsApp-Image-2022-07-02-at-10.40.37-300x300.jpeg\" alt=\"\" width=\"468\" height=\"468\" srcset=\"https:\/\/fabriciolima.net\/blog\/wp-content\/uploads\/2022\/07\/WhatsApp-Image-2022-07-02-at-10.40.37-300x300.jpeg 300w, https:\/\/fabriciolima.net\/blog\/wp-content\/uploads\/2022\/07\/WhatsApp-Image-2022-07-02-at-10.40.37-150x150.jpeg 150w, https:\/\/fabriciolima.net\/blog\/wp-content\/uploads\/2022\/07\/WhatsApp-Image-2022-07-02-at-10.40.37-768x768.jpeg 768w, https:\/\/fabriciolima.net\/blog\/wp-content\/uploads\/2022\/07\/WhatsApp-Image-2022-07-02-at-10.40.37-700x700.jpeg 700w, https:\/\/fabriciolima.net\/blog\/wp-content\/uploads\/2022\/07\/WhatsApp-Image-2022-07-02-at-10.40.37-410x410.jpeg 410w, https:\/\/fabriciolima.net\/blog\/wp-content\/uploads\/2022\/07\/WhatsApp-Image-2022-07-02-at-10.40.37-100x100.jpeg 100w, https:\/\/fabriciolima.net\/blog\/wp-content\/uploads\/2022\/07\/WhatsApp-Image-2022-07-02-at-10.40.37-275x275.jpeg 275w, https:\/\/fabriciolima.net\/blog\/wp-content\/uploads\/2022\/07\/WhatsApp-Image-2022-07-02-at-10.40.37-20x20.jpeg 20w, https:\/\/fabriciolima.net\/blog\/wp-content\/uploads\/2022\/07\/WhatsApp-Image-2022-07-02-at-10.40.37.jpeg 1024w\" sizes=\"auto, (max-width: 468px) 100vw, 468px\" \/><\/p>\n<p>De um cantinho em Vila Velha-ES para o mundo!!!<\/p>\n<p><img loading=\"lazy\" decoding=\"async\" class=\" wp-image-17576 aligncenter\" src=\"https:\/\/www.fabriciolima.net\/blog\/wp-content\/uploads\/2022\/07\/WhatsApp-Image-2022-07-02-at-10.32.34-300x281.jpeg\" alt=\"\" width=\"473\" height=\"443\" srcset=\"https:\/\/fabriciolima.net\/blog\/wp-content\/uploads\/2022\/07\/WhatsApp-Image-2022-07-02-at-10.32.34-300x281.jpeg 300w, https:\/\/fabriciolima.net\/blog\/wp-content\/uploads\/2022\/07\/WhatsApp-Image-2022-07-02-at-10.32.34-1024x960.jpeg 1024w, https:\/\/fabriciolima.net\/blog\/wp-content\/uploads\/2022\/07\/WhatsApp-Image-2022-07-02-at-10.32.34-768x720.jpeg 768w, https:\/\/fabriciolima.net\/blog\/wp-content\/uploads\/2022\/07\/WhatsApp-Image-2022-07-02-at-10.32.34-700x656.jpeg 700w, https:\/\/fabriciolima.net\/blog\/wp-content\/uploads\/2022\/07\/WhatsApp-Image-2022-07-02-at-10.32.34-410x384.jpeg 410w, https:\/\/fabriciolima.net\/blog\/wp-content\/uploads\/2022\/07\/WhatsApp-Image-2022-07-02-at-10.32.34-100x94.jpeg 100w, https:\/\/fabriciolima.net\/blog\/wp-content\/uploads\/2022\/07\/WhatsApp-Image-2022-07-02-at-10.32.34-275x258.jpeg 275w, https:\/\/fabriciolima.net\/blog\/wp-content\/uploads\/2022\/07\/WhatsApp-Image-2022-07-02-at-10.32.34-20x20.jpeg 20w, https:\/\/fabriciolima.net\/blog\/wp-content\/uploads\/2022\/07\/WhatsApp-Image-2022-07-02-at-10.32.34.jpeg 1131w\" sizes=\"auto, (max-width: 473px) 100vw, 473px\" \/><\/p>\n<p><img loading=\"lazy\" decoding=\"async\" class=\" wp-image-17577 aligncenter\" src=\"https:\/\/www.fabriciolima.net\/blog\/wp-content\/uploads\/2022\/07\/WhatsApp-Image-2022-07-02-at-10.32.32-300x171.jpeg\" alt=\"\" width=\"688\" height=\"392\" srcset=\"https:\/\/fabriciolima.net\/blog\/wp-content\/uploads\/2022\/07\/WhatsApp-Image-2022-07-02-at-10.32.32-300x171.jpeg 300w, https:\/\/fabriciolima.net\/blog\/wp-content\/uploads\/2022\/07\/WhatsApp-Image-2022-07-02-at-10.32.32-1024x582.jpeg 1024w, https:\/\/fabriciolima.net\/blog\/wp-content\/uploads\/2022\/07\/WhatsApp-Image-2022-07-02-at-10.32.32-768x437.jpeg 768w, https:\/\/fabriciolima.net\/blog\/wp-content\/uploads\/2022\/07\/WhatsApp-Image-2022-07-02-at-10.32.32-700x398.jpeg 700w, https:\/\/fabriciolima.net\/blog\/wp-content\/uploads\/2022\/07\/WhatsApp-Image-2022-07-02-at-10.32.32-410x233.jpeg 410w, https:\/\/fabriciolima.net\/blog\/wp-content\/uploads\/2022\/07\/WhatsApp-Image-2022-07-02-at-10.32.32-100x57.jpeg 100w, https:\/\/fabriciolima.net\/blog\/wp-content\/uploads\/2022\/07\/WhatsApp-Image-2022-07-02-at-10.32.32-275x156.jpeg 275w, https:\/\/fabriciolima.net\/blog\/wp-content\/uploads\/2022\/07\/WhatsApp-Image-2022-07-02-at-10.32.32-20x11.jpeg 20w, https:\/\/fabriciolima.net\/blog\/wp-content\/uploads\/2022\/07\/WhatsApp-Image-2022-07-02-at-10.32.32.jpeg 1178w\" sizes=\"auto, (max-width: 688px) 100vw, 688px\" \/><\/p>\n<p>Agradecimento ao nosso BI Team Leader <strong>Rafael Mendon\u00e7a<\/strong> pela disponibiliza\u00e7\u00e3o desse mapa.<\/p>\n<p>Link para acompanhamento do mapa: <a href=\"http:\/\/powertuning.com.br\/mapaclientes\" target=\"_blank\" rel=\"noopener noreferrer\">http:\/\/powertuning.com.br\/mapaclientes<\/a><\/p>\n<p>Um agradecimento tamb\u00e9m ao nosso Marketing por esse reels liberado hoje em nosso instagram:<\/p>\n<ul>\n<li><a href=\"https:\/\/www.instagram.com\/reel\/CfjFTR7l5Bc\/?igshid=MDJmNzVkMjY=\" target=\"_blank\" rel=\"noopener noreferrer\">https:\/\/www.instagram.com\/reel\/CfjFTR7l5Bc\/?igshid=MDJmNzVkMjY=<\/a><\/li>\n<\/ul>\n<p>Confiram l\u00e1 que ficou emocionante (pelo menos para mim)!<\/p>\n<h5><\/h5>\n<h5><strong>Parceria com o Fabiano Amorim<\/strong><\/h5>\n<p>Aumentamos nossa parceria com o <strong>Fabiano Amorim<\/strong> e agora somos a \u00fanica consultoria de DBA SQL Server aqui no Brasil que consegue escalar um problema de performance com o melhor profissional de Tuning do Brasil (Fabiano)!<\/p>\n<p>Na minha opini\u00e3o, isso \u00e9 um baita de um diferencial da Power Tuning.<\/p>\n<p>Eu gostaria de ter o apoio de uma empresa que conseguiria escalar um problema de Performance no Fabiano (ou dumps no SQL Server rsrs).<\/p>\n<h5><\/h5>\n<h5><strong>Benef\u00edcios Power Tuning<\/strong><\/h5>\n<p>Esse \u00faltimo ano criamos mais 2 benef\u00edcios:<\/p>\n<ul>\n<li>F\u00e9rias padr\u00e3o Europa: Nossos consultores podem tirar 24 dias \u00fateis de f\u00e9rias durante o ano. O pessoal tem aproveitado bem para fazer umas mini viagens por aqui.<\/li>\n<li>Fizemos uma nova camisa de corrida e agora pagamos uma corrida por m\u00eas para incentivar a pr\u00e1tica de atividade f\u00edsica de nossos consultores.<\/li>\n<\/ul>\n<p>Eu e o <strong>Walter ZERO segundos<\/strong> na inaugura\u00e7\u00e3o da camisa de corrida:<\/p>\n<p><img loading=\"lazy\" decoding=\"async\" class=\" wp-image-17572 aligncenter\" src=\"https:\/\/www.fabriciolima.net\/blog\/wp-content\/uploads\/2022\/07\/WhatsApp-Image-2022-07-03-at-10.13.16-225x300.jpeg\" alt=\"\" width=\"331\" height=\"441\" srcset=\"https:\/\/fabriciolima.net\/blog\/wp-content\/uploads\/2022\/07\/WhatsApp-Image-2022-07-03-at-10.13.16-225x300.jpeg 225w, https:\/\/fabriciolima.net\/blog\/wp-content\/uploads\/2022\/07\/WhatsApp-Image-2022-07-03-at-10.13.16-768x1024.jpeg 768w, https:\/\/fabriciolima.net\/blog\/wp-content\/uploads\/2022\/07\/WhatsApp-Image-2022-07-03-at-10.13.16-1152x1536.jpeg 1152w, https:\/\/fabriciolima.net\/blog\/wp-content\/uploads\/2022\/07\/WhatsApp-Image-2022-07-03-at-10.13.16-700x933.jpeg 700w, https:\/\/fabriciolima.net\/blog\/wp-content\/uploads\/2022\/07\/WhatsApp-Image-2022-07-03-at-10.13.16-410x547.jpeg 410w, https:\/\/fabriciolima.net\/blog\/wp-content\/uploads\/2022\/07\/WhatsApp-Image-2022-07-03-at-10.13.16-100x133.jpeg 100w, https:\/\/fabriciolima.net\/blog\/wp-content\/uploads\/2022\/07\/WhatsApp-Image-2022-07-03-at-10.13.16-275x367.jpeg 275w, https:\/\/fabriciolima.net\/blog\/wp-content\/uploads\/2022\/07\/WhatsApp-Image-2022-07-03-at-10.13.16-15x20.jpeg 15w, https:\/\/fabriciolima.net\/blog\/wp-content\/uploads\/2022\/07\/WhatsApp-Image-2022-07-03-at-10.13.16.jpeg 1200w\" sizes=\"auto, (max-width: 331px) 100vw, 331px\" \/><\/p>\n<p>&nbsp;<\/p>\n<p>Outros benef\u00edcios da Power Tuning:<\/p>\n<ul>\n<li>Pegou plant\u00e3o no final de semana, ganha as horas extras e uma folga na semana.<\/li>\n<li>Folga no dia do anivers\u00e1rio. Se cair no fds ou feriado, jogamos a folga para sexta ou segunda.<\/li>\n<li>Folga no dia do anivers\u00e1rio do Filho.<\/li>\n<li>Quem completar 5 anos de Power Tuning, vai receber uma experi\u00eancia como pr\u00eamio. Vamos pagar uma viagem para aproveitar o fim de semana com a fam\u00edlia e comemorar essa grande conquista.<\/li>\n<li>Quem completar 3 anos de Power Tuning, damos uma ajuda para dar um Upgrade no PC.<\/li>\n<li>Ap\u00f3s ter um beb\u00ea, o pai tem licen\u00e7a garantida de 3 semanas e a m\u00e3e de 6 meses.<\/li>\n<li>No dia 12 de outubro, damos um valor em dinheiro para voc\u00ea comprar uma lembran\u00e7a para seu filho em nosso nome.<\/li>\n<li>Oferecemos aux\u00edlio psicol\u00f3gico a todos os colaboradores.<\/li>\n<li>Escala noturna diferenciada com revezamento para trabalhar poucos meses a noite no ano e quando trabalhar a noite ter apenas 15 dias \u00fateis de trabalho e n\u00e3o 20 (aproximadamente) igual os consultores da manh\u00e3.\n<ul>\n<li>Al\u00e9m disso, <strong>quem trabalha na escala da noite ganha 100 horas extras no m\u00eas.<\/strong><\/li>\n<li>Quem trabalha na escala da noite dava feedback que um fator negativo era n\u00e3o ter o time completo do dia para poder aprender. Agora, uma vez por semana, eles fazem uma mentoria de 1 hora com um profissional da Europa (n\u00edvel 400) que tem um fuso hor\u00e1rio diferente do nosso.<\/li>\n<\/ul>\n<\/li>\n<li>Cursos gr\u00e1tis ilimitados na plataforma da Power Tuning.<\/li>\n<li>Treinamentos internos com nossos casos reais e consultores parceiros.<\/li>\n<li>Reembolsamos certifica\u00e7\u00e3o.<\/li>\n<\/ul>\n<h5><\/h5>\n<h5><strong>Grupo de Especialistas N\u00edvel 400<\/strong><\/h5>\n<p>Uma das minhas maiores preocupa\u00e7\u00f5es gerenciando uma empresa de Consultoria em Banco de Dados \u00e9:<\/p>\n<p>Se acontecer um problema ultra\/mega complexo:<\/p>\n<ul>\n<li>Vamos conseguir solucionar?<\/li>\n<li>Quanto tempo vamos levar?<\/li>\n<\/ul>\n<p>J\u00e1 cont\u00e1vamos com <strong>Rodrigo<\/strong>, <strong>Raiane<\/strong>, <strong>Fabiano Amorim<\/strong> e todos os <strong>Heads <\/strong>para escalar esse tipo de problema.<\/p>\n<p>Contudo, pela quantidade de clientes que temos, ainda n\u00e3o estava confort\u00e1vel. Poderia ter um gargalo de ajuda para nossos DBAs da opera\u00e7\u00e3o escalarem.<\/p>\n<p>Pensando nisso, escovando dentes (kkkk), tive uma ideia de convidar profissionais para compor um time que apelidamos de <strong>n\u00edvel 400<\/strong>.<\/p>\n<p>Profissionais com experi\u00eancia de 15\/20\/25 anos de mercado, que atuam em grandes institui\u00e7\u00f5es com ambiente de miss\u00e3o cr\u00edtica tanto no Brasil quanto no mundo.<\/p>\n<p>Imagina quantos problemas esses profissionais j\u00e1 n\u00e3o resolveram em suas carreiras!!!<\/p>\n<p>Foi um baita acerto e nosso time de DBAs curtiu demais esse investimento que fizemos.<\/p>\n<p>Na minha opini\u00e3o, essa foi uma das nossas maiores melhorias como empresa nesse \u00faltimo ano (junto com o Fabiano com mais tempo s\u00f3 para a Power Tuning).<\/p>\n<p>Por motivos de confidencialidade, os nomes dos envolvidos n\u00e3o ser\u00e3o detalhados nesse post.<\/p>\n<p>Em nosso time de BI tamb\u00e9m temos essa preocupa\u00e7\u00e3o, mas l\u00e1 j\u00e1 temos a seguran\u00e7a do <strong>Rafael Mendon\u00e7a<\/strong> e <strong>Dirceu Resende<\/strong> para conseguir esse n\u00edvel de escala\u00e7\u00e3o nos desafios de projetos de BI.<\/p>\n<h5><strong>Plataforma de Cursos<\/strong><\/h5>\n<p>Ano passado t\u00ednhamos\u00a0 <strong>2.601 alunos<\/strong> inscritos na plataforma de cursos e <strong>agora estamos com 3.549 alunos<\/strong> cadastrados.<\/p>\n<p><strong>Um crescimento de 36%. Muito bom!<\/strong><\/p>\n<p>Muita gente crescendo profissionalmente com nossos cursos e dando feedbacks sensacionais no <strong>Linkedin<\/strong>.<\/p>\n<p>Plataforma de Cursos: <a class=\"external-link wpel-icon-left\" href=\"https:\/\/cursos.fabriciolima.net\/\" target=\"_blank\" rel=\"noopener nofollow external noreferrer\" data-wpel-link=\"external\">https:\/\/cursos.powertuning.com.br\/<\/a><\/p>\n<h5><\/h5>\n<h5><strong>Canal no Youtube<\/strong><\/h5>\n<p>Diminu\u00edmos o ritmo das lives e v\u00eddeos no Youtube. Mas o canal segue crescendo.<\/p>\n<p>N\u00fameros do post do ano passado:<\/p>\n<ul>\n<li>Visualiza\u00e7\u00f5es: <strong>17.267<\/strong><\/li>\n<li>Tempo de exibi\u00e7\u00e3o: <strong>3.100 horas<\/strong><\/li>\n<li>Inscritos: <strong>1.102<\/strong><\/li>\n<\/ul>\n<p>N\u00fameros desse ano:<\/p>\n<ul>\n<li>Visualiza\u00e7\u00f5es: <strong>58.176<\/strong><\/li>\n<li>Tempo de exibi\u00e7\u00e3o: <strong>7.792 horas<\/strong><\/li>\n<li>Inscritos: <strong>2.120<\/strong><\/li>\n<\/ul>\n<p>Se inscrevam em nosso canal: <a href=\"https:\/\/www.youtube.com\/channel\/UCvz12BbOXa7nJ-zbkQ6tI6A\" target=\"_blank\" rel=\"noopener noreferrer\">Canal Power Tuning<\/a><\/p>\n<h5><strong>Microsoft Partner Gold<\/strong><\/h5>\n<p>Em 2019 nos tornamos Microsoft Gold Partner na categoria Data Platform.<\/p>\n<p>Em 2020 nos tornamos Microsoft Gold Partner na categoria Data Analytics.<\/p>\n<p>Mais uma vez renovamos essas 2 categorias de Gold Partner.<\/p>\n<p>&nbsp;<\/p>\n<h5><strong>Nossos n\u00fameros<\/strong><\/h5>\n<ul>\n<li>Fechamos 6 anos com <strong>21 consultores<\/strong>,\u00a0<strong>304 clientes<\/strong>\u00a0distintos atendidos e\u00a0<strong>73 clientes fixos<\/strong>\u00a0com suporte e monitoramento mensal.<\/li>\n<li>Fechamos 7 anos com <strong>41\u00a0consultores<\/strong>,\u00a0<strong>390 clientes<\/strong> distintos atendidos, <strong>100 clientes fixos<\/strong> com suporte e monitoramento mensal e <strong>2.601 alunos<\/strong> na plataforma de cursos.<\/li>\n<li>Agora com 8 anos temos <strong>49 consultores<\/strong>, <strong>500\u00a0clientes<\/strong> distintos atendidos, <strong>122 clientes fixos<\/strong> com suporte e monitoramento mensal e <strong>3.549 alunos<\/strong> na plataforma de cursos.<\/li>\n<\/ul>\n<p><strong>Resumo:<\/strong><\/p>\n<ul>\n<li>19% de crescimento no n\u00famero de consultores<\/li>\n<li>28% de crescimento no n\u00famero de clientes<\/li>\n<li>22% de crescimento no n\u00famero de clientes com suporte e monitoramento mensal<\/li>\n<li>36% de crescimento no n\u00fameros de alunos na plataforma<\/li>\n<\/ul>\n<p>&nbsp;<\/p>\n<h5><strong>Power Babies<\/strong><\/h5>\n<p>Nesses \u00faltimos 365 dias tamb\u00e9m batemos o recorde hist\u00f3rico de Power Babies!!! (Se n\u00e3o perdi as contas foram 6)<\/p>\n<p>Coincidentemente, a natalidade da Power Tuning explodiu depois da folga no dia do anivers\u00e1rio do filho (ou \u00e9 a \u00e1gua do escrit\u00f3rio). kkkkk<\/p>\n<p>N\u00e3o poderia deixar de registrar aqui um bem vindo muito especial a todos eles. Muita sa\u00fade e felicidade para as fam\u00edlias.<\/p>\n<p>Lia representando nossos novos Power Babies:<\/p>\n<p><img loading=\"lazy\" decoding=\"async\" class=\" wp-image-17586 aligncenter\" src=\"https:\/\/www.fabriciolima.net\/blog\/wp-content\/uploads\/2022\/07\/WhatsApp-Image-2022-07-03-at-14.34.49-169x300.jpeg\" alt=\"\" width=\"314\" height=\"557\" srcset=\"https:\/\/fabriciolima.net\/blog\/wp-content\/uploads\/2022\/07\/WhatsApp-Image-2022-07-03-at-14.34.49-169x300.jpeg 169w, https:\/\/fabriciolima.net\/blog\/wp-content\/uploads\/2022\/07\/WhatsApp-Image-2022-07-03-at-14.34.49-576x1024.jpeg 576w, https:\/\/fabriciolima.net\/blog\/wp-content\/uploads\/2022\/07\/WhatsApp-Image-2022-07-03-at-14.34.49-768x1365.jpeg 768w, https:\/\/fabriciolima.net\/blog\/wp-content\/uploads\/2022\/07\/WhatsApp-Image-2022-07-03-at-14.34.49-864x1536.jpeg 864w, https:\/\/fabriciolima.net\/blog\/wp-content\/uploads\/2022\/07\/WhatsApp-Image-2022-07-03-at-14.34.49-700x1244.jpeg 700w, https:\/\/fabriciolima.net\/blog\/wp-content\/uploads\/2022\/07\/WhatsApp-Image-2022-07-03-at-14.34.49-410x729.jpeg 410w, https:\/\/fabriciolima.net\/blog\/wp-content\/uploads\/2022\/07\/WhatsApp-Image-2022-07-03-at-14.34.49-100x178.jpeg 100w, https:\/\/fabriciolima.net\/blog\/wp-content\/uploads\/2022\/07\/WhatsApp-Image-2022-07-03-at-14.34.49-275x489.jpeg 275w, https:\/\/fabriciolima.net\/blog\/wp-content\/uploads\/2022\/07\/WhatsApp-Image-2022-07-03-at-14.34.49-11x20.jpeg 11w, https:\/\/fabriciolima.net\/blog\/wp-content\/uploads\/2022\/07\/WhatsApp-Image-2022-07-03-at-14.34.49.jpeg 900w\" sizes=\"auto, (max-width: 314px) 100vw, 314px\" \/><\/p>\n<h5><strong>Destaques para o pr\u00f3ximo ano<\/strong><\/h5>\n<p>Vem a\u00ed o Power Alerts V3 com gr\u00e1ficos. (nosso novo filho est\u00e1 nascendo)<\/p>\n<p>Vamos mudar de patamar com rela\u00e7\u00e3o ao monitoramento de nossos clientes.<\/p>\n<p>E como o produto ficou muito bom, em um segundo momento, tamb\u00e9m ser\u00e1 vendido para clientes que a Power Tuning n\u00e3o tem um contrato de suporte e monitoramento.<\/p>\n<p>O Power Stats j\u00e1 come\u00e7ou a ser implantado em alguns clientes e no pr\u00f3ximo ano chega a todos os nossos clientes. Tamb\u00e9m devemos vender como um produto para quem n\u00e3o \u00e9 cliente mensal da Power Tuning.<\/p>\n<p>O Power Stats \u00e9 uma nova rotina exclusiva desenvolvida pelo <strong>Fabiano Amorim<\/strong> e com um upgrade realizado pelo <strong>Rodrigo Ribeiro<\/strong> para atualizar o m\u00e1ximo de estat\u00edsticas poss\u00edveis do seu ambiente com um controle para n\u00e3o impactar no uso de recursos do servidor.<\/p>\n<p>&nbsp;<\/p>\n<p>&nbsp;<\/p>\n<p>\u00c9 isso a\u00ed pessoal, muito obrigado a todas as mensagens que recebemos a cada conquista que realizamos em nossa empresa.<\/p>\n<p>Vamos que vamos para mais 365 dias de muito trabalho com esse grande Time. Sem um time bom e forte, a Power Tuning n\u00e3o cresceria nada, obrigado galera!<\/p>\n<p><strong>GO GO GO <\/strong><\/p>\n<p><strong>#soupowertuning\u00a0<\/strong><\/p>\n<p>&nbsp;<\/p>\n<p>Abra\u00e7os,<\/p>\n<p>Fabr\u00edcio Lima<\/p>\n<p>CEO Power Tuning<\/p>\n<p>Microsoft Data Platform MVP<\/p>\n<p>Instagram: <a class=\"external-link wpel-icon-left\" href=\"https:\/\/www.instagram.com\/fabriciofrancalima\/\" target=\"_blank\" rel=\"noopener external noreferrer nofollow\" data-wpel-link=\"external\">@fabriciofrancalima<\/a><\/p>\n<p>Linkedin:\u00a0<a class=\"external-link wpel-icon-left\" href=\"https:\/\/www.linkedin.com\/in\/fabriciofrancalima\/\" target=\"_blank\" rel=\"noopener noreferrer external nofollow\" data-wpel-link=\"external\">https:\/\/www.linkedin.com\/in\/fabriciofrancalima\/<\/a><\/p>\n<p>Consultoria:\u00a0comercial@powertuning.com.br<\/p>\n","protected":false},"excerpt":{"rendered":"<p>Fala Pessoal, Esse \u00e9 meu tradicional post de anivers\u00e1rio de empresa. Vai que um dia viramos algu\u00e9m muito grande, j\u00e1 tem hist\u00f3ria escrita aqui para um livro&#8230; rsrsrs Post de 7 anos de empresa: https:\/\/www.fabriciolima.net\/blog\/2021\/07\/03\/7-anos-de-power-tuning-praticamente-dobramos-os-consultores\/ Ent\u00e3o vamos aos fatos mais marcantes dos \u00faltimos 365 dias: Acontecimentos do ano O mercado de trabalho de TI continua [&hellip;]<\/p>\n","protected":false},"author":1,"featured_media":0,"comment_status":"open","ping_status":"open","sticky":false,"template":"","format":"standard","meta":{"_exactmetrics_skip_tracking":false,"_exactmetrics_sitenote_active":false,"_exactmetrics_sitenote_note":"","_exactmetrics_sitenote_category":0,"footnotes":""},"categories":[3,5,942,991,8,33],"tags":[],"class_list":["post-17567","post","type-post","status-publish","format-standard","hentry","category-administracao-de-bd","category-carreira","category-consultoria-sql-server","category-dba-remoto","category-eventos","category-sql-server"],"post_mailing_queue_ids":[],"_links":{"self":[{"href":"https:\/\/fabriciolima.net\/blog\/wp-json\/wp\/v2\/posts\/17567","targetHints":{"allow":["GET"]}}],"collection":[{"href":"https:\/\/fabriciolima.net\/blog\/wp-json\/wp\/v2\/posts"}],"about":[{"href":"https:\/\/fabriciolima.net\/blog\/wp-json\/wp\/v2\/types\/post"}],"author":[{"embeddable":true,"href":"https:\/\/fabriciolima.net\/blog\/wp-json\/wp\/v2\/users\/1"}],"replies":[{"embeddable":true,"href":"https:\/\/fabriciolima.net\/blog\/wp-json\/wp\/v2\/comments?post=17567"}],"version-history":[{"count":22,"href":"https:\/\/fabriciolima.net\/blog\/wp-json\/wp\/v2\/posts\/17567\/revisions"}],"predecessor-version":[{"id":17597,"href":"https:\/\/fabriciolima.net\/blog\/wp-json\/wp\/v2\/posts\/17567\/revisions\/17597"}],"wp:attachment":[{"href":"https:\/\/fabriciolima.net\/blog\/wp-json\/wp\/v2\/media?parent=17567"}],"wp:term":[{"taxonomy":"category","embeddable":true,"href":"https:\/\/fabriciolima.net\/blog\/wp-json\/wp\/v2\/categories?post=17567"},{"taxonomy":"post_tag","embeddable":true,"href":"https:\/\/fabriciolima.net\/blog\/wp-json\/wp\/v2\/tags?post=17567"}],"curies":[{"name":"wp","href":"https:\/\/api.w.org\/{rel}","templated":true}]}}