{"id":15567,"date":"2021-07-03T15:09:27","date_gmt":"2021-07-03T18:09:27","guid":{"rendered":"https:\/\/www.fabriciolima.net\/?p=15567"},"modified":"2021-07-03T15:10:40","modified_gmt":"2021-07-03T18:10:40","slug":"power-week-videos-da-gravacao-das-nossas-lives-nessa-semana","status":"publish","type":"post","link":"https:\/\/fabriciolima.net\/blog\/2021\/07\/03\/power-week-videos-da-gravacao-das-nossas-lives-nessa-semana\/","title":{"rendered":"[Power Week] V\u00eddeos da grava\u00e7\u00e3o das nossas lives"},"content":{"rendered":"<p><img loading=\"lazy\" decoding=\"async\" class=\" wp-image-15568 aligncenter\" src=\"https:\/\/www.fabriciolima.net\/blog\/wp-content\/uploads\/2021\/07\/videos-power-week-300x147.png\" alt=\"\" width=\"758\" height=\"372\" srcset=\"https:\/\/fabriciolima.net\/blog\/wp-content\/uploads\/2021\/07\/videos-power-week-300x147.png 300w, https:\/\/fabriciolima.net\/blog\/wp-content\/uploads\/2021\/07\/videos-power-week-1024x502.png 1024w, https:\/\/fabriciolima.net\/blog\/wp-content\/uploads\/2021\/07\/videos-power-week-768x377.png 768w, https:\/\/fabriciolima.net\/blog\/wp-content\/uploads\/2021\/07\/videos-power-week-700x344.png 700w, https:\/\/fabriciolima.net\/blog\/wp-content\/uploads\/2021\/07\/videos-power-week-410x201.png 410w, https:\/\/fabriciolima.net\/blog\/wp-content\/uploads\/2021\/07\/videos-power-week-100x49.png 100w, https:\/\/fabriciolima.net\/blog\/wp-content\/uploads\/2021\/07\/videos-power-week-275x135.png 275w, https:\/\/fabriciolima.net\/blog\/wp-content\/uploads\/2021\/07\/videos-power-week-20x10.png 20w, https:\/\/fabriciolima.net\/blog\/wp-content\/uploads\/2021\/07\/videos-power-week.png 1455w\" sizes=\"auto, (max-width: 758px) 100vw, 758px\" \/><\/p>\n<p>Fala Pessoal,<\/p>\n<p>Essa semana tivemos a Power Week comemorando os 7 anos da Power Tuning.<\/p>\n<p>Foram 8 lives totalizando mais de 12 horas de conte\u00fado para voc\u00eas.<\/p>\n<p>Tivemos at\u00e9 agora (03\/07\/2021) mais de 3 mil views nos v\u00eddeos das lives. Sendo que algumas lives batemos mais de 100 pessoas ONLINE ao vivo!!!<\/p>\n<p>E voc\u00ea, vai deixar passar esse conhecimento?<\/p>\n<p>Durante as lives dessa semana muitos perguntaram se elas ficariam gravadas.<\/p>\n<p>R: SIM!<\/p>\n<p>Segue abaixo a grava\u00e7\u00e3o das lives da nossa Power Week.<\/p>\n<p>&nbsp;<\/p>\n<h4><strong>Palestras de BI<\/strong><\/h4>\n<p><a href=\"https:\/\/www.youtube.com\/watch?v=RqdhgeWPlPM&amp;t=238s\" target=\"_blank\" rel=\"noopener noreferrer\">Power Week | Trabalhando com SSIS + Protheus e Power BI de Ponta a Ponta<\/a><\/p>\n<p><a href=\"https:\/\/www.youtube.com\/watch?v=L_UD7vCgrFQ&amp;t=155s\" target=\"_blank\" rel=\"noopener noreferrer\">Power Week | Conhecendo a fundo o Azure Data Factory para projetos de BI<\/a><\/p>\n<p><a href=\"https:\/\/www.youtube.com\/watch?v=02aDoNBtwlQ&amp;t=171s\" target=\"_blank\" rel=\"noopener noreferrer\">Power Week | Tabular Editor e DAX Studio: Mais qualidade e produtividade no PBI e SSAS<\/a><\/p>\n<p><a href=\"https:\/\/www.youtube.com\/watch?v=ONckohL3IAM&amp;t=123s\" target=\"_blank\" rel=\"noopener noreferrer\">Power Week | Aprendendo Power Query de uma vez por todas<\/a><\/p>\n<h4><strong>Palestras de DBA<\/strong><\/h4>\n<p><a href=\"https:\/\/www.youtube.com\/watch?v=MVEJ4N7OTQ4&amp;t=122s\" target=\"_blank\" rel=\"noopener noreferrer\">Power Week | SQL Server AlwaysON AG no Azure<\/a><\/p>\n<p><a href=\"https:\/\/www.youtube.com\/watch?v=pIBau70SbMg&amp;t=180s\" target=\"_blank\" rel=\"noopener noreferrer\">Power Week | Iniciando com AG &#8211; Configurando um Read-Scale<\/a><\/p>\n<p><a href=\"https:\/\/www.youtube.com\/watch?v=2uY_A5I99JM&amp;t=252s\" target=\"_blank\" rel=\"noopener noreferrer\">Power Week | TOP 10 Otimiza\u00e7\u00f5es para Iniciantes<\/a><\/p>\n<p><a href=\"https:\/\/www.youtube.com\/watch?v=C02ar-PB_aY&amp;t=335s\" target=\"_blank\" rel=\"noopener noreferrer\">Power Week | Casos reais de suporte no dia a dia da Power Tuning<\/a><\/p>\n<p>&nbsp;<\/p>\n<p>Como falei no post anterior, somos uma empresa que nasceu desse blog (fabriciolima.net) e cresceu com o apoio de voc\u00eas da comunidade que consumiam meus conte\u00fados, gostavam e me indicavam.<\/p>\n<p>Dessa forma, fiquei muito feliz de ter voc\u00eas durante essa semana.<\/p>\n<p>At\u00e9 a pr\u00f3xima.<\/p>\n<p>&nbsp;<\/p>\n<p class=\"swift-in-viewport\">Abra\u00e7os,<\/p>\n<p class=\"swift-in-viewport\">Fabr\u00edcio Lima<\/p>\n<p class=\"swift-in-viewport\">CEO na Power Tuning<\/p>\n<p class=\"swift-in-viewport\">Microsoft Data Platform MVP<\/p>\n<p class=\"swift-in-viewport\">Instagram:<a class=\"external-link wpel-icon-left\" href=\"https:\/\/www.instagram.com\/fabriciofrancalima\/\" target=\"_blank\" rel=\"noopener external noreferrer nofollow\" data-wpel-link=\"external\">@fabriciofrancalima<\/a><\/p>\n<p class=\"swift-in-viewport\">Linkedin:\u00a0<a class=\"external-link wpel-icon-left\" href=\"https:\/\/www.linkedin.com\/in\/fabriciofrancalima\/\" target=\"_blank\" rel=\"noopener noreferrer external nofollow\" data-wpel-link=\"external\">https:\/\/www.linkedin.com\/in\/fabriciofrancalima\/<\/a><\/p>\n<p class=\"swift-in-viewport\">Consultoria: <a href=\"http:\/\/comercial@powertuning.com.br\" target=\"_blank\" rel=\"noopener noreferrer\">comercial@powertuning.com.br\u00a0<\/a><\/p>\n","protected":false},"excerpt":{"rendered":"<p>Fala Pessoal, Essa semana tivemos a Power Week comemorando os 7 anos da Power Tuning. Foram 8 lives totalizando mais de 12 horas de conte\u00fado para voc\u00eas. Tivemos at\u00e9 agora (03\/07\/2021) mais de 3 mil views nos v\u00eddeos das lives. Sendo que algumas lives batemos mais de 100 pessoas ONLINE ao vivo!!! E voc\u00ea, vai [&hellip;]<\/p>\n","protected":false},"author":1,"featured_media":0,"comment_status":"open","ping_status":"open","sticky":false,"template":"","format":"standard","meta":{"_exactmetrics_skip_tracking":false,"_exactmetrics_sitenote_active":false,"_exactmetrics_sitenote_note":"","_exactmetrics_sitenote_category":0,"footnotes":""},"categories":[332,5,6,636,8,12,33,1187,280],"tags":[1830,1831,1823,1827,1826,1825,1829,1828,1822,1816,1824,336],"class_list":["post-15567","post","type-post","status-publish","format-standard","hentry","category-business-intelligence","category-carreira","category-casos-do-dia-a-dia","category-certificacao-2","category-eventos","category-noticias","category-sql-server","category-treinamento-sql-server-2","category-virtual-pass-br","tag-alwayson-ag","tag-casos-reais","tag-gravacao-power-week","tag-live-bi","tag-live-dba","tag-live-sql-server","tag-material-bi","tag-material-dba","tag-power-week","tag-powertuning","tag-videos-gravacao-power-week","tag-videos-sql-server"],"post_mailing_queue_ids":[],"_links":{"self":[{"href":"https:\/\/fabriciolima.net\/blog\/wp-json\/wp\/v2\/posts\/15567","targetHints":{"allow":["GET"]}}],"collection":[{"href":"https:\/\/fabriciolima.net\/blog\/wp-json\/wp\/v2\/posts"}],"about":[{"href":"https:\/\/fabriciolima.net\/blog\/wp-json\/wp\/v2\/types\/post"}],"author":[{"embeddable":true,"href":"https:\/\/fabriciolima.net\/blog\/wp-json\/wp\/v2\/users\/1"}],"replies":[{"embeddable":true,"href":"https:\/\/fabriciolima.net\/blog\/wp-json\/wp\/v2\/comments?post=15567"}],"version-history":[{"count":5,"href":"https:\/\/fabriciolima.net\/blog\/wp-json\/wp\/v2\/posts\/15567\/revisions"}],"predecessor-version":[{"id":15573,"href":"https:\/\/fabriciolima.net\/blog\/wp-json\/wp\/v2\/posts\/15567\/revisions\/15573"}],"wp:attachment":[{"href":"https:\/\/fabriciolima.net\/blog\/wp-json\/wp\/v2\/media?parent=15567"}],"wp:term":[{"taxonomy":"category","embeddable":true,"href":"https:\/\/fabriciolima.net\/blog\/wp-json\/wp\/v2\/categories?post=15567"},{"taxonomy":"post_tag","embeddable":true,"href":"https:\/\/fabriciolima.net\/blog\/wp-json\/wp\/v2\/tags?post=15567"}],"curies":[{"name":"wp","href":"https:\/\/api.w.org\/{rel}","templated":true}]}}