{"id":15543,"date":"2021-07-03T15:12:04","date_gmt":"2021-07-03T18:12:04","guid":{"rendered":"https:\/\/www.fabriciolima.net\/?p=15543"},"modified":"2021-07-03T15:12:37","modified_gmt":"2021-07-03T18:12:37","slug":"7-anos-de-power-tuning-praticamente-dobramos-os-consultores","status":"publish","type":"post","link":"https:\/\/fabriciolima.net\/blog\/2021\/07\/03\/7-anos-de-power-tuning-praticamente-dobramos-os-consultores\/","title":{"rendered":"[7 anos de Power Tuning] Praticamente dobramos o n\u00famero de Consultores"},"content":{"rendered":"<p><img loading=\"lazy\" decoding=\"async\" class=\"size-medium wp-image-15560 aligncenter\" src=\"https:\/\/www.fabriciolima.net\/blog\/wp-content\/uploads\/2021\/07\/numeros-powertuning-293x300.png\" alt=\"\" width=\"293\" height=\"300\" srcset=\"https:\/\/fabriciolima.net\/blog\/wp-content\/uploads\/2021\/07\/numeros-powertuning-293x300.png 293w, https:\/\/fabriciolima.net\/blog\/wp-content\/uploads\/2021\/07\/numeros-powertuning-410x420.png 410w, https:\/\/fabriciolima.net\/blog\/wp-content\/uploads\/2021\/07\/numeros-powertuning-100x102.png 100w, https:\/\/fabriciolima.net\/blog\/wp-content\/uploads\/2021\/07\/numeros-powertuning-275x282.png 275w, https:\/\/fabriciolima.net\/blog\/wp-content\/uploads\/2021\/07\/numeros-powertuning-20x20.png 20w, https:\/\/fabriciolima.net\/blog\/wp-content\/uploads\/2021\/07\/numeros-powertuning.png 608w\" sizes=\"auto, (max-width: 293px) 100vw, 293px\" \/><\/p>\n<p>Fala Pessoal,<\/p>\n<p>Esse \u00e9 meu tradicional post de anivers\u00e1rio de empresa. Vai que um dia viramos algu\u00e9m muito grande, j\u00e1 tem hist\u00f3ria escrita aqui para um livro&#8230; rsrsrs<\/p>\n<p>Post de 6 anos de empresa:\u00a0 <a href=\"https:\/\/www.fabriciolima.net\/blog\/2020\/07\/03\/6-anos-de-power-tuning-veja-o-que-mudou-nesse-ultimo-ano\/\" target=\"_blank\" rel=\"noopener noreferrer\">https:\/\/www.fabriciolima.net\/blog\/2020\/07\/03\/6-anos-de-power-tuning-veja-o-que-mudou-nesse-ultimo-ano\/<\/a><\/p>\n<p>Para relembrar, fechamos 6 anos de vida com <strong>21 consultores<\/strong>,<strong> 304 clientes<\/strong> distintos atendidos e <strong>73\u00a0clientes fixos<\/strong> com suporte e monitoramento mensal.<\/p>\n<p>Ent\u00e3o vamos aos fatos mais marcantes dos \u00faltimos 365 dias:<\/p>\n<h5><strong>Ano de muitas movimenta\u00e7\u00f5es na Power Tuning<\/strong><\/h5>\n<p>Nesse \u00faltimo ano, mesmo com a pandemia, sentimos o mercado de trabalho de TI (Banco de Dados) muito aquecido.<\/p>\n<p>Alguns profissionais que trabalhavam aqui receberam propostas MUITO boas de outras empresas e deixaram a Power Tuning.<\/p>\n<p>Ao mesmo tempo fizemos propostas muito boas para outros profissionais e eles deixaram suas empresas para vir trabalhar conosco<\/p>\n<p>Dessa forma, fica at\u00e9 dif\u00edcil citar aqui um por um das pessoas que sa\u00edram e entraram na Power Tuning.<\/p>\n<p>Conseguimos chegar no dia em que isso se tornou dif\u00edcil de controlar devido ao crescimento alto que tivemos. \u00c9 um problema bom. =)<\/p>\n<p>S\u00f3 tenho a agradecer a todos que passaram pela Power Tuning e contribu\u00edram para o nosso crescimento. Esperamos que tenhamos contribu\u00eddo para o crescimento profissional de voc\u00eas tamb\u00e9m.<\/p>\n<p>E aos que permaneceram ou chegaram no \u00faltimo ano, tamb\u00e9m agrade\u00e7o a vontade de querer fazer parte do nosso time, para nos ajudar nessa evolu\u00e7\u00e3o cont\u00ednua que teremos.<\/p>\n<p>No curto prazo o mercado ainda tem muita vaga boa atrativa, mas no longo prazo nossa ideia \u00e9 valorizar cada vez mais quem veste a camisa, continua conosco e acredita no nosso projeto de longo prazo (famoso buy and hold).<\/p>\n<p>Cada dia que passa, temos mais seguran\u00e7a financeira de pensar em novos benef\u00edcios para nossos consultores.<\/p>\n<p>Esse ano criamos mais 2 benef\u00edcios para nossos consultores:<\/p>\n<ul>\n<li>Folga no dia do anivers\u00e1rio do filho para que nosso consultor fa\u00e7a esse dia mais feliz para quem mais importa na vida dele.<\/li>\n<li>Quem completar 5 anos de Power Tuning, vai receber uma experi\u00eancia como pr\u00eamio. Vamos pagar uma viagem para aproveitar o fim de semana com a fam\u00edlia e comemorar essa grande conquista. J\u00e1 temos o primeiro consultor que vai alcan\u00e7ar essa marca. Parab\u00e9ns <a href=\"https:\/\/www.linkedin.com\/in\/luizvitorlima\/?originalSubdomain=br\" target=\"_blank\" rel=\"noopener noreferrer\">Luiz Vitor<\/a> (Funcion\u00e1rio 02 da empresa, que chegou aqui quando tudo ainda era mato).<\/li>\n<\/ul>\n<p>Quando ele tiver chegando perto dos 10 anos j\u00e1 vamos pensar em um pr\u00eamio muito melhor certamente.<\/p>\n<p>Outros benef\u00edcios:<\/p>\n<ul>\n<li>Pegou plant\u00e3o no final de semana, ganha as horas extras e uma folga na semana.<\/li>\n<li>Folga no dia do anivers\u00e1rio (b\u00e1sico).<\/li>\n<li>Escala noturna diferenciada com revezamento para trabalhar poucos meses a noite no ano e quando trabalhar a noite ter apenas 15 dias \u00fateis de trabalho e n\u00e3o 20 (aproximadamente) igual os consultores da manh\u00e3.<\/li>\n<li>Cursos gr\u00e1tis ilimitados na plataforma da Power Tuning.<\/li>\n<li>Treinamentos internos com nossos casos reais e consultores parceiros.<\/li>\n<li>Pagamos certifica\u00e7\u00e3o.<\/li>\n<\/ul>\n<h5><\/h5>\n<h5><strong>Plataforma de Cursos<\/strong><\/h5>\n<p>N\u00e3o salvei no post quantos alunos t\u00ednhamos ano passado em nossa plataforma de curso, mas estou salvando aqui agora que temos <strong>2.601 alunos<\/strong> para ver no ano que vem como estaremos.<\/p>\n<p>Muita gente crescendo profissionalmente com nossos cursos e dando feedbacks sensacionais no <strong>Linkedin<\/strong>.<\/p>\n<p>Plataforma de Cursos: <a class=\"external-link wpel-icon-left\" href=\"https:\/\/cursos.fabriciolima.net\/\" target=\"_blank\" rel=\"noopener nofollow external noreferrer\" data-wpel-link=\"external\">https:\/\/cursos.powertuning.com.br\/<\/a><\/p>\n<h5><strong>Canal no Youtube<\/strong><\/h5>\n<p>Ap\u00f3s 7 anos de vida, finalmente come\u00e7amos a utilizar nosso canal no Youtube.<\/p>\n<p>Estamos com uma frequ\u00eancia atual de uma live por semana e um v\u00eddeo di\u00e1rio curto com os melhores momentos das lives.<\/p>\n<p>Vamos ver se conseguimos manter ritmo.<\/p>\n<p>Esses s\u00e3o os n\u00fameros do nosso canal do Youtube:<\/p>\n<ul>\n<li>Visualiza\u00e7\u00f5es: <strong>17.267<\/strong><\/li>\n<li>Tempo de exibi\u00e7\u00e3o: <strong>3.100 horas<\/strong><\/li>\n<li>Inscritos: <strong>1.102<\/strong><\/li>\n<\/ul>\n<p>Se inscrevam em nosso canal: <a href=\"https:\/\/www.youtube.com\/channel\/UCvz12BbOXa7nJ-zbkQ6tI6A\" target=\"_blank\" rel=\"noopener noreferrer\">Canal Power Tuning<\/a><\/p>\n<h5><strong>Microsoft Partner Gold<\/strong><\/h5>\n<p>Em 2019 nos tornamos Microsoft Gold Partner na categoria Data Platform.<\/p>\n<p>Em 2020 nos tornamos Microsoft Gold Partner na categoria Data Analytics.<\/p>\n<p>Mais uma vez renovamos essas 2 categorias de Gold Partner.<\/p>\n<p>&nbsp;<\/p>\n<h5><strong>Consultores e Parceiros MVP&#8217;s<\/strong><\/h5>\n<p>Entre consultores e parceiros, a Microsoft renovou o t\u00edtulo de MVP de todos eles essa semana (01\/07\/2021):<\/p>\n<ul>\n<li>Fabricio Lima<\/li>\n<li>Dirceu Resende<\/li>\n<li>Rafael Mendon\u00e7a<\/li>\n<li>Rafael dos Santos<\/li>\n<li>Fabiano Amorim<\/li>\n<li>Ruy Lacerda<\/li>\n<li>Fernando Garcia<\/li>\n<li><strong>Orlando Gomes (Novo MVP no time)<\/strong><\/li>\n<\/ul>\n<p>Repararam que temos mais um MVP no time trabalhando Full Time conosco no time de BI. Uma honra ter o Orlandinho no nosso time.<\/p>\n<p>Obrigado mais uma vez pelo reconhecimento Microsoft!!!<\/p>\n<p>&nbsp;<\/p>\n<p><strong>Nossos n\u00fameros:<\/strong><\/p>\n<ul>\n<li>Fechamos 6 anos com <strong>21 consultores<\/strong>,\u00a0<strong>304 clientes<\/strong>\u00a0distintos atendidos e\u00a0<strong>73 clientes fixos<\/strong>\u00a0com suporte e monitoramento mensal.<\/li>\n<li>Agora com 7 anos temos <strong>41\u00a0consultores<\/strong>,\u00a0<strong>390 clientes<\/strong> distintos atendidos, <strong>100 clientes fixos<\/strong> com suporte e monitoramento mensal e <strong>2.601 alunos<\/strong> na plataforma de cursos.<\/li>\n<\/ul>\n<p><strong>Resumo:<\/strong><\/p>\n<ul>\n<li>95% de crescimento no n\u00famero de consultores<\/li>\n<li>28% de crescimento no n\u00famero de clientes<\/li>\n<li>36% de crescimento no n\u00famero de clientes com suporte e monitoramento mensal<\/li>\n<\/ul>\n<p>&nbsp;<\/p>\n<p>Reparem que praticamente dobramos o n\u00famero de consultores. Foi uma estrat\u00e9gia nossa para se estruturar mais, melhorar nossos processos, atendimento e estar mais forte para mais um per\u00edodo de crescimento.<\/p>\n<p>&nbsp;<\/p>\n<p>\u00c9 isso ai pessoal, muito obrigado a todas as mensagens que recebemos a cada conquista que realizamos em nossa empresa.<\/p>\n<p>Vamos que vamos para mais 365 dias de muito trabalho com esse grande Time. Sem um time bom e forte, a Power Tuning n\u00e3o cresceria nada, obrigado galera!<\/p>\n<p><strong>GO GO GO <\/strong><\/p>\n<p><strong>#soupowertuning\u00a0<\/strong><\/p>\n<p>&nbsp;<\/p>\n<p>Abra\u00e7os,<\/p>\n<p>Fabr\u00edcio Lima<\/p>\n<p>CEO Power Tuning<\/p>\n<p>Microsoft Data Platform MVP<\/p>\n<p>Instagram:<a class=\"external-link wpel-icon-left\" href=\"https:\/\/www.instagram.com\/fabriciofrancalima\/\" target=\"_blank\" rel=\"noopener external noreferrer nofollow\" data-wpel-link=\"external\">@fabriciofrancalima<\/a><\/p>\n<p>Linkedin:\u00a0<a class=\"external-link wpel-icon-left\" href=\"https:\/\/www.linkedin.com\/in\/fabriciofrancalima\/\" target=\"_blank\" rel=\"noopener noreferrer external nofollow\" data-wpel-link=\"external\">https:\/\/www.linkedin.com\/in\/fabriciofrancalima\/<\/a><\/p>\n<p>Consultoria:\u00a0comercial@powertuning.com.br<\/p>\n","protected":false},"excerpt":{"rendered":"<p>Fala Pessoal, Esse \u00e9 meu tradicional post de anivers\u00e1rio de empresa. Vai que um dia viramos algu\u00e9m muito grande, j\u00e1 tem hist\u00f3ria escrita aqui para um livro&#8230; rsrsrs Post de 6 anos de empresa:\u00a0 https:\/\/www.fabriciolima.net\/blog\/2020\/07\/03\/6-anos-de-power-tuning-veja-o-que-mudou-nesse-ultimo-ano\/ Para relembrar, fechamos 6 anos de vida com 21 consultores, 304 clientes distintos atendidos e 73\u00a0clientes fixos com suporte e [&hellip;]<\/p>\n","protected":false},"author":1,"featured_media":0,"comment_status":"open","ping_status":"open","sticky":false,"template":"","format":"standard","meta":{"_exactmetrics_skip_tracking":false,"_exactmetrics_sitenote_active":false,"_exactmetrics_sitenote_note":"","_exactmetrics_sitenote_category":0,"footnotes":""},"categories":[5,8,12],"tags":[1819,1820,463,1600,1818,1821,30,1805,1816,1817],"class_list":["post-15543","post","type-post","status-publish","format-standard","hentry","category-carreira","category-eventos","category-noticias","tag-7-anos","tag-7anospowertuning","tag-fabricio-lima","tag-fabricio-lima-solucoes-em-bd","tag-fabriciolima","tag-goldpartner","tag-microsoft","tag-power-tuning","tag-powertuning","tag-soupowertuning"],"post_mailing_queue_ids":[],"_links":{"self":[{"href":"https:\/\/fabriciolima.net\/blog\/wp-json\/wp\/v2\/posts\/15543","targetHints":{"allow":["GET"]}}],"collection":[{"href":"https:\/\/fabriciolima.net\/blog\/wp-json\/wp\/v2\/posts"}],"about":[{"href":"https:\/\/fabriciolima.net\/blog\/wp-json\/wp\/v2\/types\/post"}],"author":[{"embeddable":true,"href":"https:\/\/fabriciolima.net\/blog\/wp-json\/wp\/v2\/users\/1"}],"replies":[{"embeddable":true,"href":"https:\/\/fabriciolima.net\/blog\/wp-json\/wp\/v2\/comments?post=15543"}],"version-history":[{"count":12,"href":"https:\/\/fabriciolima.net\/blog\/wp-json\/wp\/v2\/posts\/15543\/revisions"}],"predecessor-version":[{"id":15574,"href":"https:\/\/fabriciolima.net\/blog\/wp-json\/wp\/v2\/posts\/15543\/revisions\/15574"}],"wp:attachment":[{"href":"https:\/\/fabriciolima.net\/blog\/wp-json\/wp\/v2\/media?parent=15543"}],"wp:term":[{"taxonomy":"category","embeddable":true,"href":"https:\/\/fabriciolima.net\/blog\/wp-json\/wp\/v2\/categories?post=15543"},{"taxonomy":"post_tag","embeddable":true,"href":"https:\/\/fabriciolima.net\/blog\/wp-json\/wp\/v2\/tags?post=15543"}],"curies":[{"name":"wp","href":"https:\/\/api.w.org\/{rel}","templated":true}]}}