{"id":12705,"date":"2020-07-03T09:50:02","date_gmt":"2020-07-03T12:50:02","guid":{"rendered":"https:\/\/www.fabriciolima.net\/?p=12705"},"modified":"2020-07-03T13:11:37","modified_gmt":"2020-07-03T16:11:37","slug":"6-anos-de-power-tuning-veja-o-que-mudou-nesse-ultimo-ano","status":"publish","type":"post","link":"https:\/\/fabriciolima.net\/blog\/2020\/07\/03\/6-anos-de-power-tuning-veja-o-que-mudou-nesse-ultimo-ano\/","title":{"rendered":"6 anos de Power Tuning &#8211; Veja o que mudou nesse \u00faltimo ano"},"content":{"rendered":"<p>Fala Pessoal,<\/p>\n<p>Esse \u00e9 meu tradicional post de anivers\u00e1rio de empresa. Vai que um dia viramos algu\u00e9m muito grande, j\u00e1 tem hist\u00f3ria escrita aqui para um livro&#8230; rsrsrs<\/p>\n<p>Post de 5 anos de empresa:\u00a0 <a href=\"https:\/\/www.fabriciolima.net\/blog\/2019\/07\/03\/veja-quanta-mudanca-em-apenas-365-dias\/\" target=\"_blank\" rel=\"noopener noreferrer\">https:\/\/www.fabriciolima.net\/blog\/2019\/07\/03\/veja-quanta-mudanca-em-apenas-365-dias\/<\/a><\/p>\n<p>Para relembrar, fechamos 5 anos de vida com <strong>14 consultores<\/strong>,<strong> 219 clientes<\/strong> distintos atendidos e <strong>49 clientes fixos<\/strong> com suporte e monitoramento mensal.<\/p>\n<p>Ent\u00e3o vamos aos fatos mais marcantes dos \u00faltimos 365 dias:<\/p>\n<h5><strong>Mudan\u00e7a de Nome<\/strong><\/h5>\n<p>2020 come\u00e7ou com uma grande mudan\u00e7a na empresa.<\/p>\n<p>Crescemos demais e j\u00e1 fazia tempo que a empresa era muito mais do que o Fabr\u00edcio Lima.<\/p>\n<p>Escolher um nome \u00e9 um trabalho muito mais desgastante do que parece, mas ap\u00f3s dezenas de tentativas e vota\u00e7\u00f5es, chegamos ao nome final de Power Tuning.<\/p>\n<p>O nome pegou, a logo pegou e meses depois vejo que hoje foi uma escolha certa.<\/p>\n<p>Mudamos de patamar com essa mudan\u00e7a de nome. \\o\/<\/p>\n<p>&nbsp;<\/p>\n<h5><strong>Time de BI<\/strong><\/h5>\n<p>Nosso time de BI recebeu o refor\u00e7o de 2 novos consultores que nos ajudaram demais nesse \u00faltimo ano:<\/p>\n<p><a href=\"https:\/\/www.linkedin.com\/in\/vitor-cunha\/\">Vitor Cunha<\/a> veio para compor nosso time de DashBoard e teve uma evolu\u00e7\u00e3o gigante no tempo dele de empresa. Parab\u00e9ns Vitor.<\/p>\n<p><a href=\"https:\/\/www.linkedin.com\/in\/vitor-cunha\/\">Bianco Castro<\/a> trabalhou conosco FULL TIME por alguns meses nesse \u00faltimo ano, mas em mar\u00e7o desse ano foi para outro desafio. Contudo, como \u00e9 uma profissional excelente, n\u00e3o ia perder ela totalmente assim, ent\u00e3o ela continua nos ajudando em hor\u00e1rios espec\u00edficos at\u00e9 hoje. Obrigado por todo o trabalho Bianca.<\/p>\n<p>Atrav\u00e9s de nossa parceria sensacional dos Planilheiros, fechamos um cliente gigante de BI e isso s\u00f3 foi poss\u00edvel com a disponibilidade e efici\u00eancia do nosso consultor <a href=\"https:\/\/www.linkedin.com\/in\/diegosimoesgarcia\/\">Diego Garcia<\/a>, que entrou espec\u00edficamente para atender essa demanda FULL Time e est\u00e1 entregando um servi\u00e7o de qualidade no padr\u00e3o Planilheiros\/Power Tuning. Cliente est\u00e1 curtindo demais. Obrigado Diego.<\/p>\n<p>Tamb\u00e9m estamos come\u00e7ando a contar com a ajuda de um grande parceiro em projetos espec\u00edficos, o mestre do Dashboard <a href=\"https:\/\/www.linkedin.com\/in\/augusto-mello-verde\/\">Augusto Mello<\/a>, obrigado pela ajuda .<\/p>\n<p>Em Mar\u00e7o nosso BI Team Leader <a href=\"https:\/\/www.linkedin.com\/in\/dirceuresende\/\">Dirceu Resende<\/a> foi para um novo desafio no Caribe (ganhar em d\u00f3lar e morar onde tiramos f\u00e9rias&#8230; At\u00e9 eu iria&#8230; kkkk). Mas&#8230; Mesmo de longe o Dirceu continua no &#8220;board&#8221; do nosso BI. Al\u00e9m de ajuda t\u00e9cnica em hor\u00e1rios espec\u00edficos, ele continua nos ajudando estrategicamente para o crescimento da \u00e1rea.<\/p>\n<p>Com a sa\u00edda do Dirceu do trabalho Full Time, o <a href=\"https:\/\/www.linkedin.com\/in\/rafaelmpsantos\/\">Rafael Mendon\u00e7a<\/a> assumiu como <strong>BI Team Leader<\/strong> e agora est\u00e1 trabalhando muito mais tempo na Power Tuning que ano passado. Trabalho sensacional. Muito Obrigado Rafael!<\/p>\n<p>Mesmo com essas mudan\u00e7as, o &#8220;board&#8221; do BI continua o mesmo: Eu, Dirceu e Rafael discutindo ideias e desafios para o crescimento da \u00e1rea.<\/p>\n<p>O <a href=\"https:\/\/www.linkedin.com\/in\/leandro-lima-ab290a90\/\">Leandro Lima<\/a>, com a sa\u00edda do Dirceu, tamb\u00e9m assumiu mais responsabilidades na empresa no relacionamento com os clientes.<\/p>\n<p>Pegamos v\u00e1rios projetos grandes de BI nesse \u00faltimo ano, ent\u00e3o creio que \u00e9 uma \u00e1rea ainda nova na Power Tuning (comparado com o tempo do time de DBA) e que ainda tem um futuro grande de crescimento pela frente.<\/p>\n<p>&nbsp;<\/p>\n<h5><strong>Time de DBA<\/strong><\/h5>\n<p>Nosso time de DBA tamb\u00e9m recebeu novos consultores POWER e evoluiu bastante nesse \u00faltimo ano.<\/p>\n<p><a href=\"https:\/\/www.linkedin.com\/in\/dwramorim\/\">Danilo Amorim<\/a> entrou no time de BI, mas o sangue Amorim fez ele migrar para o Time de DBA. Obrigado Danilo!<\/p>\n<p>No in\u00edcio de 2020, a Power Tuning deu um grande passo no seu crescimento e iniciou um suporte 24 x 7 com consultores na frente do PC monitorando o ambiente dos clientes e dispon\u00edveis para atender a qualquer pedido de ajuda.<\/p>\n<p>Esse projeto foi poss\u00edvel gra\u00e7as a chegada desses dois consultores: <a href=\"https:\/\/www.linkedin.com\/in\/leonardo-medeiros-a6987811a\/\">Leonardo Medeiros\u00a0<\/a> e <a href=\"https:\/\/www.linkedin.com\/in\/heitor-rocha-arantes-dba-ti\/\">Heitor Arantes<\/a><\/p>\n<p>Muito obrigado Leo e Heitor por embarcarem nessa jornada conosco!!!<\/p>\n<p>Voc\u00eas s\u00e3o muito importantes para a empresa cumprir esse diferencial de ter algu\u00e9m dispon\u00edvel 24 horas por dia, 7 dias por semana.<\/p>\n<p>O n\u00famero de clientes foi aumentando e esse ano tivemos a chegada de mais 3 consultores: <a href=\"https:\/\/www.linkedin.com\/in\/gabrielly-saraiva-41206032\/\">Gabrielly Saraiva<\/a>, <a href=\"https:\/\/www.linkedin.com\/in\/leonardo-cardoso-2691a1198\/\">Leonardo Cardoso<\/a> e <a href=\"https:\/\/www.linkedin.com\/in\/henrique-gummersbach\/\">Henrique Acevedo<\/a>.<\/p>\n<p>3 contrata\u00e7\u00f5es certeiras que em poucos meses j\u00e1 mostraram para o que vieram e o futuro promete demais para esses 3 aqui na power tuning. O Rodrigo mais uma vez acertou em cheio na escolha deles.<\/p>\n<p>Muito obrigado por aceitarem fazer parte desse grande projeto conosco Gabi, Leo Cardoso e Henrique!!!<\/p>\n<p>Para fechar as mudan\u00e7as no time de DBA&#8230; No Final do post do ano passado escrevi isso:<\/p>\n<p><em>&#8220;J\u00e1 consigo adiantar que ainda no m\u00eas de Julho de 2019 teremos mais uma contrata\u00e7\u00e3o bomb\u00e1stica para o <strong>#TeamFabricioLima<\/strong>\u00a0!!!<\/em><\/p>\n<p><em>Essa pessoa a\u00ed vai elevar MUITO o n\u00edvel t\u00e9cnico da nossa empresa e certamente nos trar\u00e1 novas ideias e direcionamentos que contarei para voc\u00eas daqui a 365 dias.&#8221;<\/em><\/p>\n<p>Isso n\u00e3o era fake news!<\/p>\n<p>Nosso consultor de casos cr\u00edticos <a href=\"https:\/\/www.linkedin.com\/in\/rodrigoribeirogomes\/\">Rodrigo Ribeiro<\/a> veio trabalhar conosco FULL Time e se tornou o nosso DBA Team Leader. WOW!!!<\/p>\n<p>\u00c9 at\u00e9 dif\u00edcil descrever toda a contribui\u00e7\u00e3o que o Rodrigo proporcionou para a Power Tuning nesse 1 ano de trabalho como DBA Team Leader.<\/p>\n<p>Revolucionou a forma como organizamos nossos chamados, tecnicamente resolveu casos sensacionais que eu, Fabr\u00edcio Lima, n\u00e3o resolveria sozinho com a mesma velocidade, motivou e conduziu todo o time durante todo esse ano sendo um belo de um l\u00edder. Ultimamente tamb\u00e9m j\u00e1 est\u00e1 me ajudando na parte comercial da empresa.<\/p>\n<p>At\u00e9 o ano passado, eu, Fabr\u00edcio Lima, ainda era o maior n\u00edvel da empresa no escalonamento t\u00e9cnico de problemas cr\u00edticos do time de DBA.<\/p>\n<p>Agora, j\u00e1 posso tirar 3 meses de f\u00e9rias, ir para o Caribe visitar o Dirceu, que o Rodrigo segura todo nosso time de DBA com os olhos fechados. Que baita contrata\u00e7\u00e3o.<\/p>\n<p>Nosso time de DBA nesse \u00faltimo ano tamb\u00e9m teve consultores que partiram para outros desafios: Obrigado pelo tempo que ajudaram a Power Tuning <a href=\"https:\/\/www.linkedin.com\/in\/tiago-neves-dba\/\">Tiago<\/a>, <a href=\"https:\/\/www.linkedin.com\/in\/tassiocarlini\/\">Tassio<\/a> e <a href=\"https:\/\/www.linkedin.com\/in\/jonilson-rodrigues-80574b92\/\">Jon\u00edlson<\/a>.<\/p>\n<p>Nossos consultores mais antigos continuam em constante evolu\u00e7\u00e3o dentro da power tuning.<\/p>\n<p>Muito obrigado por mais um ano de dedica\u00e7\u00e3o a Power Tuning: <a href=\"https:\/\/www.linkedin.com\/in\/carolinegoltara\/\">Carol<\/a>, <a href=\"https:\/\/www.linkedin.com\/in\/danyeleoliveira\/\">Dany<\/a>, <a href=\"https:\/\/www.linkedin.com\/in\/luizvitorlima\/\">Vitor<\/a>, <a href=\"https:\/\/www.linkedin.com\/in\/diegobernardesprado\/\">Diego<\/a> e <a href=\"https:\/\/www.linkedin.com\/in\/alan-mairinck\/\">Alan<\/a><\/p>\n<p>O Mito Fabiano Amorim continua contribuido absurdamente com nossos casos mais cr\u00edticos.<\/p>\n<p>\u00c9 cada e-mail sinistro que ele redige para nossos clientes, \u00e9 cada solu\u00e7\u00e3o mirabolante que ele manda nas calls que realizamos, \u00e9 uma aula de an\u00e1lise de problema no mundo real e que nem nos cursos dele conseguimos ter (j\u00e1 que \u00e9 pr\u00e1tica do dia a dia isso).<\/p>\n<p>Que baita privil\u00e9gio os consultores da Power Tuning tem de contar com o <a href=\"https:\/\/www.linkedin.com\/in\/fabianoamorim\/\">Fabiano Amorim<\/a> nos ajudando e ensinando em mais um ano. Muito obrigado Fabiano!<\/p>\n<p>&nbsp;<\/p>\n<h5><strong>Plataforma de Cursos<\/strong><\/h5>\n<p>Em 1 ano crescemos demais a quantidade de cursos na nossa plataforma.<\/p>\n<p>Agora temos cursos de Alta Disponibilidade, Azure SQL Database, Seguran\u00e7a, Fundamentos de Windows, Cursos gr\u00e1tis e muito mais.<\/p>\n<p>Imperd\u00edvel:\u00a0<a class=\"external-link wpel-icon-left\" href=\"https:\/\/cursos.fabriciolima.net\/\" target=\"_blank\" rel=\"noopener nofollow external noreferrer\" data-wpel-link=\"external\">https:\/\/cursos.powertuning.com.br\/<\/a><\/p>\n<p>S\u00f3 hoje (03\/07), at\u00e9 as 00:00h, tem um voucher de 20% OFF de presente para voc\u00ea aproveitar nossos cursos.<\/p>\n<p>Voucher: <strong>BDAYPOWERTUNING6YEARSOLD<\/strong><\/p>\n<p>&nbsp;<\/p>\n<h5><strong>Microsoft Partner Gold<\/strong><\/h5>\n<p>Em 2019 nos tornamos Microsoft Gold Partner em 1 categoria: Data Platform<\/p>\n<p>Em 2020 tamb\u00e9m nos tornamos Gold na categoria Data Analytics.<\/p>\n<p>E vamos seguir por mais 1 ano com o Gold Partner renovado nessas duas categorias junto a microsoft.<\/p>\n<p>&nbsp;<\/p>\n<h5><strong>Consultores e Parceiros MVP&#8217;s<\/strong><\/h5>\n<p>Entre consultores e parceiros, a Microsoft renovou o t\u00edtulo de MVP de todos eles essa semanda (01\/07):<\/p>\n<ul>\n<li>Fabricio Lima<\/li>\n<li>Dirceu Resende<\/li>\n<li>Rafael Mendon\u00e7a<\/li>\n<li>Rafael dos Santos<\/li>\n<li>Fabiano Amorim<\/li>\n<li>Ruy Lacerda<\/li>\n<li>Fernando Garcia<\/li>\n<\/ul>\n<p>&nbsp;<\/p>\n<p>Obrigado mais uma vez pelo reconhecimento Microsoft!!!<\/p>\n<p>&nbsp;<\/p>\n<p><strong>Relembrando:<\/strong><\/p>\n<ul>\n<li>Fechamos 5 anos com <strong>14 consultores<\/strong>,\u00a0<strong>219 clientes<\/strong>\u00a0distintos atendidos e\u00a0<strong>49 clientes fixos<\/strong>\u00a0com suporte e monitoramento mensal.<\/li>\n<li>Agora com 6 anos temos <strong>21 consultores<\/strong>,\u00a0<strong>304 clientes<\/strong>\u00a0distintos atendidos e\u00a0<strong>73 clientes fixos<\/strong>\u00a0com suporte e monitoramento mensal.<\/li>\n<\/ul>\n<p><strong>Resumo:<\/strong><\/p>\n<ul>\n<li>34% de crescimento no n\u00famero de consultores<\/li>\n<li>28% de crescimento no n\u00famero de clientes<\/li>\n<li>33% de crescimento no n\u00famero de clientes com suporte e monitoramento mensal<\/li>\n<\/ul>\n<p>&nbsp;<\/p>\n<p>\u00c9 isso ai pessoal, muito obrigado a todas as mensagens que recebemos a cada conquista que realizamos em nossa empresa.<\/p>\n<p>Vamos que vamos para mais 365 dias de muito trabalho com esse grande Time.<\/p>\n<p><strong>GO GO GO <\/strong><\/p>\n<p><strong>#soupowertuning\u00a0<\/strong><\/p>\n<p>&nbsp;<\/p>\n<p>Abra\u00e7os,<\/p>\n<p>Fabr\u00edcio Lima<\/p>\n<p>CEO na Fabr\u00edcio Lima Solu\u00e7\u00f5es em BD<\/p>\n<p>Microsoft Data Platform MVP<\/p>\n<p>Instagram:<a class=\"external-link wpel-icon-left\" href=\"https:\/\/www.instagram.com\/fabriciofrancalima\/\" target=\"_blank\" rel=\"noopener external noreferrer nofollow\" data-wpel-link=\"external\">@fabriciofrancalima<\/a><\/p>\n<p>Linkedin:\u00a0<a class=\"external-link wpel-icon-left\" href=\"https:\/\/www.linkedin.com\/in\/fabriciofrancalima\/\" target=\"_blank\" rel=\"noopener noreferrer external nofollow\" data-wpel-link=\"external\">https:\/\/www.linkedin.com\/in\/fabriciofrancalima\/<\/a><\/p>\n<p>Consultoria:\u00a0comercial@powertuning.com.br<\/p>\n","protected":false},"excerpt":{"rendered":"<p>Fala Pessoal, Esse \u00e9 meu tradicional post de anivers\u00e1rio de empresa. Vai que um dia viramos algu\u00e9m muito grande, j\u00e1 tem hist\u00f3ria escrita aqui para um livro&#8230; rsrsrs Post de 5 anos de empresa:\u00a0 https:\/\/www.fabriciolima.net\/blog\/2019\/07\/03\/veja-quanta-mudanca-em-apenas-365-dias\/ Para relembrar, fechamos 5 anos de vida com 14 consultores, 219 clientes distintos atendidos e 49 clientes fixos com suporte [&hellip;]<\/p>\n","protected":false},"author":1,"featured_media":0,"comment_status":"open","ping_status":"open","sticky":false,"template":"","format":"standard","meta":{"_exactmetrics_skip_tracking":false,"_exactmetrics_sitenote_active":false,"_exactmetrics_sitenote_note":"","_exactmetrics_sitenote_category":0,"footnotes":""},"categories":[12],"tags":[],"class_list":["post-12705","post","type-post","status-publish","format-standard","hentry","category-noticias"],"post_mailing_queue_ids":[],"_links":{"self":[{"href":"https:\/\/fabriciolima.net\/blog\/wp-json\/wp\/v2\/posts\/12705","targetHints":{"allow":["GET"]}}],"collection":[{"href":"https:\/\/fabriciolima.net\/blog\/wp-json\/wp\/v2\/posts"}],"about":[{"href":"https:\/\/fabriciolima.net\/blog\/wp-json\/wp\/v2\/types\/post"}],"author":[{"embeddable":true,"href":"https:\/\/fabriciolima.net\/blog\/wp-json\/wp\/v2\/users\/1"}],"replies":[{"embeddable":true,"href":"https:\/\/fabriciolima.net\/blog\/wp-json\/wp\/v2\/comments?post=12705"}],"version-history":[{"count":5,"href":"https:\/\/fabriciolima.net\/blog\/wp-json\/wp\/v2\/posts\/12705\/revisions"}],"predecessor-version":[{"id":12712,"href":"https:\/\/fabriciolima.net\/blog\/wp-json\/wp\/v2\/posts\/12705\/revisions\/12712"}],"wp:attachment":[{"href":"https:\/\/fabriciolima.net\/blog\/wp-json\/wp\/v2\/media?parent=12705"}],"wp:term":[{"taxonomy":"category","embeddable":true,"href":"https:\/\/fabriciolima.net\/blog\/wp-json\/wp\/v2\/categories?post=12705"},{"taxonomy":"post_tag","embeddable":true,"href":"https:\/\/fabriciolima.net\/blog\/wp-json\/wp\/v2\/tags?post=12705"}],"curies":[{"name":"wp","href":"https:\/\/api.w.org\/{rel}","templated":true}]}}