{"id":11370,"date":"2020-01-27T10:34:06","date_gmt":"2020-01-27T13:34:06","guid":{"rendered":"https:\/\/www.fabriciolima.net\/?p=11370"},"modified":"2020-01-27T10:41:11","modified_gmt":"2020-01-27T13:41:11","slug":"me-de-um-presente-de-aniversario-ajudando-as-vitimas-das-chuvas-no-es","status":"publish","type":"post","link":"https:\/\/fabriciolima.net\/blog\/2020\/01\/27\/me-de-um-presente-de-aniversario-ajudando-as-vitimas-das-chuvas-no-es\/","title":{"rendered":"Me d\u00ea um presente de anivers\u00e1rio ajudando as v\u00edtimas das chuvas no ES"},"content":{"rendered":"<header><span style=\"font-size: inherit;\">Fala pessoal,<\/span><\/header>\n<header><\/header>\n<header><\/header>\n<header><strong style=\"font-size: inherit;\">No pr\u00f3ximo dia 05\/02 completo mais um ano de vida. Yes!!!<\/strong><\/header>\n<div class=\"entry-content\">\n<p>Como devem estar acompanhando no notici\u00e1rio, meu estado \u00a0(Espirito Santo) est\u00e1 sendo castigado mais uma vez pelas chuvas. Mas dessa vez acredito ser a maior que j\u00e1 vi por aqui acontecendo em diversas cidades.<\/p>\n<p>Conhecidos que visitaram essas cidades afetadas dizem que a TV n\u00e3o consegue mostrar 10% do sofrimento que a popula\u00e7\u00e3o de l\u00e1 est\u00e1 passando.<\/p>\n<p>Esse pedido \u00e9 para voc\u00ea que me conhece, me acha um cara gente boa e me daria uma lembrancinha de anivers\u00e1rio se te convidasse para uma festa de comemora\u00e7\u00e3o do meu n\u00edver.<\/p>\n<p><strong>Tenho uma boa not\u00edcia, voc\u00ea acaba de ser convidado!<\/strong><\/p>\n<p>Me d\u00ea uma lembrancinha de anivers\u00e1rio de R$ 5,00, \u00a0R$ 10,00 ou qualquer outro valor que n\u00e3o fa\u00e7a diferen\u00e7a para voc\u00ea, mas com o montante somado, certamente vamos fazer a diferen\u00e7a para v\u00e1rias fam\u00edlias.<\/p>\n<p><strong>Comunidade T\u00e9cnica Microsoft:<\/strong><\/p>\n<p>Voc\u00ea que j\u00e1 assistiu e gostou de alguma palestra minha, voc\u00ea que j\u00e1 foi ajudado por post meu a resolver um problema na sua empresa, voc\u00ea que j\u00e1 implantou meus alertas e scripts para te ajudar no seu dia a dia\u2026<\/p>\n<p>Se voc\u00ea j\u00e1 pensou em me agradecer de alguma forma\u2026 Essa \u00e9 a hora\u2026 Me d\u00ea esse presente que ter\u00e1 valido muito todo o esfor\u00e7o em ajudar voc\u00eas e certamente me motivar\u00e1 a ajudar muito mais\u2026<\/p>\n<p><strong>Meu Pic Pay para doa\u00e7\u00f5es: @lima.fabricio<\/strong><\/p>\n<p><strong>Link para a vaquinha:\u00a0<a class=\"external-link wpel-icon-left\" href=\"https:\/\/vaka.me\/877699\" target=\"_blank\" rel=\"noopener noreferrer nofollow external\" data-wpel-link=\"external\">http:\/\/vaka.me\/877699<\/a><\/strong><\/p>\n<p>Vou procurar algumas fam\u00edlias diretamente para realizar a doa\u00e7\u00e3o nessas cidades e vou compartilhar com voc\u00eas em minhas redes sociais:<\/p>\n<p>Instagram:<a class=\"external-link wpel-icon-left\" href=\"https:\/\/www.instagram.com\/fabriciofrancalima\/\" target=\"_blank\" rel=\"noopener external noreferrer nofollow\" data-wpel-link=\"external\">@fabriciofrancalima<\/a><\/p>\n<p>Conto com voc\u00eas.<\/p>\n<p>Juntos somos mais fortes!!!<\/p>\n<header class=\"entry-header\">Segue abaixo um v\u00eddeo que gravei sobre:<\/header>\n<header><\/header>\n<header><\/header>\n<header><\/header>\n<header class=\"entry-header\"><a href=\"https:\/\/www.youtube.com\/watch?v=ouNfrSig8LQ&amp;feature=emb_title\" target=\"_blank\" rel=\"noopener noreferrer\">https:\/\/www.youtube.com\/watch?v=ouNfrSig8LQ&amp;feature=emb_title<\/a><\/header>\n<header><\/header>\n<header><\/header>\n<header><\/header>\n<header class=\"entry-header\"><b>Gostou desse Post?<\/b><\/header>\n<p>Curta, comente, compartilhe\u2026<\/p>\n<p>Curta nossa p\u00e1gina no\u00a0<a class=\"external-link wpel-icon-left\" href=\"https:\/\/www.facebook.com\/SouPowerTuning\" target=\"_blank\" rel=\"external noopener noreferrer nofollow\" data-wpel-link=\"external\">Facebook<\/a>\u00a0,\u00a0<a class=\"external-link wpel-icon-left\" href=\"https:\/\/www.linkedin.com\/company\/sou-powertuning\" target=\"_blank\" rel=\"noopener external noreferrer nofollow\" data-wpel-link=\"external\">LinkedIn<\/a>\u00a0e\u00a0<a class=\"external-link wpel-icon-left\" href=\"https:\/\/www.instagram.com\/soupowertuning\/\" target=\"_blank\" rel=\"noopener external noreferrer nofollow\" data-wpel-link=\"external\">Instagram<\/a>\u00a0para receber Dicas de Leituras, V\u00eddeos e Eventos sobre SQL Server.<\/p>\n<p>At\u00e9 a pr\u00f3xima.<\/p>\n<p>Abra\u00e7os,<\/p>\n<p>Fabr\u00edcio Lima<\/p>\n<p>CEO na Fabr\u00edcio Lima Solu\u00e7\u00f5es em BD<\/p>\n<p>Microsoft Data Platform MVP<\/p>\n<p>Instagram:<a class=\"external-link wpel-icon-left\" href=\"https:\/\/www.instagram.com\/fabriciofrancalima\/\" target=\"_blank\" rel=\"noopener external noreferrer nofollow\" data-wpel-link=\"external\">@fabriciofrancalima<\/a><\/p>\n<p>Linkedin:\u00a0<a class=\"external-link wpel-icon-left\" href=\"https:\/\/www.linkedin.com\/in\/fabriciofrancalima\/\" target=\"_blank\" rel=\"noopener noreferrer nofollow external\" data-wpel-link=\"external\">https:\/\/www.linkedin.com\/in\/fabriciofrancalima\/<\/a><\/p>\n<p>Consultoria:\u00a0comercial@powertuning.com.br<\/p>\n<\/div>\n","protected":false},"excerpt":{"rendered":"<p>Fala pessoal, No pr\u00f3ximo dia 05\/02 completo mais um ano de vida. Yes!!! Como devem estar acompanhando no notici\u00e1rio, meu estado \u00a0(Espirito Santo) est\u00e1 sendo castigado mais uma vez pelas chuvas. Mas dessa vez acredito ser a maior que j\u00e1 vi por aqui acontecendo em diversas cidades. Conhecidos que visitaram essas cidades afetadas dizem que [&hellip;]<\/p>\n","protected":false},"author":1,"featured_media":0,"comment_status":"open","ping_status":"open","sticky":false,"template":"","format":"standard","meta":{"_exactmetrics_skip_tracking":false,"_exactmetrics_sitenote_active":false,"_exactmetrics_sitenote_note":"","_exactmetrics_sitenote_category":0,"footnotes":""},"categories":[8,12],"tags":[1748,1749,469,1750],"class_list":["post-11370","post","type-post","status-publish","format-standard","hentry","category-eventos","category-noticias","tag-chuvanoes","tag-chuvas","tag-espirito-santo","tag-solidariedade"],"post_mailing_queue_ids":[],"_links":{"self":[{"href":"https:\/\/fabriciolima.net\/blog\/wp-json\/wp\/v2\/posts\/11370","targetHints":{"allow":["GET"]}}],"collection":[{"href":"https:\/\/fabriciolima.net\/blog\/wp-json\/wp\/v2\/posts"}],"about":[{"href":"https:\/\/fabriciolima.net\/blog\/wp-json\/wp\/v2\/types\/post"}],"author":[{"embeddable":true,"href":"https:\/\/fabriciolima.net\/blog\/wp-json\/wp\/v2\/users\/1"}],"replies":[{"embeddable":true,"href":"https:\/\/fabriciolima.net\/blog\/wp-json\/wp\/v2\/comments?post=11370"}],"version-history":[{"count":11,"href":"https:\/\/fabriciolima.net\/blog\/wp-json\/wp\/v2\/posts\/11370\/revisions"}],"predecessor-version":[{"id":11382,"href":"https:\/\/fabriciolima.net\/blog\/wp-json\/wp\/v2\/posts\/11370\/revisions\/11382"}],"wp:attachment":[{"href":"https:\/\/fabriciolima.net\/blog\/wp-json\/wp\/v2\/media?parent=11370"}],"wp:term":[{"taxonomy":"category","embeddable":true,"href":"https:\/\/fabriciolima.net\/blog\/wp-json\/wp\/v2\/categories?post=11370"},{"taxonomy":"post_tag","embeddable":true,"href":"https:\/\/fabriciolima.net\/blog\/wp-json\/wp\/v2\/tags?post=11370"}],"curies":[{"name":"wp","href":"https:\/\/api.w.org\/{rel}","templated":true}]}}