{"id":11039,"date":"2019-11-03T14:08:15","date_gmt":"2019-11-03T17:08:15","guid":{"rendered":"http:\/\/www.fabriciolima.net\/?p=11039"},"modified":"2019-11-04T10:06:11","modified_gmt":"2019-11-04T13:06:11","slug":"teamfabriciolima-na-estrada-veja-como-foi-essa-aventura-de-18-dias-visitando-clientes","status":"publish","type":"post","link":"https:\/\/fabriciolima.net\/blog\/2019\/11\/03\/teamfabriciolima-na-estrada-veja-como-foi-essa-aventura-de-18-dias-visitando-clientes\/","title":{"rendered":"TeamFabricioLima na estrada, veja como foi essa aventura de 18 dias visitando clientes"},"content":{"rendered":"<p><img loading=\"lazy\" decoding=\"async\" class=\"size-medium wp-image-11047 aligncenter\" src=\"https:\/\/fabriciolima.net\/blog\/wp-content\/uploads\/2019\/11\/WhatsApp-Image-2019-11-03-at-11.39.14-300x300.jpeg\" alt=\"\" width=\"300\" height=\"300\" srcset=\"https:\/\/fabriciolima.net\/blog\/wp-content\/uploads\/2019\/11\/WhatsApp-Image-2019-11-03-at-11.39.14-300x300.jpeg 300w, https:\/\/fabriciolima.net\/blog\/wp-content\/uploads\/2019\/11\/WhatsApp-Image-2019-11-03-at-11.39.14-1024x1024.jpeg 1024w, https:\/\/fabriciolima.net\/blog\/wp-content\/uploads\/2019\/11\/WhatsApp-Image-2019-11-03-at-11.39.14-150x150.jpeg 150w, https:\/\/fabriciolima.net\/blog\/wp-content\/uploads\/2019\/11\/WhatsApp-Image-2019-11-03-at-11.39.14-768x768.jpeg 768w, https:\/\/fabriciolima.net\/blog\/wp-content\/uploads\/2019\/11\/WhatsApp-Image-2019-11-03-at-11.39.14-700x700.jpeg 700w, https:\/\/fabriciolima.net\/blog\/wp-content\/uploads\/2019\/11\/WhatsApp-Image-2019-11-03-at-11.39.14-410x410.jpeg 410w, https:\/\/fabriciolima.net\/blog\/wp-content\/uploads\/2019\/11\/WhatsApp-Image-2019-11-03-at-11.39.14-100x100.jpeg 100w, https:\/\/fabriciolima.net\/blog\/wp-content\/uploads\/2019\/11\/WhatsApp-Image-2019-11-03-at-11.39.14-275x275.jpeg 275w, https:\/\/fabriciolima.net\/blog\/wp-content\/uploads\/2019\/11\/WhatsApp-Image-2019-11-03-at-11.39.14-20x20.jpeg 20w, https:\/\/fabriciolima.net\/blog\/wp-content\/uploads\/2019\/11\/WhatsApp-Image-2019-11-03-at-11.39.14.jpeg 1280w\" sizes=\"auto, (max-width: 300px) 100vw, 300px\" \/><\/p>\n<p>Fala Pessoal,<\/p>\n<p>No final de setembro tivemos o SQL Saturday em SP e eu aproveitei a viagem para visitar clientes por 3 dias.<\/p>\n<p>J\u00e1 atendemos mais de <strong>260 clientes<\/strong> na empresa e temos <strong>59<\/strong> deles com <strong>contratos mensais<\/strong>. Ent\u00e3o, temos muitos clientes para visitar por todo esse Brasil.<\/p>\n<p>S\u00e3o Paulo, onde aconteceu o SQL Saturday, temos a grande maioria dos nossos clientes (<strong>mais da metade<\/strong>).<\/p>\n<p>Dessa forma, fiz uma rota para visitar <strong>12 clientes<\/strong> em apenas <strong>3 dias<\/strong> no transito de SP e usando <strong>UBER<\/strong> como meio de transporte.<\/p>\n<p>Foram 3 dias bem intensos, muita gente achou que n\u00e3o ia dar tempo devido ao transito da cidade, mas o plano de execu\u00e7\u00e3o que fiz funcionou e consegui visitar esses 12 clientes.<\/p>\n<p>O feedback dessas visitas foram sensacionais. T\u00ednhamos clientes com contrato h\u00e1 anos, mas que nunca tinha conhecido pessoalmente.<\/p>\n<p>Tive a oportunidade de conhecer clientes pequenos\/m\u00e9dios\/grandes nossos que n\u00e3o s\u00e3o t\u00e3o populares, mas tamb\u00e9m clientes que s\u00e3o bem conhecidos por qualquer brasileiro como a VOLVO e a COPAG.<\/p>\n<p>M\u00e3e, fui na VOLVO!!!<\/p>\n<p><img loading=\"lazy\" decoding=\"async\" class=\"wp-image-11043 aligncenter\" src=\"https:\/\/fabriciolima.net\/blog\/wp-content\/uploads\/2019\/11\/WhatsApp-Image-2019-11-03-at-12.02.27-300x267.jpeg\" alt=\"\" width=\"319\" height=\"282\" srcset=\"https:\/\/fabriciolima.net\/blog\/wp-content\/uploads\/2019\/11\/WhatsApp-Image-2019-11-03-at-12.02.27-100x89.jpeg 100w, https:\/\/fabriciolima.net\/blog\/wp-content\/uploads\/2019\/11\/WhatsApp-Image-2019-11-03-at-12.02.27-20x18.jpeg 20w\" sizes=\"auto, (max-width: 319px) 100vw, 319px\" \/><\/p>\n<p><img loading=\"lazy\" decoding=\"async\" class=\"wp-image-11046 aligncenter\" src=\"https:\/\/fabriciolima.net\/blog\/wp-content\/uploads\/2019\/11\/WhatsApp-Image-2019-11-03-at-11.32.37-300x221.jpeg\" alt=\"\" width=\"323\" height=\"238\" srcset=\"https:\/\/fabriciolima.net\/blog\/wp-content\/uploads\/2019\/11\/WhatsApp-Image-2019-11-03-at-11.32.37-300x221.jpeg 300w, https:\/\/fabriciolima.net\/blog\/wp-content\/uploads\/2019\/11\/WhatsApp-Image-2019-11-03-at-11.32.37-1024x756.jpeg 1024w, https:\/\/fabriciolima.net\/blog\/wp-content\/uploads\/2019\/11\/WhatsApp-Image-2019-11-03-at-11.32.37-768x567.jpeg 768w, https:\/\/fabriciolima.net\/blog\/wp-content\/uploads\/2019\/11\/WhatsApp-Image-2019-11-03-at-11.32.37-700x517.jpeg 700w, https:\/\/fabriciolima.net\/blog\/wp-content\/uploads\/2019\/11\/WhatsApp-Image-2019-11-03-at-11.32.37-410x303.jpeg 410w, https:\/\/fabriciolima.net\/blog\/wp-content\/uploads\/2019\/11\/WhatsApp-Image-2019-11-03-at-11.32.37-100x74.jpeg 100w, https:\/\/fabriciolima.net\/blog\/wp-content\/uploads\/2019\/11\/WhatsApp-Image-2019-11-03-at-11.32.37-275x203.jpeg 275w, https:\/\/fabriciolima.net\/blog\/wp-content\/uploads\/2019\/11\/WhatsApp-Image-2019-11-03-at-11.32.37-20x15.jpeg 20w, https:\/\/fabriciolima.net\/blog\/wp-content\/uploads\/2019\/11\/WhatsApp-Image-2019-11-03-at-11.32.37.jpeg 1168w\" sizes=\"auto, (max-width: 323px) 100vw, 323px\" \/><\/p>\n<p>Quem n\u00e3o jogou um baralho na vida??? E o UNO quando era mais novo???<\/p>\n<p>Baita experi\u00eancia conhecer de perto a estrutura dessas empresas.<\/p>\n<p>Falei isso tudo at\u00e9 agora, pois esse foi o motivador do projeto <strong>TeamFabricioLima na estrada<\/strong>.<\/p>\n<p>Temos dezenas de clientes pelo interior de SP, clientes antigos com 5 anos de contrato, 30 horas por m\u00eas que nunca tive a oportunidade de conhecer pessoalmente. Sempre trabalhando remoto.<\/p>\n<p>&nbsp;<\/p>\n<p>Inicialmente a ideia era pegar um avi\u00e3o at\u00e9 SP e alugar o carro por alguns dias para visitar apenas os clientes em SP, devolver o carro em SP e voltar de avi\u00e3o para Vit\u00f3ria.<\/p>\n<p>Claro que n\u00e3o faria isso tudo sozinho, ent\u00e3o conversando com minha companheira de aventura <strong>Fabiana Lima<\/strong>, ela deu a ideia de pegar o <strong>JEEP<\/strong> e colocar ele na estrada (terra, barro, buraco, lisa, seca, molhada&#8230;). Afinal, um JEEP a Diesel n\u00e3o foi feito para ficar na garagem do apartamento parado.<\/p>\n<p>Decidido o meio de transporte oficial, come\u00e7amos a tra\u00e7ar a rota.<\/p>\n<p>Como agora n\u00e3o estava preso ao aeroporto de SP, decidimos ir por <strong>SP<\/strong> e voltar por <strong>MG<\/strong>, onde tamb\u00e9m temos muitos clientes.<\/p>\n<p>Viajar 18 dias somente a trabalho, com 5 mil km de carro n\u00e3o seria nada t\u00e3o motivador assim&#8230;<\/p>\n<p>Dessa forma colocamos alguma motiva\u00e7\u00e3o a mais na viagem:<\/p>\n<ul>\n<li>Iniciando com uma festa da fam\u00edlia em Mimoso do Sul-ES;<\/li>\n<li>Passeio por Teres\u00f3polis;<\/li>\n<li>Campos do Jord\u00e3o;<\/li>\n<li>Mar\u00edlia (<strong>para ganhar no kart do Fabiano Amorim<\/strong>);<\/li>\n<li>Parque e Resort em Ol\u00edmpia-SP;<\/li>\n<li>Pela primeira vez visitar uma prima em Uberaba-MG.<\/li>\n<\/ul>\n<p>&nbsp;<\/p>\n<p>Viram que essa listinha acima deu uma motivada boa para a viagem n\u00e9. =)<\/p>\n<p>Sa\u00edmos de <strong>Vila Velha-ES<\/strong> no dia <strong>12\/10<\/strong> para <strong>Mimoso do Sul-ES<\/strong>, onde curtimos um lan\u00e7amento do\u00a0 livro de um Tio e um anivers\u00e1rio de uma Tia muito querida da fam\u00edlia.<\/p>\n<p><img loading=\"lazy\" decoding=\"async\" class=\"size-medium wp-image-11068 aligncenter\" src=\"https:\/\/fabriciolima.net\/blog\/wp-content\/uploads\/2019\/11\/WhatsApp-Image-2019-11-03-at-15.16.53-274x300.jpeg\" alt=\"\" width=\"274\" height=\"300\" srcset=\"https:\/\/fabriciolima.net\/blog\/wp-content\/uploads\/2019\/11\/WhatsApp-Image-2019-11-03-at-15.16.53-274x300.jpeg 274w, https:\/\/fabriciolima.net\/blog\/wp-content\/uploads\/2019\/11\/WhatsApp-Image-2019-11-03-at-15.16.53-700x766.jpeg 700w, https:\/\/fabriciolima.net\/blog\/wp-content\/uploads\/2019\/11\/WhatsApp-Image-2019-11-03-at-15.16.53-410x449.jpeg 410w, https:\/\/fabriciolima.net\/blog\/wp-content\/uploads\/2019\/11\/WhatsApp-Image-2019-11-03-at-15.16.53-100x109.jpeg 100w, https:\/\/fabriciolima.net\/blog\/wp-content\/uploads\/2019\/11\/WhatsApp-Image-2019-11-03-at-15.16.53-275x301.jpeg 275w, https:\/\/fabriciolima.net\/blog\/wp-content\/uploads\/2019\/11\/WhatsApp-Image-2019-11-03-at-15.16.53-18x20.jpeg 18w, https:\/\/fabriciolima.net\/blog\/wp-content\/uploads\/2019\/11\/WhatsApp-Image-2019-11-03-at-15.16.53.jpeg 766w\" sizes=\"auto, (max-width: 274px) 100vw, 274px\" \/><\/p>\n<p>No dia<strong> 13\/10<\/strong> seguimos para <strong>Teres\u00f3polis<\/strong>, onde pude sentir o gostinho de como seria minha vida se tivessem descoberto meu talento para o futebol. Conhecemos a Granja Comary:<\/p>\n<p><img loading=\"lazy\" decoding=\"async\" class=\"size-medium wp-image-11049 aligncenter\" src=\"https:\/\/fabriciolima.net\/blog\/wp-content\/uploads\/2019\/11\/WhatsApp-Image-2019-11-03-at-11.39.15-225x300.jpeg\" alt=\"\" width=\"225\" height=\"300\" srcset=\"https:\/\/fabriciolima.net\/blog\/wp-content\/uploads\/2019\/11\/WhatsApp-Image-2019-11-03-at-11.39.15-225x300.jpeg 225w, https:\/\/fabriciolima.net\/blog\/wp-content\/uploads\/2019\/11\/WhatsApp-Image-2019-11-03-at-11.39.15-768x1024.jpeg 768w, https:\/\/fabriciolima.net\/blog\/wp-content\/uploads\/2019\/11\/WhatsApp-Image-2019-11-03-at-11.39.15-700x933.jpeg 700w, https:\/\/fabriciolima.net\/blog\/wp-content\/uploads\/2019\/11\/WhatsApp-Image-2019-11-03-at-11.39.15-410x547.jpeg 410w, https:\/\/fabriciolima.net\/blog\/wp-content\/uploads\/2019\/11\/WhatsApp-Image-2019-11-03-at-11.39.15-100x133.jpeg 100w, https:\/\/fabriciolima.net\/blog\/wp-content\/uploads\/2019\/11\/WhatsApp-Image-2019-11-03-at-11.39.15-275x367.jpeg 275w, https:\/\/fabriciolima.net\/blog\/wp-content\/uploads\/2019\/11\/WhatsApp-Image-2019-11-03-at-11.39.15-15x20.jpeg 15w, https:\/\/fabriciolima.net\/blog\/wp-content\/uploads\/2019\/11\/WhatsApp-Image-2019-11-03-at-11.39.15.jpeg 960w\" sizes=\"auto, (max-width: 225px) 100vw, 225px\" \/><\/p>\n<p>Tite perdeu meu talento, mas quem joga pelada comigo, ganhou essa oportunidade&#8230; =)<\/p>\n<p><iframe loading=\"lazy\" width=\"1170\" height=\"878\" src=\"https:\/\/www.youtube.com\/embed\/D7-2TOFTxxY?feature=oembed\" frameborder=\"0\" allow=\"accelerometer; autoplay; encrypted-media; gyroscope; picture-in-picture\" allowfullscreen><\/iframe><\/p>\n<p>&nbsp;<\/p>\n<p>No mesmo dia <strong>13\/10<\/strong> fomos para <strong>Campos do Jord\u00e3o<\/strong>, onde passamos todo o dia <strong>14\/10<\/strong> curtindo a cidade.<\/p>\n<p>Peguei um hotel do lado da rua principal dos restaurantes, mas n\u00e3o curtimos muito.<\/p>\n<p><strong>Pol\u00eamica:<\/strong> achei a cidade um pouco valorizada demais pelo que falavam.<\/p>\n<p>Fomos no telef\u00e9rico, em um local bacana chamado ducha de prata, mas estava um calor grande durante o dia.<\/p>\n<p>No final da tarde fomos ver o p\u00f4r do sol no Pico do Itapeva.<\/p>\n<p><img loading=\"lazy\" decoding=\"async\" class=\"size-medium wp-image-11067 aligncenter\" src=\"https:\/\/fabriciolima.net\/blog\/wp-content\/uploads\/2019\/11\/WhatsApp-Image-2019-11-03-at-15.19.27-300x225.jpeg\" alt=\"\" width=\"300\" height=\"225\" srcset=\"https:\/\/fabriciolima.net\/blog\/wp-content\/uploads\/2019\/11\/WhatsApp-Image-2019-11-03-at-15.19.27-300x225.jpeg 300w, https:\/\/fabriciolima.net\/blog\/wp-content\/uploads\/2019\/11\/WhatsApp-Image-2019-11-03-at-15.19.27-768x576.jpeg 768w, https:\/\/fabriciolima.net\/blog\/wp-content\/uploads\/2019\/11\/WhatsApp-Image-2019-11-03-at-15.19.27-700x525.jpeg 700w, https:\/\/fabriciolima.net\/blog\/wp-content\/uploads\/2019\/11\/WhatsApp-Image-2019-11-03-at-15.19.27-410x308.jpeg 410w, https:\/\/fabriciolima.net\/blog\/wp-content\/uploads\/2019\/11\/WhatsApp-Image-2019-11-03-at-15.19.27-100x75.jpeg 100w, https:\/\/fabriciolima.net\/blog\/wp-content\/uploads\/2019\/11\/WhatsApp-Image-2019-11-03-at-15.19.27-275x206.jpeg 275w, https:\/\/fabriciolima.net\/blog\/wp-content\/uploads\/2019\/11\/WhatsApp-Image-2019-11-03-at-15.19.27-20x15.jpeg 20w, https:\/\/fabriciolima.net\/blog\/wp-content\/uploads\/2019\/11\/WhatsApp-Image-2019-11-03-at-15.19.27.jpeg 1024w\" sizes=\"auto, (max-width: 300px) 100vw, 300px\" \/><\/p>\n<p>Esse valeu a visita a cidade (e n\u00e3o fica em Campos do Jord\u00e3o). Sensacional a paisagem e p\u00f4r do sol!!!<\/p>\n<p><img loading=\"lazy\" decoding=\"async\" class=\"size-medium wp-image-11050 aligncenter\" src=\"https:\/\/fabriciolima.net\/blog\/wp-content\/uploads\/2019\/11\/WhatsApp-Image-2019-11-03-at-11.39.16-300x225.jpeg\" alt=\"\" width=\"300\" height=\"225\" srcset=\"https:\/\/fabriciolima.net\/blog\/wp-content\/uploads\/2019\/11\/WhatsApp-Image-2019-11-03-at-11.39.16-300x225.jpeg 300w, https:\/\/fabriciolima.net\/blog\/wp-content\/uploads\/2019\/11\/WhatsApp-Image-2019-11-03-at-11.39.16-1024x768.jpeg 1024w, https:\/\/fabriciolima.net\/blog\/wp-content\/uploads\/2019\/11\/WhatsApp-Image-2019-11-03-at-11.39.16-768x576.jpeg 768w, https:\/\/fabriciolima.net\/blog\/wp-content\/uploads\/2019\/11\/WhatsApp-Image-2019-11-03-at-11.39.16-700x525.jpeg 700w, https:\/\/fabriciolima.net\/blog\/wp-content\/uploads\/2019\/11\/WhatsApp-Image-2019-11-03-at-11.39.16-410x308.jpeg 410w, https:\/\/fabriciolima.net\/blog\/wp-content\/uploads\/2019\/11\/WhatsApp-Image-2019-11-03-at-11.39.16-100x75.jpeg 100w, https:\/\/fabriciolima.net\/blog\/wp-content\/uploads\/2019\/11\/WhatsApp-Image-2019-11-03-at-11.39.16-275x206.jpeg 275w, https:\/\/fabriciolima.net\/blog\/wp-content\/uploads\/2019\/11\/WhatsApp-Image-2019-11-03-at-11.39.16-20x15.jpeg 20w, https:\/\/fabriciolima.net\/blog\/wp-content\/uploads\/2019\/11\/WhatsApp-Image-2019-11-03-at-11.39.16.jpeg 1280w\" sizes=\"auto, (max-width: 300px) 100vw, 300px\" \/><\/p>\n<p>Quero voltar no frio para ver se minha impress\u00e3o da cidade melhora&#8230;<\/p>\n<p>Ama a cidade? Deixe dicas no coment\u00e1rio para minha pr\u00f3xima ida l\u00e1. =)<\/p>\n<p>Dia <strong>15\/10<\/strong> foi o dia de visitar dois clientes em <strong>S\u00e3o Jos\u00e9 dos Campos<\/strong>. Planejamos correr na cidade ou conhecer restaurantes, mas ap\u00f3s ficar nos clientes at\u00e9 o fim da tarde, tive que ir para o hotel responder as mensagens do dia e trabalhar mais um pouco.<\/p>\n<p>Esse foi o ponto que deixou a viagem um pouco cansativa, passar o dia viajando ou em clientes e a noite ter que tirar o atraso do trabalho.<\/p>\n<p>Na pr\u00f3xima vou tentar reduzir um pouco isso para aproveitar melhor as cidades. Vamos ver se vou conseguir.<\/p>\n<p><strong>Voc\u00ea disse pr\u00f3xima Fabr\u00edcio??? Sim.<\/strong><\/p>\n<p>J\u00e1 adianto que teremos mais viagens como essa. Mas sem datas programadas ainda.<\/p>\n<p>No Dia <strong>16\/10<\/strong>, fomos at\u00e9 a cidade de <strong>Po\u00e1<\/strong> pela manh\u00e3, depois seguimos para <strong>Amparo<\/strong>, onde al\u00e9m de conhecer a estrutura do cliente, realizei um treinamento na <strong>HTM Eletr\u00f4nica<\/strong>.<\/p>\n<p>Foram 4 horas falando sobre \u00edndices e an\u00e1lise de performance de queries. Repeti esse workshop em 3 outros clientes. Tive mais pedidos de workshops que tentarei fazer ONLINE de forma mais urgente ou presencial em uma futura viagem.<\/p>\n<p><img loading=\"lazy\" decoding=\"async\" class=\" wp-image-11055 aligncenter\" src=\"https:\/\/fabriciolima.net\/blog\/wp-content\/uploads\/2019\/11\/WhatsApp-Image-2019-11-03-at-11.58.30-1-243x300.jpeg\" alt=\"\" width=\"415\" height=\"512\" srcset=\"https:\/\/fabriciolima.net\/blog\/wp-content\/uploads\/2019\/11\/WhatsApp-Image-2019-11-03-at-11.58.30-1-243x300.jpeg 243w, https:\/\/fabriciolima.net\/blog\/wp-content\/uploads\/2019\/11\/WhatsApp-Image-2019-11-03-at-11.58.30-1-700x866.jpeg 700w, https:\/\/fabriciolima.net\/blog\/wp-content\/uploads\/2019\/11\/WhatsApp-Image-2019-11-03-at-11.58.30-1-410x507.jpeg 410w, https:\/\/fabriciolima.net\/blog\/wp-content\/uploads\/2019\/11\/WhatsApp-Image-2019-11-03-at-11.58.30-1-100x124.jpeg 100w, https:\/\/fabriciolima.net\/blog\/wp-content\/uploads\/2019\/11\/WhatsApp-Image-2019-11-03-at-11.58.30-1-275x340.jpeg 275w, https:\/\/fabriciolima.net\/blog\/wp-content\/uploads\/2019\/11\/WhatsApp-Image-2019-11-03-at-11.58.30-1-16x20.jpeg 16w, https:\/\/fabriciolima.net\/blog\/wp-content\/uploads\/2019\/11\/WhatsApp-Image-2019-11-03-at-11.58.30-1.jpeg 713w\" sizes=\"auto, (max-width: 415px) 100vw, 415px\" \/><\/p>\n<p>&nbsp;<\/p>\n<p><strong>Amparo<\/strong> tem um hotel fazenda massa que foi um dos melhores da viagem.<\/p>\n<p>No dia <strong>17\/10<\/strong> passamos rapidamente por\u00a0<strong>Santo Ant\u00f4nio de Posse<\/strong>, depois seguimos para <strong>Araras<\/strong> para conhecer meu cliente mensal mais antigo (essa visita foi muito especial) e para finalizar o dia fomos dormir em <strong>Bauru<\/strong>.<\/p>\n<p>No dia <strong>18\/10<\/strong> peguei uma longa viagem para <strong>Presidente Prudente<\/strong>, que fica a umas 3 horas de Bauru de pista dupla e retas infinitas. Presidente Prudente deve ser onde mora o Sol, porque l\u00e1 estava quente demais&#8230;<\/p>\n<p>Foi a cidade mais longe que fui, mas era um cliente antigo que n\u00e3o podia deixar de ir. O cliente inclusive mandou fazer uma caneca personalizada para me receber:<\/p>\n<p><img loading=\"lazy\" decoding=\"async\" class=\" wp-image-11056 aligncenter\" src=\"https:\/\/fabriciolima.net\/blog\/wp-content\/uploads\/2019\/11\/WhatsApp-Image-2019-11-03-at-12.43.19-281x300.jpeg\" alt=\"\" width=\"261\" height=\"278\" srcset=\"https:\/\/fabriciolima.net\/blog\/wp-content\/uploads\/2019\/11\/WhatsApp-Image-2019-11-03-at-12.43.19-281x300.jpeg 281w, https:\/\/fabriciolima.net\/blog\/wp-content\/uploads\/2019\/11\/WhatsApp-Image-2019-11-03-at-12.43.19-768x819.jpeg 768w, https:\/\/fabriciolima.net\/blog\/wp-content\/uploads\/2019\/11\/WhatsApp-Image-2019-11-03-at-12.43.19-700x747.jpeg 700w, https:\/\/fabriciolima.net\/blog\/wp-content\/uploads\/2019\/11\/WhatsApp-Image-2019-11-03-at-12.43.19-410x437.jpeg 410w, https:\/\/fabriciolima.net\/blog\/wp-content\/uploads\/2019\/11\/WhatsApp-Image-2019-11-03-at-12.43.19-100x107.jpeg 100w, https:\/\/fabriciolima.net\/blog\/wp-content\/uploads\/2019\/11\/WhatsApp-Image-2019-11-03-at-12.43.19-275x293.jpeg 275w, https:\/\/fabriciolima.net\/blog\/wp-content\/uploads\/2019\/11\/WhatsApp-Image-2019-11-03-at-12.43.19-20x20.jpeg 20w, https:\/\/fabriciolima.net\/blog\/wp-content\/uploads\/2019\/11\/WhatsApp-Image-2019-11-03-at-12.43.19.jpeg 896w\" sizes=\"auto, (max-width: 261px) 100vw, 261px\" \/><\/p>\n<p>Obrigado pela lembran\u00e7a <strong>Cobmais<\/strong>!!!<\/p>\n<p>Chegou o final de semana e partimos para <strong>Mar\u00edlia<\/strong>.<\/p>\n<p>Fomos muito bem recebidos pela Familia Amorim ( Leda, Fabiano e filhos). Obrigado Fam\u00edlia!!!<\/p>\n<p>Churrasco, passeios e para fechar o fim de semana, uma corrida de kart em um lugar irado!!!<\/p>\n<p>Melhor kart que j\u00e1 corri, que teve at\u00e9 narra\u00e7\u00e3o da minha vit\u00f3ria:<\/p>\n<p><img loading=\"lazy\" decoding=\"async\" class=\"wp-image-11044 aligncenter\" src=\"https:\/\/fabriciolima.net\/blog\/wp-content\/uploads\/2019\/11\/WhatsApp-Image-2019-11-03-at-12.03.12-1-300x262.jpeg\" alt=\"\" width=\"288\" height=\"251\" srcset=\"https:\/\/fabriciolima.net\/blog\/wp-content\/uploads\/2019\/11\/WhatsApp-Image-2019-11-03-at-12.03.12-1-300x262.jpeg 300w, https:\/\/fabriciolima.net\/blog\/wp-content\/uploads\/2019\/11\/WhatsApp-Image-2019-11-03-at-12.03.12-1-1024x893.jpeg 1024w, https:\/\/fabriciolima.net\/blog\/wp-content\/uploads\/2019\/11\/WhatsApp-Image-2019-11-03-at-12.03.12-1-768x670.jpeg 768w, https:\/\/fabriciolima.net\/blog\/wp-content\/uploads\/2019\/11\/WhatsApp-Image-2019-11-03-at-12.03.12-1-700x610.jpeg 700w, https:\/\/fabriciolima.net\/blog\/wp-content\/uploads\/2019\/11\/WhatsApp-Image-2019-11-03-at-12.03.12-1-410x358.jpeg 410w, https:\/\/fabriciolima.net\/blog\/wp-content\/uploads\/2019\/11\/WhatsApp-Image-2019-11-03-at-12.03.12-1-100x87.jpeg 100w, https:\/\/fabriciolima.net\/blog\/wp-content\/uploads\/2019\/11\/WhatsApp-Image-2019-11-03-at-12.03.12-1-275x240.jpeg 275w, https:\/\/fabriciolima.net\/blog\/wp-content\/uploads\/2019\/11\/WhatsApp-Image-2019-11-03-at-12.03.12-1-20x17.jpeg 20w, https:\/\/fabriciolima.net\/blog\/wp-content\/uploads\/2019\/11\/WhatsApp-Image-2019-11-03-at-12.03.12-1.jpeg 1125w\" sizes=\"auto, (max-width: 288px) 100vw, 288px\" \/><\/p>\n<p><img loading=\"lazy\" decoding=\"async\" class=\"wp-image-11045 aligncenter\" src=\"https:\/\/fabriciolima.net\/blog\/wp-content\/uploads\/2019\/11\/WhatsApp-Image-2019-11-03-at-12.03.12-267x300.jpeg\" alt=\"\" width=\"269\" height=\"302\" srcset=\"https:\/\/fabriciolima.net\/blog\/wp-content\/uploads\/2019\/11\/WhatsApp-Image-2019-11-03-at-12.03.12-267x300.jpeg 267w, https:\/\/fabriciolima.net\/blog\/wp-content\/uploads\/2019\/11\/WhatsApp-Image-2019-11-03-at-12.03.12-768x863.jpeg 768w, https:\/\/fabriciolima.net\/blog\/wp-content\/uploads\/2019\/11\/WhatsApp-Image-2019-11-03-at-12.03.12-700x786.jpeg 700w, https:\/\/fabriciolima.net\/blog\/wp-content\/uploads\/2019\/11\/WhatsApp-Image-2019-11-03-at-12.03.12-410x461.jpeg 410w, https:\/\/fabriciolima.net\/blog\/wp-content\/uploads\/2019\/11\/WhatsApp-Image-2019-11-03-at-12.03.12-100x112.jpeg 100w, https:\/\/fabriciolima.net\/blog\/wp-content\/uploads\/2019\/11\/WhatsApp-Image-2019-11-03-at-12.03.12-275x309.jpeg 275w, https:\/\/fabriciolima.net\/blog\/wp-content\/uploads\/2019\/11\/WhatsApp-Image-2019-11-03-at-12.03.12-18x20.jpeg 18w, https:\/\/fabriciolima.net\/blog\/wp-content\/uploads\/2019\/11\/WhatsApp-Image-2019-11-03-at-12.03.12.jpeg 867w\" sizes=\"auto, (max-width: 269px) 100vw, 269px\" \/><\/p>\n<p>&nbsp;<\/p>\n<p>&nbsp;<\/p>\n<p><iframe loading=\"lazy\" width=\"1170\" height=\"658\" src=\"https:\/\/www.youtube.com\/embed\/OrKI7kexAEs?feature=oembed\" frameborder=\"0\" allow=\"accelerometer; autoplay; encrypted-media; gyroscope; picture-in-picture\" allowfullscreen><\/iframe><\/p>\n<p>&nbsp;<\/p>\n<p>No dia <strong>21\/10<\/strong> fui para <strong>Santa Cruz do Rio Pardo<\/strong>, onde visitei 4 empresas e realizei o workshop de \u00cdndices para uma dessas empresas. Agrade\u00e7o aos brindes que ganhei nessas empresas (Arroz, Azeite, Feij\u00e3o, Farinha, etc&#8230;). I love this city. Esse dia foi bem pesado, sa\u00ed \u00e0s 7h do hotel e voltei as 23h.<\/p>\n<p>Dia <strong>22\/10<\/strong> fui at\u00e9 <strong>Potirendaba<\/strong> onde fui muito bem recebido pelo nosso cliente. Ele andou conosco por mais de uma hora explicando todos os processos da f\u00e1brica de bebidas, que \u00e9 gigante!!! Experi\u00eancia top!<\/p>\n<p>Na parte da tarde fui para a cidade de\u00a0<strong>Bebedouro<\/strong>, onde tamb\u00e9m pude conhecer todo o processo de distribui\u00e7\u00e3o de medicamentos de um grande cliente. Nele tamb\u00e9m realizei o workshop de \u00edndices para umas 10 pessoas e o pessoal curtiu bastante.<\/p>\n<p>No dia <strong>23\/10<\/strong>,\u00a0 ainda em <strong>Bebedouro<\/strong>, fui conhecer um outro cliente muito grande (3.000+ colaboradores), que tem sede em Bebedouro, mas durante a viagem vimos lojas e galp\u00f5es deles por todo interior de S\u00e3o Paulo.<\/p>\n<p>No dia <strong>24\/10<\/strong> fui para <strong>Franca<\/strong> para ministrar o workshop de \u00edndices para nosso cliente do <strong>Cons\u00f3rcio Luiza<\/strong> e tamb\u00e9m para o pessoal do <strong>Magazine Luiza<\/strong>. Foi sensacional conhecer mais de perto essa empresa gigante:<\/p>\n<p>&nbsp;<\/p>\n<p><img loading=\"lazy\" decoding=\"async\" class=\"size-medium wp-image-11051 aligncenter\" src=\"https:\/\/fabriciolima.net\/blog\/wp-content\/uploads\/2019\/11\/WhatsApp-Image-2019-11-03-at-11.39.18-208x300.jpeg\" alt=\"\" width=\"208\" height=\"300\" srcset=\"https:\/\/fabriciolima.net\/blog\/wp-content\/uploads\/2019\/11\/WhatsApp-Image-2019-11-03-at-11.39.18-208x300.jpeg 208w, https:\/\/fabriciolima.net\/blog\/wp-content\/uploads\/2019\/11\/WhatsApp-Image-2019-11-03-at-11.39.18-711x1024.jpeg 711w, https:\/\/fabriciolima.net\/blog\/wp-content\/uploads\/2019\/11\/WhatsApp-Image-2019-11-03-at-11.39.18-700x1008.jpeg 700w, https:\/\/fabriciolima.net\/blog\/wp-content\/uploads\/2019\/11\/WhatsApp-Image-2019-11-03-at-11.39.18-410x590.jpeg 410w, https:\/\/fabriciolima.net\/blog\/wp-content\/uploads\/2019\/11\/WhatsApp-Image-2019-11-03-at-11.39.18-100x144.jpeg 100w, https:\/\/fabriciolima.net\/blog\/wp-content\/uploads\/2019\/11\/WhatsApp-Image-2019-11-03-at-11.39.18-275x396.jpeg 275w, https:\/\/fabriciolima.net\/blog\/wp-content\/uploads\/2019\/11\/WhatsApp-Image-2019-11-03-at-11.39.18-14x20.jpeg 14w, https:\/\/fabriciolima.net\/blog\/wp-content\/uploads\/2019\/11\/WhatsApp-Image-2019-11-03-at-11.39.18.jpeg 736w\" sizes=\"auto, (max-width: 208px) 100vw, 208px\" \/><\/p>\n<p>Nos dias <strong>25\/10<\/strong> e <strong>26\/10<\/strong> descansamos em Ol\u00edmpia onde minha refer\u00eancia de parque aqu\u00e1tico foi atualizada com sucesso.<\/p>\n<p>Resort:<\/p>\n<p><img loading=\"lazy\" decoding=\"async\" class=\"size-medium wp-image-11071 aligncenter\" src=\"https:\/\/fabriciolima.net\/blog\/wp-content\/uploads\/2019\/11\/WhatsApp-Image-2019-11-03-at-15.43.49-300x225.jpeg\" alt=\"\" width=\"300\" height=\"225\" srcset=\"https:\/\/fabriciolima.net\/blog\/wp-content\/uploads\/2019\/11\/WhatsApp-Image-2019-11-03-at-15.43.49-300x225.jpeg 300w, https:\/\/fabriciolima.net\/blog\/wp-content\/uploads\/2019\/11\/WhatsApp-Image-2019-11-03-at-15.43.49-1024x768.jpeg 1024w, https:\/\/fabriciolima.net\/blog\/wp-content\/uploads\/2019\/11\/WhatsApp-Image-2019-11-03-at-15.43.49-768x576.jpeg 768w, https:\/\/fabriciolima.net\/blog\/wp-content\/uploads\/2019\/11\/WhatsApp-Image-2019-11-03-at-15.43.49-700x525.jpeg 700w, https:\/\/fabriciolima.net\/blog\/wp-content\/uploads\/2019\/11\/WhatsApp-Image-2019-11-03-at-15.43.49-410x308.jpeg 410w, https:\/\/fabriciolima.net\/blog\/wp-content\/uploads\/2019\/11\/WhatsApp-Image-2019-11-03-at-15.43.49-100x75.jpeg 100w, https:\/\/fabriciolima.net\/blog\/wp-content\/uploads\/2019\/11\/WhatsApp-Image-2019-11-03-at-15.43.49-275x206.jpeg 275w, https:\/\/fabriciolima.net\/blog\/wp-content\/uploads\/2019\/11\/WhatsApp-Image-2019-11-03-at-15.43.49-20x15.jpeg 20w, https:\/\/fabriciolima.net\/blog\/wp-content\/uploads\/2019\/11\/WhatsApp-Image-2019-11-03-at-15.43.49.jpeg 1280w\" sizes=\"auto, (max-width: 300px) 100vw, 300px\" \/><\/p>\n<p>A dica \u00e9: N\u00e3o apare\u00e7a l\u00e1 no final de semana\/ver\u00e3o\/f\u00e9rias. Melhor dia deve ser no inverno em uma segunda-feira.<\/p>\n<p>O parque \u00e9 muito lotado, mas \u00e9 top demais!!!<\/p>\n<p>No dia <strong>26\/10<\/strong> j\u00e1 sa\u00edmos de <strong>S\u00e3o Paulo<\/strong> e chegamos \u00e0 <strong>Minas Gerais<\/strong>.<\/p>\n<p>No dia <strong>27\/10<\/strong>, passei o domingo em <strong>Uberaba-MG<\/strong> visitando uma prima ap\u00f3s prometer por 10 anos!!!<\/p>\n<p>Foi muito bom passar esse dia com eles e conhecer novos lugares (comendo at\u00e9 explodir em MG).<\/p>\n<p>No dia <strong>28\/10<\/strong> fui at\u00e9 <strong>Sacramento<\/strong> visitar um cliente que gera muito emprego nessa cidade.<\/p>\n<p>No mesmo dia partimos para <strong>Divin\u00f3polis<\/strong>.<\/p>\n<p><img loading=\"lazy\" decoding=\"async\" class=\"size-medium wp-image-11072 aligncenter\" src=\"https:\/\/fabriciolima.net\/blog\/wp-content\/uploads\/2019\/11\/WhatsApp-Image-2019-11-03-at-15.43.48-300x225.jpeg\" alt=\"\" width=\"300\" height=\"225\" srcset=\"https:\/\/fabriciolima.net\/blog\/wp-content\/uploads\/2019\/11\/WhatsApp-Image-2019-11-03-at-15.43.48-300x225.jpeg 300w, https:\/\/fabriciolima.net\/blog\/wp-content\/uploads\/2019\/11\/WhatsApp-Image-2019-11-03-at-15.43.48-1024x768.jpeg 1024w, https:\/\/fabriciolima.net\/blog\/wp-content\/uploads\/2019\/11\/WhatsApp-Image-2019-11-03-at-15.43.48-768x576.jpeg 768w, https:\/\/fabriciolima.net\/blog\/wp-content\/uploads\/2019\/11\/WhatsApp-Image-2019-11-03-at-15.43.48-700x525.jpeg 700w, https:\/\/fabriciolima.net\/blog\/wp-content\/uploads\/2019\/11\/WhatsApp-Image-2019-11-03-at-15.43.48-410x308.jpeg 410w, https:\/\/fabriciolima.net\/blog\/wp-content\/uploads\/2019\/11\/WhatsApp-Image-2019-11-03-at-15.43.48-100x75.jpeg 100w, https:\/\/fabriciolima.net\/blog\/wp-content\/uploads\/2019\/11\/WhatsApp-Image-2019-11-03-at-15.43.48-275x206.jpeg 275w, https:\/\/fabriciolima.net\/blog\/wp-content\/uploads\/2019\/11\/WhatsApp-Image-2019-11-03-at-15.43.48-20x15.jpeg 20w, https:\/\/fabriciolima.net\/blog\/wp-content\/uploads\/2019\/11\/WhatsApp-Image-2019-11-03-at-15.43.48.jpeg 1280w\" sizes=\"auto, (max-width: 300px) 100vw, 300px\" \/><\/p>\n<p>No dia<strong> 29\/10<\/strong> visitei mais um cliente em\u00a0<strong>Divin\u00f3polis<\/strong> e partimos em uma longa viagem de <strong>4 horas<\/strong> para <strong>Belo Horizonte<\/strong>.<\/p>\n<p>L\u00e1 em uma tarde ainda corri para visitar 2 clientes, chegando no quarto do hotel s\u00f3 as 21h. Esse dia foi pesado e no final da viagem o cansa\u00e7o j\u00e1 estava forte.<\/p>\n<p>No dia <strong>30\/10<\/strong> sa\u00edmos de <strong>BH<\/strong> para <strong>Ipatinga<\/strong> em uma viagem tamb\u00e9m longa de <strong>5 horas<\/strong>. Foi cansativo chegar, mas valeu a bela recep\u00e7\u00e3o do cliente at\u00e9 com um lanche especial para mim e minha esposa. Agradecemos demais a aten\u00e7\u00e3o.<\/p>\n<p>No planejamento da viagem, nossa ideia era dormir em <strong>Ipatinga<\/strong> e voltar para casa s\u00f3 no outro dia, j\u00e1 descansado.<\/p>\n<p>Contudo, como est\u00e1vamos doidos para dormir em casa, encaramos mais 6 horas de estrada direto para <strong>Vila Velha-ES<\/strong> chegando depois de meia noite. Revezando o volante com a <strong>Fabiana<\/strong> e fazendo algumas paradas, foi at\u00e9 tranquila essa viagem de 6 horas.<\/p>\n<p>Depois desse Tour, nossa defini\u00e7\u00e3o de longe foi atualizada com sucesso.<\/p>\n<p><img loading=\"lazy\" decoding=\"async\" class=\"size-medium wp-image-11062 aligncenter\" src=\"https:\/\/fabriciolima.net\/blog\/wp-content\/uploads\/2019\/11\/WhatsApp-Image-2019-11-03-at-14.41.12-259x300.jpeg\" alt=\"\" width=\"259\" height=\"300\" srcset=\"https:\/\/fabriciolima.net\/blog\/wp-content\/uploads\/2019\/11\/WhatsApp-Image-2019-11-03-at-14.41.12-259x300.jpeg 259w, https:\/\/fabriciolima.net\/blog\/wp-content\/uploads\/2019\/11\/WhatsApp-Image-2019-11-03-at-14.41.12-410x474.jpeg 410w, https:\/\/fabriciolima.net\/blog\/wp-content\/uploads\/2019\/11\/WhatsApp-Image-2019-11-03-at-14.41.12-100x116.jpeg 100w, https:\/\/fabriciolima.net\/blog\/wp-content\/uploads\/2019\/11\/WhatsApp-Image-2019-11-03-at-14.41.12-275x318.jpeg 275w, https:\/\/fabriciolima.net\/blog\/wp-content\/uploads\/2019\/11\/WhatsApp-Image-2019-11-03-at-14.41.12-17x20.jpeg 17w, https:\/\/fabriciolima.net\/blog\/wp-content\/uploads\/2019\/11\/WhatsApp-Image-2019-11-03-at-14.41.12.jpeg 543w\" sizes=\"auto, (max-width: 259px) 100vw, 259px\" \/><\/p>\n<p>obs 1.: As estradas em SP s\u00e3o planas, duplas e com ped\u00e1gios. Em MG \u00e9 pista \u00fanica, buraco e muita curva.<\/p>\n<p>obs 2.: Desses 4.800 km, a Fabiana deve ter dirigido mais de 4 mil. Durante o dia, ela dirigia e eu ficava no celular respondendo os clientes.<\/p>\n<p>Com isso conclu\u00edmos essa aventura de muitas experi\u00eancias vividas:<\/p>\n<ul>\n<li>18 dias longe de casa;<\/li>\n<li>23 cidades visitadas;<\/li>\n<li>22 clientes visitados;<\/li>\n<li>100+ colaboradores de nossos clientes conhecidos pessoalmente;<\/li>\n<li>15 hoteis diferentes durante a viagem;<\/li>\n<li>27 restaurantes diferentes;<\/li>\n<li>4.823 km viajados;<\/li>\n<li>380+ litros de diesel s10;<\/li>\n<li>50+ rodovias diferentes;<\/li>\n<li>50+ paisagens bonitas durante a viagem;<\/li>\n<li>47 ped\u00e1gios pagos;<\/li>\n<li>R$ 450,00 gastos nesses ped\u00e1gios;<\/li>\n<\/ul>\n<p>Poderia ter ficado aqui no conforto do meu Home Office com minha rotina normal de segunda \u00e0 segunda, mas resolvi sair da zona de conforto e encarar todas essas experi\u00eancias novas.<\/p>\n<p>Foi sensacional!!!<\/p>\n<p>Vamos ver quando conseguimos marcar uma pr\u00f3xima.<\/p>\n<p>No Ignite em Dezembro j\u00e1 vou 3 dias antes para visitar clientes e realizar o Workshop de \u00edndices em mais empresas.<\/p>\n<p>Se tiver interesse, me manda um e-mail que vou preencher minha agenda de 3 dias rapidamente.<\/p>\n<p>Dica Final: Aconte\u00e7a o que acontecer, continue pensando fora da Caixa:<\/p>\n<p><img loading=\"lazy\" decoding=\"async\" class=\" wp-image-11070 aligncenter\" src=\"https:\/\/fabriciolima.net\/blog\/wp-content\/uploads\/2019\/11\/WhatsApp-Image-2019-11-03-at-15.43.46-225x300.jpeg\" alt=\"\" width=\"253\" height=\"336\" srcset=\"https:\/\/fabriciolima.net\/blog\/wp-content\/uploads\/2019\/11\/WhatsApp-Image-2019-11-03-at-15.43.46-225x300.jpeg 225w, https:\/\/fabriciolima.net\/blog\/wp-content\/uploads\/2019\/11\/WhatsApp-Image-2019-11-03-at-15.43.46-768x1024.jpeg 768w, https:\/\/fabriciolima.net\/blog\/wp-content\/uploads\/2019\/11\/WhatsApp-Image-2019-11-03-at-15.43.46-700x933.jpeg 700w, https:\/\/fabriciolima.net\/blog\/wp-content\/uploads\/2019\/11\/WhatsApp-Image-2019-11-03-at-15.43.46-100x133.jpeg 100w, https:\/\/fabriciolima.net\/blog\/wp-content\/uploads\/2019\/11\/WhatsApp-Image-2019-11-03-at-15.43.46-15x20.jpeg 15w, https:\/\/fabriciolima.net\/blog\/wp-content\/uploads\/2019\/11\/WhatsApp-Image-2019-11-03-at-15.43.46.jpeg 960w\" sizes=\"auto, (max-width: 253px) 100vw, 253px\" \/><\/p>\n<p><b>Gostou desse Post?<\/b><\/p>\n<p>Curta, comente, compartilhe\u2026<\/p>\n<p>Curta nossa p\u00e1gina no\u00a0<a class=\"external-link wpel-icon-left\" href=\"https:\/\/www.facebook.com\/FabricioLimaSolucoesemBancodeDados\/\" target=\"_blank\" rel=\"external noopener noreferrer nofollow\" data-wpel-link=\"external\">Facebook<\/a>\u00a0,\u00a0<a class=\"external-link wpel-icon-left\" href=\"https:\/\/www.linkedin.com\/company\/fabriciolimasolucoesembd\" target=\"_blank\" rel=\"noopener external noreferrer nofollow\" data-wpel-link=\"external\">LinkedIn<\/a>\u00a0e\u00a0<a class=\"external-link wpel-icon-left\" href=\"https:\/\/www.instagram.com\/fabriciolimasolucoesembd\" target=\"_blank\" rel=\"noopener external noreferrer nofollow\" data-wpel-link=\"external\">Instagram<\/a>\u00a0para receber Dicas de Leituras, V\u00eddeos e Eventos sobre SQL Server.<\/p>\n<p>At\u00e9 a pr\u00f3xima.<\/p>\n<p>Abra\u00e7os,<\/p>\n<p><strong>Fabr\u00edcio Lima<\/strong><\/p>\n<p>CEO na Fabr\u00edcio Lima Solu\u00e7\u00f5es em BD<\/p>\n<p>Microsoft Data Platform MVP<\/p>\n<p><strong>Instagram:<\/strong><a class=\"external-link wpel-icon-left\" href=\"https:\/\/www.instagram.com\/fabriciofrancalima\/\" target=\"_blank\" rel=\"noopener nofollow external noreferrer\" data-wpel-link=\"external\">@fabriciofrancalima<\/a><\/p>\n<p><strong>Linkedin:<\/strong>\u00a0<a class=\"external-link wpel-icon-left\" href=\"https:\/\/www.linkedin.com\/in\/fabriciolimasolucoesembd\/\" target=\"_blank\" rel=\"noopener nofollow external noreferrer\" data-wpel-link=\"external\">https:\/\/www.linkedin.com\/in\/fabriciolimasolucoesembd\/<\/a><\/p>\n<p><strong>Consultoria:<\/strong> comercial@fabriciolima.net<\/p>\n","protected":false},"excerpt":{"rendered":"<p>Fala Pessoal, No final de setembro tivemos o SQL Saturday em SP e eu aproveitei a viagem para visitar clientes por 3 dias. J\u00e1 atendemos mais de 260 clientes na empresa e temos 59 deles com contratos mensais. Ent\u00e3o, temos muitos clientes para visitar por todo esse Brasil. S\u00e3o Paulo, onde aconteceu o SQL Saturday, [&hellip;]<\/p>\n","protected":false},"author":1,"featured_media":0,"comment_status":"open","ping_status":"open","sticky":false,"template":"","format":"standard","meta":{"_exactmetrics_skip_tracking":false,"_exactmetrics_sitenote_active":false,"_exactmetrics_sitenote_note":"","_exactmetrics_sitenote_category":0,"footnotes":""},"categories":[5,991,8,12,1187],"tags":[331,1730,941,1731,1729,1728,1733,1734,1727,1539,1683,1732,1720],"class_list":["post-11039","post","type-post","status-publish","format-standard","hentry","category-carreira","category-dba-remoto","category-eventos","category-noticias","category-treinamento-sql-server-2","tag-bi","tag-clientes","tag-consultoria","tag-dbaremoto","tag-fabriciolimanaestrada","tag-jeep","tag-mg","tag-minas-gerais","tag-ontheroad","tag-powerbi","tag-sao-paulo","tag-sp","tag-teamfabriciolima"],"post_mailing_queue_ids":[],"_links":{"self":[{"href":"https:\/\/fabriciolima.net\/blog\/wp-json\/wp\/v2\/posts\/11039","targetHints":{"allow":["GET"]}}],"collection":[{"href":"https:\/\/fabriciolima.net\/blog\/wp-json\/wp\/v2\/posts"}],"about":[{"href":"https:\/\/fabriciolima.net\/blog\/wp-json\/wp\/v2\/types\/post"}],"author":[{"embeddable":true,"href":"https:\/\/fabriciolima.net\/blog\/wp-json\/wp\/v2\/users\/1"}],"replies":[{"embeddable":true,"href":"https:\/\/fabriciolima.net\/blog\/wp-json\/wp\/v2\/comments?post=11039"}],"version-history":[{"count":21,"href":"https:\/\/fabriciolima.net\/blog\/wp-json\/wp\/v2\/posts\/11039\/revisions"}],"predecessor-version":[{"id":11080,"href":"https:\/\/fabriciolima.net\/blog\/wp-json\/wp\/v2\/posts\/11039\/revisions\/11080"}],"wp:attachment":[{"href":"https:\/\/fabriciolima.net\/blog\/wp-json\/wp\/v2\/media?parent=11039"}],"wp:term":[{"taxonomy":"category","embeddable":true,"href":"https:\/\/fabriciolima.net\/blog\/wp-json\/wp\/v2\/categories?post=11039"},{"taxonomy":"post_tag","embeddable":true,"href":"https:\/\/fabriciolima.net\/blog\/wp-json\/wp\/v2\/tags?post=11039"}],"curies":[{"name":"wp","href":"https:\/\/api.w.org\/{rel}","templated":true}]}}