{"id":10779,"date":"2019-08-28T22:19:53","date_gmt":"2019-08-29T01:19:53","guid":{"rendered":"http:\/\/www.fabriciolima.net\/?p=10779"},"modified":"2019-08-29T10:29:32","modified_gmt":"2019-08-29T13:29:32","slug":"sql-saturday-de-vitoria-es-300-profissionais-e-estudantes-impactados","status":"publish","type":"post","link":"https:\/\/fabriciolima.net\/blog\/2019\/08\/28\/sql-saturday-de-vitoria-es-300-profissionais-e-estudantes-impactados\/","title":{"rendered":"SQL Saturday de Vit\u00f3ria-ES: 300 profissionais e estudantes impactados"},"content":{"rendered":"<p>Fala Pessoal,<\/p>\n<p>No \u00faltimo s\u00e1bado (24\/08\/2019) tivemos mais um evento hist\u00f3rico no Esp\u00edrito Santo.<\/p>\n<p>Depois do SQL Day do ano passado que tamb\u00e9m foi muito bom:<\/p>\n<p><a href=\"https:\/\/www.fabriciolima.net\/blog\/2018\/08\/09\/sql-day-es-evento-que-teve-um-impacto-muito-maior-do-que-esperavamos\/\" target=\"_blank\" rel=\"noopener\">https:\/\/www.fabriciolima.net\/blog\/2018\/08\/09\/sql-day-es-evento-que-teve-um-impacto-muito-maior-do-que-esperavamos\/<\/a><\/p>\n<p>Em 2019, trouxemos para o Esp\u00edrito Santo um evento que acontece em todo o mundo, o SQL Saturday.<\/p>\n<p>O evento foi um sucesso!<\/p>\n<p>Tivemos uma quebra GIGANTE, mas que j\u00e1 era esperada (infelizmente).<\/p>\n<p>De 770 inscritos, 300 fizeram check-in no evento.<\/p>\n<p>&nbsp;<\/p>\n<p>Na quinta-feira j\u00e1 tinha palestrante por Vit\u00f3ria:<\/p>\n<p><img loading=\"lazy\" decoding=\"async\" class=\" wp-image-10789 aligncenter\" src=\"https:\/\/fabriciolima.net\/blog\/wp-content\/uploads\/2019\/08\/WhatsApp-Image-2019-08-26-at-08.42.13-300x225.jpeg\" alt=\"\" width=\"372\" height=\"279\" srcset=\"https:\/\/fabriciolima.net\/blog\/wp-content\/uploads\/2019\/08\/WhatsApp-Image-2019-08-26-at-08.42.13-300x225.jpeg 300w, https:\/\/fabriciolima.net\/blog\/wp-content\/uploads\/2019\/08\/WhatsApp-Image-2019-08-26-at-08.42.13-1024x768.jpeg 1024w, https:\/\/fabriciolima.net\/blog\/wp-content\/uploads\/2019\/08\/WhatsApp-Image-2019-08-26-at-08.42.13-768x576.jpeg 768w, https:\/\/fabriciolima.net\/blog\/wp-content\/uploads\/2019\/08\/WhatsApp-Image-2019-08-26-at-08.42.13-700x525.jpeg 700w, https:\/\/fabriciolima.net\/blog\/wp-content\/uploads\/2019\/08\/WhatsApp-Image-2019-08-26-at-08.42.13-410x308.jpeg 410w, https:\/\/fabriciolima.net\/blog\/wp-content\/uploads\/2019\/08\/WhatsApp-Image-2019-08-26-at-08.42.13-100x75.jpeg 100w, https:\/\/fabriciolima.net\/blog\/wp-content\/uploads\/2019\/08\/WhatsApp-Image-2019-08-26-at-08.42.13-275x206.jpeg 275w, https:\/\/fabriciolima.net\/blog\/wp-content\/uploads\/2019\/08\/WhatsApp-Image-2019-08-26-at-08.42.13-20x15.jpeg 20w, https:\/\/fabriciolima.net\/blog\/wp-content\/uploads\/2019\/08\/WhatsApp-Image-2019-08-26-at-08.42.13.jpeg 1280w\" sizes=\"auto, (max-width: 372px) 100vw, 372px\" \/><\/p>\n<p>Na sexta fizemos o nosso tradicional jantar com os palestrantes:<\/p>\n<p><img loading=\"lazy\" decoding=\"async\" class=\" wp-image-10787 aligncenter\" src=\"https:\/\/fabriciolima.net\/blog\/wp-content\/uploads\/2019\/08\/WhatsApp-Image-2019-08-26-at-08.41.53-300x225.jpeg\" alt=\"\" width=\"371\" height=\"279\" srcset=\"https:\/\/fabriciolima.net\/blog\/wp-content\/uploads\/2019\/08\/WhatsApp-Image-2019-08-26-at-08.41.53-300x225.jpeg 300w, https:\/\/fabriciolima.net\/blog\/wp-content\/uploads\/2019\/08\/WhatsApp-Image-2019-08-26-at-08.41.53-1024x768.jpeg 1024w, https:\/\/fabriciolima.net\/blog\/wp-content\/uploads\/2019\/08\/WhatsApp-Image-2019-08-26-at-08.41.53-768x576.jpeg 768w, https:\/\/fabriciolima.net\/blog\/wp-content\/uploads\/2019\/08\/WhatsApp-Image-2019-08-26-at-08.41.53-700x525.jpeg 700w, https:\/\/fabriciolima.net\/blog\/wp-content\/uploads\/2019\/08\/WhatsApp-Image-2019-08-26-at-08.41.53-410x308.jpeg 410w, https:\/\/fabriciolima.net\/blog\/wp-content\/uploads\/2019\/08\/WhatsApp-Image-2019-08-26-at-08.41.53-100x75.jpeg 100w, https:\/\/fabriciolima.net\/blog\/wp-content\/uploads\/2019\/08\/WhatsApp-Image-2019-08-26-at-08.41.53-275x206.jpeg 275w, https:\/\/fabriciolima.net\/blog\/wp-content\/uploads\/2019\/08\/WhatsApp-Image-2019-08-26-at-08.41.53-20x15.jpeg 20w, https:\/\/fabriciolima.net\/blog\/wp-content\/uploads\/2019\/08\/WhatsApp-Image-2019-08-26-at-08.41.53.jpeg 1280w\" sizes=\"auto, (max-width: 371px) 100vw, 371px\" \/><\/p>\n<p>No s\u00e1bado os palestrantes deram um show!!!<\/p>\n<p>Foram 28 palestras ao longo do dia com a presen\u00e7a da galera at\u00e9 a \u00faltima palestra com audit\u00f3rio cheio.<\/p>\n<h6><strong>Doa\u00e7\u00f5es:<\/strong><\/h6>\n<p>Uma das coisas que poder\u00edamos ter feito melhor era a divulga\u00e7\u00e3o para o pessoal trazer um kg de alimento para o evento. Falamos algumas vezes, mas n\u00e3o batemos forte nessa tecla em todas as divulga\u00e7\u00f5es.<\/p>\n<p>O pr\u00f3prio salesiano com seus projetos sociais encontrou alguns lares para receber nossos alimentos.<\/p>\n<p>Fiquei um pouco triste de n\u00e3o ter conseguido ajudar mais. Contudo, fica a meta para o ano que vem para focar muito mais nisso.<\/p>\n<p>&nbsp;<\/p>\n<p><img loading=\"lazy\" decoding=\"async\" class=\" wp-image-10784 aligncenter\" src=\"https:\/\/fabriciolima.net\/blog\/wp-content\/uploads\/2019\/08\/WhatsApp-Image-2019-08-26-at-08.35.03-300x200.jpeg\" alt=\"\" width=\"416\" height=\"277\" srcset=\"https:\/\/fabriciolima.net\/blog\/wp-content\/uploads\/2019\/08\/WhatsApp-Image-2019-08-26-at-08.35.03-300x200.jpeg 300w, https:\/\/fabriciolima.net\/blog\/wp-content\/uploads\/2019\/08\/WhatsApp-Image-2019-08-26-at-08.35.03-768x512.jpeg 768w, https:\/\/fabriciolima.net\/blog\/wp-content\/uploads\/2019\/08\/WhatsApp-Image-2019-08-26-at-08.35.03-600x400.jpeg 600w, https:\/\/fabriciolima.net\/blog\/wp-content\/uploads\/2019\/08\/WhatsApp-Image-2019-08-26-at-08.35.03-700x466.jpeg 700w, https:\/\/fabriciolima.net\/blog\/wp-content\/uploads\/2019\/08\/WhatsApp-Image-2019-08-26-at-08.35.03-410x273.jpeg 410w, https:\/\/fabriciolima.net\/blog\/wp-content\/uploads\/2019\/08\/WhatsApp-Image-2019-08-26-at-08.35.03-100x67.jpeg 100w, https:\/\/fabriciolima.net\/blog\/wp-content\/uploads\/2019\/08\/WhatsApp-Image-2019-08-26-at-08.35.03-275x183.jpeg 275w, https:\/\/fabriciolima.net\/blog\/wp-content\/uploads\/2019\/08\/WhatsApp-Image-2019-08-26-at-08.35.03-20x13.jpeg 20w, https:\/\/fabriciolima.net\/blog\/wp-content\/uploads\/2019\/08\/WhatsApp-Image-2019-08-26-at-08.35.03-272x182.jpeg 272w, https:\/\/fabriciolima.net\/blog\/wp-content\/uploads\/2019\/08\/WhatsApp-Image-2019-08-26-at-08.35.03.jpeg 1024w\" sizes=\"auto, (max-width: 416px) 100vw, 416px\" \/><\/p>\n<p>&nbsp;<\/p>\n<p><img loading=\"lazy\" decoding=\"async\" class=\" wp-image-10783 aligncenter\" src=\"https:\/\/fabriciolima.net\/blog\/wp-content\/uploads\/2019\/08\/WhatsApp-Image-2019-08-26-at-08.35.04-2-300x200.jpeg\" alt=\"\" width=\"417\" height=\"278\" srcset=\"https:\/\/fabriciolima.net\/blog\/wp-content\/uploads\/2019\/08\/WhatsApp-Image-2019-08-26-at-08.35.04-2-300x200.jpeg 300w, https:\/\/fabriciolima.net\/blog\/wp-content\/uploads\/2019\/08\/WhatsApp-Image-2019-08-26-at-08.35.04-2-768x512.jpeg 768w, https:\/\/fabriciolima.net\/blog\/wp-content\/uploads\/2019\/08\/WhatsApp-Image-2019-08-26-at-08.35.04-2-600x400.jpeg 600w, https:\/\/fabriciolima.net\/blog\/wp-content\/uploads\/2019\/08\/WhatsApp-Image-2019-08-26-at-08.35.04-2-700x467.jpeg 700w, https:\/\/fabriciolima.net\/blog\/wp-content\/uploads\/2019\/08\/WhatsApp-Image-2019-08-26-at-08.35.04-2-410x273.jpeg 410w, https:\/\/fabriciolima.net\/blog\/wp-content\/uploads\/2019\/08\/WhatsApp-Image-2019-08-26-at-08.35.04-2-100x67.jpeg 100w, https:\/\/fabriciolima.net\/blog\/wp-content\/uploads\/2019\/08\/WhatsApp-Image-2019-08-26-at-08.35.04-2-275x183.jpeg 275w, https:\/\/fabriciolima.net\/blog\/wp-content\/uploads\/2019\/08\/WhatsApp-Image-2019-08-26-at-08.35.04-2-20x13.jpeg 20w, https:\/\/fabriciolima.net\/blog\/wp-content\/uploads\/2019\/08\/WhatsApp-Image-2019-08-26-at-08.35.04-2-272x182.jpeg 272w, https:\/\/fabriciolima.net\/blog\/wp-content\/uploads\/2019\/08\/WhatsApp-Image-2019-08-26-at-08.35.04-2.jpeg 1024w\" sizes=\"auto, (max-width: 417px) 100vw, 417px\" \/><\/p>\n<p>Acompanhe o instagram <a href=\"https:\/\/www.instagram.com\/sqlserver_es\/?hl=pt-br\" target=\"_blank\" rel=\"noopener\"><strong>@sqlserver_es<\/strong><\/a> para mais fotos como essas:<\/p>\n<p><img loading=\"lazy\" decoding=\"async\" class=\" wp-image-10790 aligncenter\" src=\"https:\/\/fabriciolima.net\/blog\/wp-content\/uploads\/2019\/08\/WhatsApp-Image-2019-08-26-at-08.37.18-300x225.jpeg\" alt=\"\" width=\"379\" height=\"284\" srcset=\"https:\/\/fabriciolima.net\/blog\/wp-content\/uploads\/2019\/08\/WhatsApp-Image-2019-08-26-at-08.37.18-300x225.jpeg 300w, https:\/\/fabriciolima.net\/blog\/wp-content\/uploads\/2019\/08\/WhatsApp-Image-2019-08-26-at-08.37.18-1024x768.jpeg 1024w, https:\/\/fabriciolima.net\/blog\/wp-content\/uploads\/2019\/08\/WhatsApp-Image-2019-08-26-at-08.37.18-768x576.jpeg 768w, https:\/\/fabriciolima.net\/blog\/wp-content\/uploads\/2019\/08\/WhatsApp-Image-2019-08-26-at-08.37.18-700x525.jpeg 700w, https:\/\/fabriciolima.net\/blog\/wp-content\/uploads\/2019\/08\/WhatsApp-Image-2019-08-26-at-08.37.18-410x308.jpeg 410w, https:\/\/fabriciolima.net\/blog\/wp-content\/uploads\/2019\/08\/WhatsApp-Image-2019-08-26-at-08.37.18-100x75.jpeg 100w, https:\/\/fabriciolima.net\/blog\/wp-content\/uploads\/2019\/08\/WhatsApp-Image-2019-08-26-at-08.37.18-275x206.jpeg 275w, https:\/\/fabriciolima.net\/blog\/wp-content\/uploads\/2019\/08\/WhatsApp-Image-2019-08-26-at-08.37.18-20x15.jpeg 20w, https:\/\/fabriciolima.net\/blog\/wp-content\/uploads\/2019\/08\/WhatsApp-Image-2019-08-26-at-08.37.18.jpeg 1280w\" sizes=\"auto, (max-width: 379px) 100vw, 379px\" \/><\/p>\n<p><img loading=\"lazy\" decoding=\"async\" class=\"wp-image-10791 aligncenter\" src=\"https:\/\/fabriciolima.net\/blog\/wp-content\/uploads\/2019\/08\/WhatsApp-Image-2019-08-26-at-08.37.20-300x200.jpeg\" alt=\"\" width=\"374\" height=\"249\" srcset=\"https:\/\/fabriciolima.net\/blog\/wp-content\/uploads\/2019\/08\/WhatsApp-Image-2019-08-26-at-08.37.20-300x200.jpeg 300w, https:\/\/fabriciolima.net\/blog\/wp-content\/uploads\/2019\/08\/WhatsApp-Image-2019-08-26-at-08.37.20-1024x683.jpeg 1024w, https:\/\/fabriciolima.net\/blog\/wp-content\/uploads\/2019\/08\/WhatsApp-Image-2019-08-26-at-08.37.20-768x512.jpeg 768w, https:\/\/fabriciolima.net\/blog\/wp-content\/uploads\/2019\/08\/WhatsApp-Image-2019-08-26-at-08.37.20-600x400.jpeg 600w, https:\/\/fabriciolima.net\/blog\/wp-content\/uploads\/2019\/08\/WhatsApp-Image-2019-08-26-at-08.37.20-700x467.jpeg 700w, https:\/\/fabriciolima.net\/blog\/wp-content\/uploads\/2019\/08\/WhatsApp-Image-2019-08-26-at-08.37.20-410x274.jpeg 410w, https:\/\/fabriciolima.net\/blog\/wp-content\/uploads\/2019\/08\/WhatsApp-Image-2019-08-26-at-08.37.20-100x67.jpeg 100w, https:\/\/fabriciolima.net\/blog\/wp-content\/uploads\/2019\/08\/WhatsApp-Image-2019-08-26-at-08.37.20-275x183.jpeg 275w, https:\/\/fabriciolima.net\/blog\/wp-content\/uploads\/2019\/08\/WhatsApp-Image-2019-08-26-at-08.37.20-20x13.jpeg 20w, https:\/\/fabriciolima.net\/blog\/wp-content\/uploads\/2019\/08\/WhatsApp-Image-2019-08-26-at-08.37.20-272x182.jpeg 272w, https:\/\/fabriciolima.net\/blog\/wp-content\/uploads\/2019\/08\/WhatsApp-Image-2019-08-26-at-08.37.20.jpeg 1280w\" sizes=\"auto, (max-width: 374px) 100vw, 374px\" \/><\/p>\n<p><img loading=\"lazy\" decoding=\"async\" class=\" wp-image-10786 aligncenter\" src=\"https:\/\/fabriciolima.net\/blog\/wp-content\/uploads\/2019\/08\/WhatsApp-Image-2019-08-26-at-08.41.36-300x225.jpeg\" alt=\"\" width=\"385\" height=\"289\" srcset=\"https:\/\/fabriciolima.net\/blog\/wp-content\/uploads\/2019\/08\/WhatsApp-Image-2019-08-26-at-08.41.36-300x225.jpeg 300w, https:\/\/fabriciolima.net\/blog\/wp-content\/uploads\/2019\/08\/WhatsApp-Image-2019-08-26-at-08.41.36-1024x768.jpeg 1024w, https:\/\/fabriciolima.net\/blog\/wp-content\/uploads\/2019\/08\/WhatsApp-Image-2019-08-26-at-08.41.36-768x576.jpeg 768w, https:\/\/fabriciolima.net\/blog\/wp-content\/uploads\/2019\/08\/WhatsApp-Image-2019-08-26-at-08.41.36-700x525.jpeg 700w, https:\/\/fabriciolima.net\/blog\/wp-content\/uploads\/2019\/08\/WhatsApp-Image-2019-08-26-at-08.41.36-410x308.jpeg 410w, https:\/\/fabriciolima.net\/blog\/wp-content\/uploads\/2019\/08\/WhatsApp-Image-2019-08-26-at-08.41.36-100x75.jpeg 100w, https:\/\/fabriciolima.net\/blog\/wp-content\/uploads\/2019\/08\/WhatsApp-Image-2019-08-26-at-08.41.36-275x206.jpeg 275w, https:\/\/fabriciolima.net\/blog\/wp-content\/uploads\/2019\/08\/WhatsApp-Image-2019-08-26-at-08.41.36-20x15.jpeg 20w, https:\/\/fabriciolima.net\/blog\/wp-content\/uploads\/2019\/08\/WhatsApp-Image-2019-08-26-at-08.41.36.jpeg 1280w\" sizes=\"auto, (max-width: 385px) 100vw, 385px\" \/><\/p>\n<p>&nbsp;<\/p>\n<p>&nbsp;<\/p>\n<h6><strong>Evento de 2018:<\/strong><\/h6>\n<p><img loading=\"lazy\" decoding=\"async\" class=\" wp-image-10788 aligncenter\" src=\"https:\/\/fabriciolima.net\/blog\/wp-content\/uploads\/2019\/08\/WhatsApp-Image-2019-08-26-at-08.42.03-300x195.jpeg\" alt=\"\" width=\"591\" height=\"384\" srcset=\"https:\/\/fabriciolima.net\/blog\/wp-content\/uploads\/2019\/08\/WhatsApp-Image-2019-08-26-at-08.42.03-300x195.jpeg 300w, https:\/\/fabriciolima.net\/blog\/wp-content\/uploads\/2019\/08\/WhatsApp-Image-2019-08-26-at-08.42.03-1024x667.jpeg 1024w, https:\/\/fabriciolima.net\/blog\/wp-content\/uploads\/2019\/08\/WhatsApp-Image-2019-08-26-at-08.42.03-768x500.jpeg 768w, https:\/\/fabriciolima.net\/blog\/wp-content\/uploads\/2019\/08\/WhatsApp-Image-2019-08-26-at-08.42.03-700x456.jpeg 700w, https:\/\/fabriciolima.net\/blog\/wp-content\/uploads\/2019\/08\/WhatsApp-Image-2019-08-26-at-08.42.03-410x267.jpeg 410w, https:\/\/fabriciolima.net\/blog\/wp-content\/uploads\/2019\/08\/WhatsApp-Image-2019-08-26-at-08.42.03-100x65.jpeg 100w, https:\/\/fabriciolima.net\/blog\/wp-content\/uploads\/2019\/08\/WhatsApp-Image-2019-08-26-at-08.42.03-275x179.jpeg 275w, https:\/\/fabriciolima.net\/blog\/wp-content\/uploads\/2019\/08\/WhatsApp-Image-2019-08-26-at-08.42.03-20x13.jpeg 20w, https:\/\/fabriciolima.net\/blog\/wp-content\/uploads\/2019\/08\/WhatsApp-Image-2019-08-26-at-08.42.03.jpeg 1042w\" sizes=\"auto, (max-width: 591px) 100vw, 591px\" \/><\/p>\n<h6><strong>Evento de 2019:<\/strong><\/h6>\n<p>&nbsp;<\/p>\n<p><img loading=\"lazy\" decoding=\"async\" class=\" wp-image-10785 aligncenter\" src=\"https:\/\/fabriciolima.net\/blog\/wp-content\/uploads\/2019\/08\/WhatsApp-Image-2019-08-26-at-08.41.10-300x200.jpeg\" alt=\"\" width=\"590\" height=\"393\" srcset=\"https:\/\/fabriciolima.net\/blog\/wp-content\/uploads\/2019\/08\/WhatsApp-Image-2019-08-26-at-08.41.10-300x200.jpeg 300w, https:\/\/fabriciolima.net\/blog\/wp-content\/uploads\/2019\/08\/WhatsApp-Image-2019-08-26-at-08.41.10-768x512.jpeg 768w, https:\/\/fabriciolima.net\/blog\/wp-content\/uploads\/2019\/08\/WhatsApp-Image-2019-08-26-at-08.41.10-600x400.jpeg 600w, https:\/\/fabriciolima.net\/blog\/wp-content\/uploads\/2019\/08\/WhatsApp-Image-2019-08-26-at-08.41.10-700x466.jpeg 700w, https:\/\/fabriciolima.net\/blog\/wp-content\/uploads\/2019\/08\/WhatsApp-Image-2019-08-26-at-08.41.10-410x273.jpeg 410w, https:\/\/fabriciolima.net\/blog\/wp-content\/uploads\/2019\/08\/WhatsApp-Image-2019-08-26-at-08.41.10-100x67.jpeg 100w, https:\/\/fabriciolima.net\/blog\/wp-content\/uploads\/2019\/08\/WhatsApp-Image-2019-08-26-at-08.41.10-275x183.jpeg 275w, https:\/\/fabriciolima.net\/blog\/wp-content\/uploads\/2019\/08\/WhatsApp-Image-2019-08-26-at-08.41.10-20x13.jpeg 20w, https:\/\/fabriciolima.net\/blog\/wp-content\/uploads\/2019\/08\/WhatsApp-Image-2019-08-26-at-08.41.10-272x182.jpeg 272w, https:\/\/fabriciolima.net\/blog\/wp-content\/uploads\/2019\/08\/WhatsApp-Image-2019-08-26-at-08.41.10.jpeg 1024w\" sizes=\"auto, (max-width: 590px) 100vw, 590px\" \/><\/p>\n<p>&nbsp;<\/p>\n<p>Agora j\u00e1 \u00e9 pensar em 2020, onde vamos ver o que podemos melhorar para poder fazer um evento ainda melhor para os profissionais capixabas.<\/p>\n<h6><strong>Salesiano<\/strong><\/h6>\n<p>Agradecemos demais ao <a href=\"https:\/\/www.linkedin.com\/school\/catolicadevitoria\/\" target=\"_blank\" rel=\"noopener\">Salesiano<\/a> por todo o apoio para a realiza\u00e7\u00e3o desse evento. \u00c9 uma das melhores estruturas que j\u00e1 vi para receber um Saturday no Brasil, com: estacionamento, restaurante, sala com internet cabeada e muito mais. Sensacional!<\/p>\n<p>O <a href=\"https:\/\/www.linkedin.com\/in\/marceloaschuster\/\" target=\"_blank\" rel=\"noopener\">Marcelo<\/a> e o Time de marketing contribu\u00edram demais para o acontecimento desse evento. Muito obrigado mesmo!!!<\/p>\n<p><img loading=\"lazy\" decoding=\"async\" class=\" wp-image-10780 aligncenter\" src=\"https:\/\/fabriciolima.net\/blog\/wp-content\/uploads\/2019\/08\/WhatsApp-Image-2019-08-26-at-08.36.00-300x200.jpeg\" alt=\"\" width=\"366\" height=\"244\" srcset=\"https:\/\/fabriciolima.net\/blog\/wp-content\/uploads\/2019\/08\/WhatsApp-Image-2019-08-26-at-08.36.00-300x200.jpeg 300w, https:\/\/fabriciolima.net\/blog\/wp-content\/uploads\/2019\/08\/WhatsApp-Image-2019-08-26-at-08.36.00-1024x682.jpeg 1024w, https:\/\/fabriciolima.net\/blog\/wp-content\/uploads\/2019\/08\/WhatsApp-Image-2019-08-26-at-08.36.00-768x512.jpeg 768w, https:\/\/fabriciolima.net\/blog\/wp-content\/uploads\/2019\/08\/WhatsApp-Image-2019-08-26-at-08.36.00-600x400.jpeg 600w, https:\/\/fabriciolima.net\/blog\/wp-content\/uploads\/2019\/08\/WhatsApp-Image-2019-08-26-at-08.36.00-700x466.jpeg 700w, https:\/\/fabriciolima.net\/blog\/wp-content\/uploads\/2019\/08\/WhatsApp-Image-2019-08-26-at-08.36.00-410x273.jpeg 410w, https:\/\/fabriciolima.net\/blog\/wp-content\/uploads\/2019\/08\/WhatsApp-Image-2019-08-26-at-08.36.00-100x67.jpeg 100w, https:\/\/fabriciolima.net\/blog\/wp-content\/uploads\/2019\/08\/WhatsApp-Image-2019-08-26-at-08.36.00-275x183.jpeg 275w, https:\/\/fabriciolima.net\/blog\/wp-content\/uploads\/2019\/08\/WhatsApp-Image-2019-08-26-at-08.36.00-20x13.jpeg 20w, https:\/\/fabriciolima.net\/blog\/wp-content\/uploads\/2019\/08\/WhatsApp-Image-2019-08-26-at-08.36.00-272x182.jpeg 272w, https:\/\/fabriciolima.net\/blog\/wp-content\/uploads\/2019\/08\/WhatsApp-Image-2019-08-26-at-08.36.00.jpeg 1280w\" sizes=\"auto, (max-width: 366px) 100vw, 366px\" \/><\/p>\n<h6><strong>Patrocinadores<\/strong><\/h6>\n<p>Foi muito dif\u00edcil conseguir patrocinadores, mas deu tudo certo no final.<\/p>\n<p>Fica aquele agradecimento a <a href=\"https:\/\/www.microsoft.com\/pt-br\/sql-server\/sql-server-downloads\" target=\"_blank\" rel=\"noopener\">Microsoft<\/a>, <a href=\"https:\/\/planilheiros.com.br\" target=\"_blank\" rel=\"noopener\">Planilheiros<\/a>, <a href=\"https:\/\/www.fabriciolima.net\">Fabricio Lima<\/a>, <a href=\"http:\/\/www.vssti.com.br\/\" target=\"_blank\" rel=\"noopener\">VSSTI<\/a>, <a href=\"https:\/\/braziliandevs.com\/\">Braziliandevs<\/a> e <a href=\"https:\/\/www.totvs.com\/unidade\/totvs-espirito-santo\/\">Totvs<\/a>.<\/p>\n<p><img loading=\"lazy\" decoding=\"async\" class=\" wp-image-10793 aligncenter\" src=\"https:\/\/fabriciolima.net\/blog\/wp-content\/uploads\/2019\/08\/Patrocinadores-300x130.png\" alt=\"\" width=\"448\" height=\"194\" srcset=\"https:\/\/fabriciolima.net\/blog\/wp-content\/uploads\/2019\/08\/Patrocinadores-300x130.png 300w, https:\/\/fabriciolima.net\/blog\/wp-content\/uploads\/2019\/08\/Patrocinadores-1024x444.png 1024w, https:\/\/fabriciolima.net\/blog\/wp-content\/uploads\/2019\/08\/Patrocinadores-768x333.png 768w, https:\/\/fabriciolima.net\/blog\/wp-content\/uploads\/2019\/08\/Patrocinadores-700x304.png 700w, https:\/\/fabriciolima.net\/blog\/wp-content\/uploads\/2019\/08\/Patrocinadores-410x178.png 410w, https:\/\/fabriciolima.net\/blog\/wp-content\/uploads\/2019\/08\/Patrocinadores-100x43.png 100w, https:\/\/fabriciolima.net\/blog\/wp-content\/uploads\/2019\/08\/Patrocinadores-275x119.png 275w, https:\/\/fabriciolima.net\/blog\/wp-content\/uploads\/2019\/08\/Patrocinadores-20x9.png 20w, https:\/\/fabriciolima.net\/blog\/wp-content\/uploads\/2019\/08\/Patrocinadores.png 1206w\" sizes=\"auto, (max-width: 448px) 100vw, 448px\" \/><\/p>\n<p>Tamb\u00e9m tivemos alguns parceiros importantes para o evento:<\/p>\n<ul>\n<li><a href=\"https:\/\/www.instagram.com\/angelicaneves.ph\/?hl=pt-br\">Ang\u00e9lica Neves Fotografia<\/a> que vai eternizar nossos momentos em fotos;<\/li>\n<li><a href=\"https:\/\/www.instagram.com\/ggtices\/?hl=pt-br\">GGTIC-ES<\/a> que fortaleceu a parceria conosco na organiza\u00e7\u00e3o de eventos aqui no ES;<\/li>\n<li><a href=\"https:\/\/www.linkedin.com\/company\/mindworks\/\" target=\"_blank\" rel=\"noopener\">Mindworks<\/a> que nos doou 4 cursos oficiais para os participantes;<\/li>\n<li><a href=\"https:\/\/www.instagram.com\/marlypaodemel\/?hl=pt-br\" target=\"_blank\" rel=\"noopener\">Marly P\u00e3o de Mel<\/a> que nos ajudou a compor o kit dos palestrantes com o melhor p\u00e3o de Mel do Brasil.<\/li>\n<\/ul>\n<p><img loading=\"lazy\" decoding=\"async\" class=\"size-medium wp-image-10798 aligncenter\" src=\"https:\/\/fabriciolima.net\/blog\/wp-content\/uploads\/2019\/08\/Patrocinadores2-300x197.png\" alt=\"\" width=\"300\" height=\"197\" srcset=\"https:\/\/fabriciolima.net\/blog\/wp-content\/uploads\/2019\/08\/Patrocinadores2-300x197.png 300w, https:\/\/fabriciolima.net\/blog\/wp-content\/uploads\/2019\/08\/Patrocinadores2-1024x673.png 1024w, https:\/\/fabriciolima.net\/blog\/wp-content\/uploads\/2019\/08\/Patrocinadores2-768x505.png 768w, https:\/\/fabriciolima.net\/blog\/wp-content\/uploads\/2019\/08\/Patrocinadores2-700x460.png 700w, https:\/\/fabriciolima.net\/blog\/wp-content\/uploads\/2019\/08\/Patrocinadores2-410x269.png 410w, https:\/\/fabriciolima.net\/blog\/wp-content\/uploads\/2019\/08\/Patrocinadores2-100x66.png 100w, https:\/\/fabriciolima.net\/blog\/wp-content\/uploads\/2019\/08\/Patrocinadores2-275x181.png 275w, https:\/\/fabriciolima.net\/blog\/wp-content\/uploads\/2019\/08\/Patrocinadores2-20x13.png 20w, https:\/\/fabriciolima.net\/blog\/wp-content\/uploads\/2019\/08\/Patrocinadores2.png 1073w\" sizes=\"auto, (max-width: 300px) 100vw, 300px\" \/><\/p>\n<h6><strong>Staffs e Organizadores<\/strong><\/h6>\n<p>Na correria do evento n\u00e3o lembramos de tirar uma foto com os Staffs, mas fica aqui o agradecimento de cora\u00e7\u00e3o a todos que se doaram, deixaram de assistir a algumas palestras para ajudar nesse evento.<\/p>\n<p>Obrigado!!!!!<\/p>\n<p>Aguardo voc\u00eas no ano que vem.<\/p>\n<h6><strong>TeamFabricioLima<\/strong><\/h6>\n<p>O TeamFabricioLima se engajou em peso nesse evento.<\/p>\n<p>Quem n\u00e3o palestrou trabalhou como Staff do in\u00edcio ao fim.<\/p>\n<p>Sensacional.<\/p>\n<p>Muito Obrigado galera. Voc\u00eas s\u00e3o feras!!!<\/p>\n<p><img loading=\"lazy\" decoding=\"async\" class=\" wp-image-10781 aligncenter\" src=\"https:\/\/fabriciolima.net\/blog\/wp-content\/uploads\/2019\/08\/WhatsApp-Image-2019-08-26-at-08.35.59-300x196.jpeg\" alt=\"\" width=\"380\" height=\"248\" srcset=\"https:\/\/fabriciolima.net\/blog\/wp-content\/uploads\/2019\/08\/WhatsApp-Image-2019-08-26-at-08.35.59-300x196.jpeg 300w, https:\/\/fabriciolima.net\/blog\/wp-content\/uploads\/2019\/08\/WhatsApp-Image-2019-08-26-at-08.35.59-768x503.jpeg 768w, https:\/\/fabriciolima.net\/blog\/wp-content\/uploads\/2019\/08\/WhatsApp-Image-2019-08-26-at-08.35.59-700x458.jpeg 700w, https:\/\/fabriciolima.net\/blog\/wp-content\/uploads\/2019\/08\/WhatsApp-Image-2019-08-26-at-08.35.59-410x268.jpeg 410w, https:\/\/fabriciolima.net\/blog\/wp-content\/uploads\/2019\/08\/WhatsApp-Image-2019-08-26-at-08.35.59-100x65.jpeg 100w, https:\/\/fabriciolima.net\/blog\/wp-content\/uploads\/2019\/08\/WhatsApp-Image-2019-08-26-at-08.35.59-275x180.jpeg 275w, https:\/\/fabriciolima.net\/blog\/wp-content\/uploads\/2019\/08\/WhatsApp-Image-2019-08-26-at-08.35.59-20x13.jpeg 20w, https:\/\/fabriciolima.net\/blog\/wp-content\/uploads\/2019\/08\/WhatsApp-Image-2019-08-26-at-08.35.59.jpeg 1024w\" sizes=\"auto, (max-width: 380px) 100vw, 380px\" \/><\/p>\n<h6><strong>Palestrantes<\/strong><\/h6>\n<p>Para finalizar, agradecemos imensamente a todos os palestrantes que compraram passagem, reservaram hotel e doaram um tempo precioso de suas vidas para vir ao ES compartilhar conhecimento.<\/p>\n<p>A quantidade imensa de elogios que o evento recebeu nas redes sociais foram devido as palestras sensacionais dessa galera toda a\u00ed.<\/p>\n<p>Profissionais muito bem sucedidos que vieram at\u00e9 aqui compartilhar um pouco do que sabem.<\/p>\n<p>Sensacional!!!<\/p>\n<p><img loading=\"lazy\" decoding=\"async\" class=\" wp-image-10782 aligncenter\" src=\"https:\/\/fabriciolima.net\/blog\/wp-content\/uploads\/2019\/08\/WhatsApp-Image-2019-08-26-at-08.35.25-300x225.jpeg\" alt=\"\" width=\"391\" height=\"294\" srcset=\"https:\/\/fabriciolima.net\/blog\/wp-content\/uploads\/2019\/08\/WhatsApp-Image-2019-08-26-at-08.35.25-300x225.jpeg 300w, https:\/\/fabriciolima.net\/blog\/wp-content\/uploads\/2019\/08\/WhatsApp-Image-2019-08-26-at-08.35.25-1024x768.jpeg 1024w, https:\/\/fabriciolima.net\/blog\/wp-content\/uploads\/2019\/08\/WhatsApp-Image-2019-08-26-at-08.35.25-768x576.jpeg 768w, https:\/\/fabriciolima.net\/blog\/wp-content\/uploads\/2019\/08\/WhatsApp-Image-2019-08-26-at-08.35.25-700x525.jpeg 700w, https:\/\/fabriciolima.net\/blog\/wp-content\/uploads\/2019\/08\/WhatsApp-Image-2019-08-26-at-08.35.25-410x308.jpeg 410w, https:\/\/fabriciolima.net\/blog\/wp-content\/uploads\/2019\/08\/WhatsApp-Image-2019-08-26-at-08.35.25-100x75.jpeg 100w, https:\/\/fabriciolima.net\/blog\/wp-content\/uploads\/2019\/08\/WhatsApp-Image-2019-08-26-at-08.35.25-275x206.jpeg 275w, https:\/\/fabriciolima.net\/blog\/wp-content\/uploads\/2019\/08\/WhatsApp-Image-2019-08-26-at-08.35.25-20x15.jpeg 20w, https:\/\/fabriciolima.net\/blog\/wp-content\/uploads\/2019\/08\/WhatsApp-Image-2019-08-26-at-08.35.25.jpeg 1280w\" sizes=\"auto, (max-width: 391px) 100vw, 391px\" \/><\/p>\n<p>&nbsp;<\/p>\n<p>Aguardamos todos voc\u00eas no ano que vem.<\/p>\n<p>Siga nosso\u00a0<a class=\"wpel-icon-left external-link\" href=\"https:\/\/sqlserveres.com.br\/\" target=\"_blank\" rel=\"noopener external noreferrer nofollow\" data-wpel-link=\"external\">site oficial do SQL Server ES<\/a>\u00a0e nossas redes sociais para ficar sabendo dos nossos pr\u00f3ximos eventos.<\/p>\n<p>Abra\u00e7os,<\/p>\n<p>Fabr\u00edcio Lima<\/p>\n<p>Microsoft Data Platform MVP<\/p>\n<p>Consultor e Instrutor SQL Server<\/p>\n<p>Trabalha com SQL Server desde 2006<\/p>\n","protected":false},"excerpt":{"rendered":"<p>Fala Pessoal, No \u00faltimo s\u00e1bado (24\/08\/2019) tivemos mais um evento hist\u00f3rico no Esp\u00edrito Santo. Depois do SQL Day do ano passado que tamb\u00e9m foi muito bom: https:\/\/www.fabriciolima.net\/blog\/2018\/08\/09\/sql-day-es-evento-que-teve-um-impacto-muito-maior-do-que-esperavamos\/ Em 2019, trouxemos para o Esp\u00edrito Santo um evento que acontece em todo o mundo, o SQL Saturday. O evento foi um sucesso! Tivemos uma quebra GIGANTE, mas [&hellip;]<\/p>\n","protected":false},"author":1,"featured_media":0,"comment_status":"open","ping_status":"open","sticky":false,"template":"","format":"standard","meta":{"_exactmetrics_skip_tracking":false,"_exactmetrics_sitenote_active":false,"_exactmetrics_sitenote_note":"","_exactmetrics_sitenote_category":0,"footnotes":""},"categories":[8,12,280],"tags":[1637,104,1538],"class_list":["post-10779","post","type-post","status-publish","format-standard","hentry","category-eventos","category-noticias","category-virtual-pass-br","tag-pass","tag-sqlpass","tag-sqlserveres"],"post_mailing_queue_ids":[],"_links":{"self":[{"href":"https:\/\/fabriciolima.net\/blog\/wp-json\/wp\/v2\/posts\/10779","targetHints":{"allow":["GET"]}}],"collection":[{"href":"https:\/\/fabriciolima.net\/blog\/wp-json\/wp\/v2\/posts"}],"about":[{"href":"https:\/\/fabriciolima.net\/blog\/wp-json\/wp\/v2\/types\/post"}],"author":[{"embeddable":true,"href":"https:\/\/fabriciolima.net\/blog\/wp-json\/wp\/v2\/users\/1"}],"replies":[{"embeddable":true,"href":"https:\/\/fabriciolima.net\/blog\/wp-json\/wp\/v2\/comments?post=10779"}],"version-history":[{"count":13,"href":"https:\/\/fabriciolima.net\/blog\/wp-json\/wp\/v2\/posts\/10779\/revisions"}],"predecessor-version":[{"id":10817,"href":"https:\/\/fabriciolima.net\/blog\/wp-json\/wp\/v2\/posts\/10779\/revisions\/10817"}],"wp:attachment":[{"href":"https:\/\/fabriciolima.net\/blog\/wp-json\/wp\/v2\/media?parent=10779"}],"wp:term":[{"taxonomy":"category","embeddable":true,"href":"https:\/\/fabriciolima.net\/blog\/wp-json\/wp\/v2\/categories?post=10779"},{"taxonomy":"post_tag","embeddable":true,"href":"https:\/\/fabriciolima.net\/blog\/wp-json\/wp\/v2\/tags?post=10779"}],"curies":[{"name":"wp","href":"https:\/\/api.w.org\/{rel}","templated":true}]}}