{"id":10600,"date":"2019-07-03T00:05:09","date_gmt":"2019-07-03T03:05:09","guid":{"rendered":"http:\/\/www.fabriciolima.net\/?p=10600"},"modified":"2019-07-03T08:53:41","modified_gmt":"2019-07-03T11:53:41","slug":"veja-quanta-mudanca-em-apenas-365-dias","status":"publish","type":"post","link":"https:\/\/fabriciolima.net\/blog\/2019\/07\/03\/veja-quanta-mudanca-em-apenas-365-dias\/","title":{"rendered":"5 Anos de #TeamFabricioLima &#8211; Veja quanta mudan\u00e7a em apenas 365 dias"},"content":{"rendered":"<p>Fala Pessoal,<\/p>\n<p>Hoje, <strong>03\/07\/2019<\/strong>, a Fabr\u00edcio Lima Solu\u00e7\u00f5es em BD completa 5 anos de vida mais forte do que nunca!<\/p>\n<p>Ano passado eu escrevi um post bem detalhado com o passo a passo da nossa hist\u00f3ria at\u00e9 o quarto ano de vida. Se ainda n\u00e3o leu, vale a leitura para conhecer a nossa hist\u00f3ria:<\/p>\n<p><a href=\"https:\/\/www.fabriciolima.net\/blog\/2018\/07\/03\/03-07-2018-4-anos-da-fabricio-lima-solucoes-em-bd\/\" target=\"_blank\" rel=\"noopener\">https:\/\/www.fabriciolima.net\/blog\/2018\/07\/03\/03-07-2018-4-anos-da-fabricio-lima-solucoes-em-bd\/<\/a><\/p>\n<p>&nbsp;<\/p>\n<p>Nesse post vou continuar a escrever essa hist\u00f3ria, porque muita coisa mudou nesses \u00faltimos 365 dias.<\/p>\n<p>S\u00f3 para relembrar, fechamos 4 anos de vida com <strong>4 consultores<\/strong>, <strong>165 clientes<\/strong> distintos atendidos e <strong>35 clientes fixos<\/strong> com suporte e monitoramento mensal.<\/p>\n<p>Ent\u00e3o vamos l\u00e1&#8230;.<\/p>\n<h6><strong>Agosto de 2018<\/strong><\/h6>\n<p>Mesmo com os excelentes profissionais que j\u00e1 t\u00ednhamos, queria elevar ainda mais o n\u00edvel da equipe, principalmente para problemas extremamente cr\u00edticos.<\/p>\n<p>Foi a\u00ed que procurei os 2 profissionais que eu mais tirava d\u00favidas de problemas cr\u00edticos. Dois profissionais com um conhecimento diferenciado que todos queriam ter pr\u00f3ximo da sua equipe:<\/p>\n<p>O Nome deles:<strong><a href=\"https:\/\/www.linkedin.com\/in\/fabianoamorim\/\" target=\"_blank\" rel=\"noopener\"> Fabiano Amorim<\/a> e <a href=\"https:\/\/www.linkedin.com\/in\/rodrigoribeirogomes\/\" target=\"_blank\" rel=\"noopener\">Rodrigo Ribeiro<\/a><\/strong><\/p>\n<p>Esses profissionais s\u00e3o fora de s\u00e9rie, est\u00e3o em outro patamar e n\u00f3s n\u00e3o conseguir\u00edamos bancar a contrata\u00e7\u00e3o FULL Time deles naquele momento (quem sabe um dia).<\/p>\n<p>Foi a\u00ed que tive uma ideia&#8230;<\/p>\n<p>Ao inv\u00e9s de procurar o Fabiano ou o Rodrigo com d\u00favidas complexas quando tinha problemas maiores em clientes, porque n\u00e3o remunerar eles e contratar algumas horas por m\u00eas dessas duas feras?<\/p>\n<p>Essa foi uma das melhores decis\u00f5es que tomei no <strong>#TeamFabricioLima<\/strong> .<\/p>\n<p>Esses dois caras al\u00e9m de nos darem uma seguran\u00e7a gigante na chegada de problemas mais complexos, contribu\u00edram demais com o conhecimento t\u00e9cnico dos consultores do time. Al\u00e9m de debatermos internamente os problemas que t\u00ednhamos, fizemos v\u00e1rios treinamentos internos com o Rodrigo e o Fabiano para capacitar nosso time.<\/p>\n<p>O Rodrigo nos salvou v\u00e1rias vezes em problemas complexos (Cluster, PowerShell, SO, Storage, Rede e etc&#8230;). O cara realmente \u00e9 diferenciado. Precisam ver ele e o Fabiano discutindo alguns assuntos no Slack interno. S\u00f3 os 2 se entendiam&#8230;<\/p>\n<p>O Fabiano, mestre dos problemas de performance complexos, tamb\u00e9m nos ajudou a resolver alguns problemas de forma mais r\u00e1pida com seu conhecimento.<\/p>\n<h6><strong>Setembro de 2018<\/strong><\/h6>\n<p>Eu e o nosso consultor<a href=\"https:\/\/www.linkedin.com\/in\/luizvitorlima\/\" target=\"_blank\" rel=\"noopener\"> <strong>Luiz Vitor<\/strong><\/a>\u00a0\u00e9ramos respons\u00e1veis pelas atividades administrativas da empresa at\u00e9 esse momento. S\u00f3 que quanto mais cresc\u00edamos, mais trabalho t\u00ednhamos. In\u00edcio do m\u00eas era uma loucura para gerar e enviar todas as notas\/boletos dos clientes.<\/p>\n<p>Foi a\u00ed que chegou a <a href=\"https:\/\/www.linkedin.com\/in\/fabiana-lima-73ba36173\/\" target=\"_blank\" rel=\"noopener\"><strong>Fabiana Lima<\/strong><\/a> para nos salvar, ela largou um concurso p\u00fablico est\u00e1vel para vir trabalhar conosco.<\/p>\n<p>Colocou ordem na casa e nos liberou MUITO tempo para voltar a focar 100% no t\u00e9cnico e comercial.<\/p>\n<h6><strong>Novembro de 2018<\/strong><\/h6>\n<p>Em novembro de 2018 contratamos o quinto elemento do TeamFabricioLima e essa contra\u00e7\u00e3o mudou os rumos da empresa de uma forma impressionante!!!<\/p>\n<p>A m\u00e1quina de fazer posts e compartilhar conhecimento chegava ao <strong>#TeamFabricioLima<\/strong>.<\/p>\n<p>O nome dele: <a href=\"https:\/\/www.linkedin.com\/in\/dirceuresende\/\" target=\"_blank\" rel=\"noopener\"><strong>Dirceu Resende<\/strong><\/a><\/p>\n<p>Logo de cara, com a proatividade de sempre, criou um check-up de seguran\u00e7a sensacional que utilizamos em nossos clientes.\u00a0Inclusive ele disponibilizou esse Check-up gr\u00e1tis para a comunidade:<\/p>\n<p><a href=\"https:\/\/www.dirceuresende.com\/blog\/sql-server-checklist-de-seguranca-uma-sp-com-mais-de-70-itens-de-seguranca-para-validar-seu-banco-de-dados\/\" target=\"_blank\" rel=\"noopener\">https:\/\/www.dirceuresende.com\/blog\/sql-server-checklist-de-seguranca-uma-sp-com-mais-de-70-itens-de-seguranca-para-validar-seu-banco-de-dados\/<\/a><\/p>\n<p>E tamb\u00e9m deu um UP em nossos scripts de check-up gr\u00e1tis do BD dos clientes:<\/p>\n<p><a href=\"https:\/\/www.fabriciolima.net\/consultoria-remota\/check-up-gratuito-do-seu-sql-server\/\" target=\"_blank\" rel=\"noopener\">https:\/\/www.fabriciolima.net\/consultoria-remota\/check-up-gratuito-do-seu-sql-server\/<\/a><\/p>\n<p>Esse Check-up sem custos faz sucesso at\u00e9 hoje com os clientes. Caso ainda n\u00e3o tenha feito, entre em contato!<\/p>\n<p>Foi em uma viagem ao <strong>Microsoft Ignite<\/strong> em <strong>Dezembro de 2018,\u00a0<\/strong>que Eu e o Dirceu decidimos finalmente investir em nosso projeto de cursos ONLINE com profissionais refer\u00eancia e um valor acess\u00edvel para alcan\u00e7ar mais e mais pessoas pelo Brasil a fora (inclusive profissionais de outros pa\u00edses que falam portugu\u00eas).<\/p>\n<p>Atrasamos um pouco, mas em <strong>Mar\u00e7o<\/strong> nasceu a<a href=\"https:\/\/cursos.fabriciolima.net\" target=\"_blank\" rel=\"noopener\"> <strong>Plataforma de Cursos<\/strong><\/a> do <strong>#TeamFabricioLima<\/strong>.<\/p>\n<p>Temos o curso mais avan\u00e7ado de SQL Server dispon\u00edvel no Brasil, o <strong>SQL Server Internals do Fabiano Amorim<\/strong>.<\/p>\n<p>Imperd\u00edvel: <a href=\"https:\/\/cursos.fabriciolima.net\/\" target=\"_blank\" rel=\"noopener\">https:\/\/cursos.fabriciolima.net\/<\/a><\/p>\n<p>As mudan\u00e7as que o Dirceu trouxe ainda n\u00e3o tinham acabado&#8230;<\/p>\n<p>O <strong>Dirceu Resende<\/strong> trouxe com ele todo um conhecimento e experi\u00eancia de BI que nos proporcionou criar essa nova \u00e1rea na empresa. Ent\u00e3o come\u00e7amos a oferecer esse servi\u00e7o aos clientes e em 2019 nosso BI j\u00e1 deu um BOOM grande que falarei sobre isso daqui a pouco.<\/p>\n<h6><strong>Fevereiro e Mar\u00e7o de 2019<\/strong><\/h6>\n<p>O ano virou, os clientes continuavam chegando e precis\u00e1vamos crescer.<\/p>\n<p>Abrimos um processo seletivo para 1 vaga de DBA J\u00fanior.<\/p>\n<p>Recebemos mais de 100 curr\u00edculos de profissionais querendo se juntar ao <strong>#TeamFabricioLima<\/strong>. Durante o processo seletivo chegaram mais clientes e decidimos contratar 2 profissionais de uma vez s\u00f3.<\/p>\n<p>Nesse momento chegavam para o Time a <a href=\"https:\/\/www.linkedin.com\/in\/danyeleoliveira\/\" target=\"_blank\" rel=\"noopener\"><strong>Dany<\/strong><\/a>, DBA que trabalha em S\u00e3o Paulo e o <a href=\"https:\/\/www.linkedin.com\/in\/diegobernardesprado\/\" target=\"_blank\" rel=\"noopener\"><strong>Diego<\/strong> <\/a>, que trabalha em Bras\u00edlia.<\/p>\n<p>Os dois est\u00e3o evoluindo a cada dia e se tornando cada vez mais pe\u00e7as importantes em nosso time.<\/p>\n<p>&nbsp;<\/p>\n<p>Nossos projetos de BI estavam come\u00e7ando a chegar e Dirceu j\u00e1 precisava de ajuda. Foi a\u00ed que ele mesmo indicou um cabra que estava viajando o Brasil todo compartilhando conte\u00fado sobre Power BI, al\u00e9m de realizar lives e mais lives para a comunidade.<\/p>\n<p>O nome dele: <a href=\"https:\/\/www.linkedin.com\/in\/rafaelmpsantos\/\" target=\"_blank\" rel=\"noopener\"><strong>Rafael Mendon\u00e7a<\/strong><\/a><\/p>\n<p>Pouco tempo depois o Rafael se tornou MVP em Data Platform. <strong>Sensacional!<\/strong><\/p>\n<p>Era o que o Dirceu precisava, outro Consultor de BI com um conhecimento acima da m\u00e9dia para compartilhar ideias e discutir melhores pr\u00e1ticas de projetos. Os dois se completam tecnicamente e s\u00e3o as pe\u00e7as fundamentais de nosso time de BI hoje.<\/p>\n<p>Rafael tamb\u00e9m foi muito importante para a concretiza\u00e7\u00e3o da nossa parceria com os <a href=\"https:\/\/planilheiros.com.br\/\" target=\"_blank\" rel=\"noopener\"><strong>Planilheiros<\/strong><\/a> meses depois.<\/p>\n<p>&nbsp;<\/p>\n<p>J\u00e1 t\u00ednhamos DBA, come\u00e7amos a ter BI, mas os clientes estavam solicitando demandas que envolviam Azure.<\/p>\n<p>Da\u00ed surgiu uma parceria com o <a href=\"https:\/\/www.linkedin.com\/in\/rsantosdev\/\" target=\"_blank\" rel=\"noopener\"><strong>Rafael dos Santos<\/strong><\/a>,<strong> MVP em Microsoft Azure,<\/strong> que passou a pegar todas as demandas que t\u00ednhamos de Azure com nossos clientes.<\/p>\n<p>J\u00e1 que \u00e9 para atender Azure, que seja com algum profissional Top de Linha como o MVP Rafael dos Santos para manter o n\u00edvel alto de entrega do nosso time.<\/p>\n<p>Com o Rafael dos Santos, hoje j\u00e1 conseguimos migrar\/configurar a conta da sua empresa no Azure, faturar em reais e te ajudar como um parceiro de Azure, tanto no uso dos produtos como na aquisi\u00e7\u00e3o de licen\u00e7as Microsoft.<\/p>\n<p>&nbsp;<\/p>\n<h6><strong>Maio de 2019 &#8211; Parceria com os Planilheiros<\/strong><\/h6>\n<p><img loading=\"lazy\" decoding=\"async\" class=\" wp-image-10513 aligncenter\" src=\"https:\/\/fabriciolima.net\/blog\/wp-content\/uploads\/2019\/05\/Soupowertuning2.jpeg\" alt=\"\" width=\"243\" height=\"269\" srcset=\"https:\/\/fabriciolima.net\/blog\/wp-content\/uploads\/2019\/05\/Soupowertuning2.jpeg 570w, https:\/\/fabriciolima.net\/blog\/wp-content\/uploads\/2019\/05\/Soupowertuning2-271x300.jpeg 271w, https:\/\/fabriciolima.net\/blog\/wp-content\/uploads\/2019\/05\/Soupowertuning2-410x454.jpeg 410w, https:\/\/fabriciolima.net\/blog\/wp-content\/uploads\/2019\/05\/Soupowertuning2-100x111.jpeg 100w, https:\/\/fabriciolima.net\/blog\/wp-content\/uploads\/2019\/05\/Soupowertuning2-275x304.jpeg 275w, https:\/\/fabriciolima.net\/blog\/wp-content\/uploads\/2019\/05\/Soupowertuning2-18x20.jpeg 18w\" sizes=\"auto, (max-width: 243px) 100vw, 243px\" \/><\/p>\n<p>O <a href=\"https:\/\/www.linkedin.com\/in\/ruylacerda\/\" target=\"_blank\" rel=\"noopener\">Ruy<\/a> e <a href=\"https:\/\/www.linkedin.com\/in\/garciamartins\/\" target=\"_blank\" rel=\"noopener\">Garcia<\/a> dos <a href=\"https:\/\/www.linkedin.com\/in\/planilheiros-brasil-698007123\/\" target=\"_blank\" rel=\"noopener\">Planilheiros<\/a> me chamaram para conversar esse ano sobre uma poss\u00edvel parceria.<\/p>\n<p>N\u00e3o dava nem para acreditar direito, mas os caras do maior canal de Power BI do Brasil, que j\u00e1 treinaram mais de 5 mil profissionais, tinham me chamado para ser o bra\u00e7o de consultoria dos Planilheiros.<\/p>\n<p>WOW!!!<\/p>\n<p>Eles podiam escolher qualquer empresa, inclusive receberam convites de algumas para fazer essa parceria, mas escolheram o <strong>TeamFabricioLima<\/strong> para formalizar essa parceria. Sem palavras&#8230;<\/p>\n<p>Claro que se fosse s\u00f3 o Fabr\u00edcio Lima, isso n\u00e3o seria poss\u00edvel. Essa parceria se tornou poss\u00edvel devido aos nossos dois consultores de BI e MVPs em Data Platform:\u00a0<strong>Dirceu Resende e Rafael Mendon\u00e7a.<\/strong><\/p>\n<p>Os dois inclusive passaram a fazer parte do canal dos planilheiros e acrescentando conte\u00fados de BI de Ponta a Ponta para o canal.<\/p>\n<p>Segue nossa live de apresenta\u00e7\u00e3o:<\/p>\n<p><iframe loading=\"lazy\" width=\"1170\" height=\"658\" src=\"https:\/\/www.youtube.com\/embed\/5l7ebN5TNUg?feature=oembed\" frameborder=\"0\" allow=\"accelerometer; autoplay; encrypted-media; gyroscope; picture-in-picture\" allowfullscreen><\/iframe><\/p>\n<p>&nbsp;<\/p>\n<h6><strong>Junho de 2019<\/strong><\/h6>\n<p>As demandas de BI come\u00e7aram a aparecer com mais frequ\u00eancia, foi a\u00ed que o Dirceu indicou mais um consultor de confian\u00e7a para nosso Time. Passamos a contar com o trabalho do <a href=\"https:\/\/www.linkedin.com\/in\/leandro-lima-ab290a90\/\" target=\"_blank\" rel=\"noopener\"><strong>Leandro Lima<\/strong><\/a> que j\u00e1 veio com muita experi\u00eancia na \u00e1rea e, com isso, j\u00e1 chegou assumindo alguns trabalhos sozinho e recebendo elogios dos clientes.<\/p>\n<p>&nbsp;<\/p>\n<p>Ainda para fortalecer o time de BI, contratamos o consultor o <strong>Danilo Amorim<\/strong> para nos ajudar nessa jornada de implanta\u00e7\u00e3o de BI nos clientes.<\/p>\n<p>&nbsp;<\/p>\n<p>Tamb\u00e9m j\u00e1 fechamos a contrata\u00e7\u00e3o de mais uma Consultora de BI que ser\u00e1 anunciada em breve. O nome dessa pessoa fica para o post do ano que vem.<\/p>\n<p>&nbsp;<\/p>\n<p>O Time de DBA tamb\u00e9m cresceu em Junho.<\/p>\n<p>Em 2014 eu contratei uma DBA que ainda estava come\u00e7ando para fazer parte do meu time de DBA no Grupo Dadalto junto com o <a href=\"https:\/\/www.linkedin.com\/in\/tiago-neves-dba\/\" target=\"_blank\" rel=\"noopener\">Tiago Neves<\/a>, que tamb\u00e9m era meu DBA l\u00e1.<\/p>\n<p>Essa pessoa foi para SP ganhar mais conhecimento e experi\u00eancia com passagens por grandes empresas de l\u00e1.<\/p>\n<p>E em Junho de 2019, finalmente consegui contrat\u00e1-la de volta, agora para o\u00a0<a class=\"_58cn\" href=\"https:\/\/www.facebook.com\/hashtag\/teamfabriciolima?source=feed_text&amp;epa=HASHTAG&amp;__xts__%5B0%5D=68.ARAt7xGFmdwii_ejdp1c-HvXAWhwPGKXB81t0XHM991lDgYrotfmDT13mWsl2kYIf6Bx-gVk6ufkGMkimzf7O1rRERta0jbDclqFWZl9en6inh3Ql1nJSYnfCa5snNYkxruKdQZfxVTLbkfU28ERROCZXUitIYAF0CgHGSjyM6LyQWoFZ2pfgCDopod5YP6Vw19AW_qPZTavuR1kK-D2xaR0TwpJ8exDfzCdiZEMcOI2k4ff7SNaQz4tyBv6zCYkD0X7fnYmglTnw_J0LSBviklJwAgupLIkbdq3mtG5rz0JFbqLDugXykkEEjTDRzcPeNd6cyBpxZ6pK8pM1s18WLM-JA&amp;__tn__=%2ANK-R\" data-ft=\"{&quot;type&quot;:104,&quot;tn&quot;:&quot;*N&quot;}\"><span class=\"_5afx\"><span class=\"_58cl _5afz\" aria-label=\"hashtag\">#<\/span><span class=\"_58cm\">TeamFabricioLima<\/span><\/span><\/a>\u00a0!<\/p>\n<p>O nome dela:<a href=\"https:\/\/www.linkedin.com\/in\/carolinegoltara\/\" target=\"_blank\" rel=\"noopener\"><strong> Caroline Goltara<\/strong><\/a><\/p>\n<div class=\"text_exposed_show\">\n<p>&nbsp;<\/p>\n<\/div>\n<h6><strong>Microsoft Partner Gold<\/strong><\/h6>\n<p><img loading=\"lazy\" decoding=\"async\" class=\"wp-image-10598 aligncenter\" src=\"https:\/\/fabriciolima.net\/blog\/wp-content\/uploads\/2019\/06\/gold_partner.jpg\" alt=\"\" width=\"226\" height=\"226\" srcset=\"https:\/\/fabriciolima.net\/blog\/wp-content\/uploads\/2019\/06\/gold_partner.jpg 800w, https:\/\/fabriciolima.net\/blog\/wp-content\/uploads\/2019\/06\/gold_partner-300x300.jpg 300w, https:\/\/fabriciolima.net\/blog\/wp-content\/uploads\/2019\/06\/gold_partner-150x150.jpg 150w, https:\/\/fabriciolima.net\/blog\/wp-content\/uploads\/2019\/06\/gold_partner-768x768.jpg 768w, https:\/\/fabriciolima.net\/blog\/wp-content\/uploads\/2019\/06\/gold_partner-700x700.jpg 700w, https:\/\/fabriciolima.net\/blog\/wp-content\/uploads\/2019\/06\/gold_partner-410x410.jpg 410w, https:\/\/fabriciolima.net\/blog\/wp-content\/uploads\/2019\/06\/gold_partner-100x100.jpg 100w, https:\/\/fabriciolima.net\/blog\/wp-content\/uploads\/2019\/06\/gold_partner-275x275.jpg 275w, https:\/\/fabriciolima.net\/blog\/wp-content\/uploads\/2019\/06\/gold_partner-20x20.jpg 20w\" sizes=\"auto, (max-width: 226px) 100vw, 226px\" \/><\/p>\n<p>Duas semanas atr\u00e1s nos tornamos Microsoft Gold Partner, um grande marco para nossa empresa que agora passa a ficar no radar de grandes projetos indicados pela Microsoft. Certamente\u00a0esse selo de Partner Gold da Microsoft vai contribuir muito para os n\u00fameros do ano que vem.<\/p>\n<h6><strong>Microsoft Most Valuable Professional<\/strong><\/h6>\n<p>Entre consultores e parceiros, hoje j\u00e1 temos 7 Microsoft MVPs em nossa equipe dispon\u00edveis para nos ajudar em nossos projetos de Consultoria de DBA, BI e Azure com nossos clientes:<\/p>\n<ul>\n<li>Fabricio Lima<\/li>\n<li>Dirceu Resende<\/li>\n<li>Rafael Mendon\u00e7a<\/li>\n<li>Rafael dos Santos<\/li>\n<li>Fabiano Amorim<\/li>\n<li>Ruy Lacerda<\/li>\n<li>Fernando Garcia<\/li>\n<\/ul>\n<p>Quem sabe ano que vem esse n\u00famero n\u00e3o aumenta???<\/p>\n<p><iframe loading=\"lazy\" width=\"1170\" height=\"878\" src=\"https:\/\/www.youtube.com\/embed\/HDfAiwXrK6g?feature=oembed\" frameborder=\"0\" allow=\"accelerometer; autoplay; encrypted-media; gyroscope; picture-in-picture\" allowfullscreen><\/iframe><\/p>\n<h6><strong>O que vem pelo pr\u00f3ximo ano Fabr\u00edcio?<\/strong><\/h6>\n<p>Tanta coisa mudou em apenas um ano que n\u00e3o consigo imaginar como estaremos no dia 03\/07\/2020.<\/p>\n<p>Mas&#8230;\u00a0 J\u00e1 consigo adiantar que ainda no m\u00eas de Julho de 2019 teremos mais uma contrata\u00e7\u00e3o bomb\u00e1stica para o <strong>#TeamFabricioLima<\/strong> !!!<\/p>\n<p>Essa pessoa a\u00ed vai elevar MUITO o n\u00edvel t\u00e9cnico da nossa empresa e certamente nos trar\u00e1 novas ideias e direcionamentos que contarei para voc\u00eas daqui \u00e0 365 dias.<\/p>\n<p><strong>KEEP CALM AND aguardem novidades&#8230;<\/strong><\/p>\n<p>&nbsp;<\/p>\n<p><strong>Relembrando:<\/strong><\/p>\n<ul>\n<li>Fechamos 4 anos de vida com <strong>4 consultores<\/strong>, <strong>165 clientes<\/strong> distintos atendidos e <strong>35 clientes fixos<\/strong> com suporte e monitoramento mensal.<\/li>\n<li>Agora com 5 anos temos <strong>14 consultores<\/strong>, <strong>219 clientes<\/strong> distintos atendidos e <strong>49 clientes fixos<\/strong> com suporte e monitoramento mensal.<\/li>\n<\/ul>\n<p>&nbsp;<\/p>\n<p>\u00c9 isso ai pessoal, muito obrigado a todas as mensagens que recebemos a cada conquista que realizamos em nossa empresa.<\/p>\n<p>Quem sabe daqui uns 20 anos esses posts com o hist\u00f3rico da empresa n\u00e3o viram um livro???<\/p>\n<p>Nunca sabemos o dia de amanh\u00e3&#8230;<\/p>\n<p>Vamos que vamos para mais 365 dias de muito trabalho com esse grande Time.<\/p>\n<p><strong>GO GO GO #TeamFabricioLima !!!!!<\/strong><\/p>\n<p>Abra\u00e7os,<\/p>\n<p>Fabr\u00edcio Lima<\/p>\n<p>Microsoft Data Platform MVP<\/p>\n<p>CEO do TeamFabricioLima<\/p>\n<p>Trabalha com SQL Server desde 2006<\/p>\n","protected":false},"excerpt":{"rendered":"<p>Fala Pessoal, Hoje, 03\/07\/2019, a Fabr\u00edcio Lima Solu\u00e7\u00f5es em BD completa 5 anos de vida mais forte do que nunca! Ano passado eu escrevi um post bem detalhado com o passo a passo da nossa hist\u00f3ria at\u00e9 o quarto ano de vida. Se ainda n\u00e3o leu, vale a leitura para conhecer a nossa hist\u00f3ria: https:\/\/www.fabriciolima.net\/blog\/2018\/07\/03\/03-07-2018-4-anos-da-fabricio-lima-solucoes-em-bd\/ [&hellip;]<\/p>\n","protected":false},"author":1,"featured_media":0,"comment_status":"open","ping_status":"open","sticky":false,"template":"","format":"standard","meta":{"_exactmetrics_skip_tracking":false,"_exactmetrics_sitenote_active":false,"_exactmetrics_sitenote_note":"","_exactmetrics_sitenote_category":0,"footnotes":""},"categories":[332,5,942,991,8,12],"tags":[1721,331,1723,941,23,993,30,789,1722,1540,1720],"class_list":["post-10600","post","type-post","status-publish","format-standard","hentry","category-business-intelligence","category-carreira","category-consultoria-sql-server","category-dba-remoto","category-eventos","category-noticias","tag-5anos","tag-bi","tag-bi-microsoft","tag-consultoria","tag-dba","tag-dba-remoto-2","tag-microsoft","tag-mvp","tag-planilheiros","tag-power-bi","tag-teamfabriciolima"],"post_mailing_queue_ids":[],"_links":{"self":[{"href":"https:\/\/fabriciolima.net\/blog\/wp-json\/wp\/v2\/posts\/10600","targetHints":{"allow":["GET"]}}],"collection":[{"href":"https:\/\/fabriciolima.net\/blog\/wp-json\/wp\/v2\/posts"}],"about":[{"href":"https:\/\/fabriciolima.net\/blog\/wp-json\/wp\/v2\/types\/post"}],"author":[{"embeddable":true,"href":"https:\/\/fabriciolima.net\/blog\/wp-json\/wp\/v2\/users\/1"}],"replies":[{"embeddable":true,"href":"https:\/\/fabriciolima.net\/blog\/wp-json\/wp\/v2\/comments?post=10600"}],"version-history":[{"count":16,"href":"https:\/\/fabriciolima.net\/blog\/wp-json\/wp\/v2\/posts\/10600\/revisions"}],"predecessor-version":[{"id":10654,"href":"https:\/\/fabriciolima.net\/blog\/wp-json\/wp\/v2\/posts\/10600\/revisions\/10654"}],"wp:attachment":[{"href":"https:\/\/fabriciolima.net\/blog\/wp-json\/wp\/v2\/media?parent=10600"}],"wp:term":[{"taxonomy":"category","embeddable":true,"href":"https:\/\/fabriciolima.net\/blog\/wp-json\/wp\/v2\/categories?post=10600"},{"taxonomy":"post_tag","embeddable":true,"href":"https:\/\/fabriciolima.net\/blog\/wp-json\/wp\/v2\/tags?post=10600"}],"curies":[{"name":"wp","href":"https:\/\/api.w.org\/{rel}","templated":true}]}}