{"id":1036,"date":"2011-10-03T23:23:18","date_gmt":"2011-10-04T01:23:18","guid":{"rendered":"http:\/\/fabriciolima.net\/blog\/?p=1036"},"modified":"2016-07-23T23:28:54","modified_gmt":"2016-07-24T02:28:54","slug":"teched-brasil-2011-e-community-zone-2011","status":"publish","type":"post","link":"https:\/\/fabriciolima.net\/blog\/2011\/10\/03\/teched-brasil-2011-e-community-zone-2011\/","title":{"rendered":"Teched Brasil 2011 e Community Zone 2011"},"content":{"rendered":"<p>Fala pessoal,<\/p>\n<p>Ap\u00f3s dias intensos no fim de semana passado, hoje come\u00e7aram a sair alguns posts da comunidade sobre as impress\u00f5es do Teched 2011 e do Community Zone 2011. Vou tentar descrever brevemente sobre minha experi\u00eancia nesses eventos.<\/p>\n<p><strong>Teched 2011<\/strong>:<\/p>\n<p>Pontos Positivos<\/p>\n<ul>\n<li>Tivemos 2 dias intensos de palestras que terminavam por volta das 20 horas. Com isso, o dia foi muito bem aproveitado.<\/li>\n<li>A estrutura do evento \u00e9 excelente. O local e a alimenta\u00e7\u00e3o n\u00e3o deixaram nada a desejar.<\/li>\n<li>As palestras sempre come\u00e7avam pontualmente.<\/li>\n<li>Apesar de termos poucas palestras n\u00edveis 400, as que tiveram foram realmente boas.<\/li>\n<li>Encontrei praticamente todos os profissionais da minha \u00e1rea que estavam participando do evento.<\/li>\n<li>Os conhecimentos adquiridos nas conversas de corredor valeram como algumas palestras extras. Muitas experiencias trocadas com DBA&#8217;s de todos os cantos do pa\u00eds.<\/li>\n<\/ul>\n<p>Pontos Negativos<\/p>\n<ul>\n<li>As cadeiras das salas das palestras eram muito pr\u00f3ximas uma das outras, o que fazia voc\u00ea perder um pouco da aten\u00e7\u00e3o das palestras devido ao desconforto de ter duas pessoas coladas em voc\u00ea.<\/li>\n<li>Tive algumas palestras que n\u00e3o me agregaram muito conhecimento devido ao n\u00edvel ter sido muito b\u00e1sico. Assim, qualquer pessoa poderia pegar o conte\u00fado da palestra em casa e aprender sozinho sobre o assunto.<\/li>\n<li>Apesar de ter sido bom ter muitas palestras durante o dia, um ponto negativo \u00e9 que n\u00e3o consegu\u00edamos tirar muitas d\u00favidas com os palestrantes pois eles tinham que ir correndo para outras palestras e as salas tinham que ser liberadas. A organiza\u00e7\u00e3o me pediu para se retirar da sala umas duas vezes para que eles preparacem a mesma para a pr\u00f3xima palestra.<\/li>\n<li>A General Session poderia ser menor pois ficamos uma grande parte das 3 horas de dura\u00e7\u00e3o vendo informa\u00e7\u00f5es sobre tecnologias que n\u00e3o s\u00e3o de nosso interesse naquele momento. Nesse tempo poder\u00edamos ter mais uma palestra para poder assistir.<\/li>\n<\/ul>\n<p>O <strong>Community Zone<\/strong> foi muito bom!!! Tivemos uma tremenda troca de experi\u00eancia com os profissionais da \u00e1rea. Fizemos uma mesa redonda onde estavam todos os profissionais de SQL Server presentes no evento para discutir assuntos relacionados a comunidade. Tinham DBA&#8217;s desde Natal at\u00e9 o Rio Grande do Sul. Eu me senti at\u00e9 importante naquela mesa, s\u00f3 tinha fera!!!<\/p>\n<p>Segue uma foto com a galera de SQL Server (infelizmente alguns n\u00e3o sa\u00edram na foto):<\/p>\n<p><a href=\"https:\/\/www.fabriciolima.net\/blog\/wp-content\/uploads\/2011\/10\/cz2011.jpg\"><img loading=\"lazy\" decoding=\"async\" class=\"aligncenter size-medium wp-image-1037\" title=\"cz2011\" src=\"https:\/\/www.fabriciolima.net\/blog\/wp-content\/uploads\/2011\/10\/cz2011-300x225.jpg\" alt=\"\" width=\"400\" height=\"301\" srcset=\"https:\/\/fabriciolima.net\/blog\/wp-content\/uploads\/2011\/10\/cz2011-300x225.jpg 300w, https:\/\/fabriciolima.net\/blog\/wp-content\/uploads\/2011\/10\/cz2011-700x525.jpg 700w, https:\/\/fabriciolima.net\/blog\/wp-content\/uploads\/2011\/10\/cz2011-410x308.jpg 410w, https:\/\/fabriciolima.net\/blog\/wp-content\/uploads\/2011\/10\/cz2011-100x75.jpg 100w, https:\/\/fabriciolima.net\/blog\/wp-content\/uploads\/2011\/10\/cz2011-275x206.jpg 275w, https:\/\/fabriciolima.net\/blog\/wp-content\/uploads\/2011\/10\/cz2011-20x15.jpg 20w, https:\/\/fabriciolima.net\/blog\/wp-content\/uploads\/2011\/10\/cz2011.jpg 720w\" sizes=\"auto, (max-width: 400px) 100vw, 400px\" \/><\/a><\/p>\n<p>Segue tamb\u00e9m outras opini\u00f5es muito boas sobre esses eventos:<\/p>\n<p>Vladimir Magalh\u00e3es (<a href=\"http:\/\/twitter.com\/#!\/magalhaesv\" target=\"_blank\">Twitter<\/a>): <a href=\"http:\/\/magalhaesv.wordpress.com\/2011\/10\/03\/microsoft-teched-2011\/\" target=\"_blank\">Microsoft Teched 2011<\/a><\/p>\n<p>Luan Moreno (<a href=\"http:\/\/twitter.com\/#!\/luansql\" target=\"_blank\">Twitter<\/a>): <a href=\"http:\/\/luanmorenodba.wordpress.com\/2011\/10\/03\/community-zone-2011\/\" target=\"_blank\">Community Zone 2011<\/a><\/p>\n<p>Espero todos voc\u00eas no SQLSAT de n\u00famero 100 que acontecer\u00e1 em novembro em S\u00e3o Paulo.<\/p>\n<p><b>Gostou desse Post?<\/b><\/p>\n<p>Cadastre seu e-mail para receber novos Posts e curta minha <a href=\"https:\/\/www.facebook.com\/FabricioLimaSolucoesemBancodeDados\/\" target=\"_blank\">P\u00e1gina no Facebook<\/a> para receber Dicas de Leituras e Eventos sobre SQL Server.<\/p>\n<p>Abra\u00e7os,<\/p>\n<p>Fabr\u00edcio Lima<\/p>\n<p>MCITP \u2013 Database Administrator<\/p>\n<p>Consultor e Instrutor SQL Server<\/p>\n<p>Trabalha com SQL Server desde 2006<\/p>\n","protected":false},"excerpt":{"rendered":"<p>Fala pessoal, Ap\u00f3s dias intensos no fim de semana passado, hoje come\u00e7aram a sair alguns posts da comunidade sobre as impress\u00f5es do Teched 2011 e do Community Zone 2011. Vou tentar descrever brevemente sobre minha experi\u00eancia nesses eventos. Teched 2011: Pontos Positivos Tivemos 2 dias intensos de palestras que terminavam por volta das 20 horas. [&hellip;]<\/p>\n","protected":false},"author":1,"featured_media":0,"comment_status":"open","ping_status":"open","sticky":false,"template":"","format":"standard","meta":{"_exactmetrics_skip_tracking":false,"_exactmetrics_sitenote_active":false,"_exactmetrics_sitenote_note":"","_exactmetrics_sitenote_category":0,"footnotes":""},"categories":[5,8],"tags":[5,434,435,23,431,432,30,348,33,428,430,429,433],"class_list":["post-1036","post","type-post","status-publish","format-standard","hentry","category-carreira","category-eventos","tag-carreira","tag-community-zone-2011","tag-cz2011","tag-dba","tag-evento-microsoft","tag-evento-sql-server","tag-microsoft","tag-palestras-sql-server","tag-sql-server","tag-teched","tag-teched-brasil","tag-techedbr","tag-treinamento"],"post_mailing_queue_ids":[],"_links":{"self":[{"href":"https:\/\/fabriciolima.net\/blog\/wp-json\/wp\/v2\/posts\/1036","targetHints":{"allow":["GET"]}}],"collection":[{"href":"https:\/\/fabriciolima.net\/blog\/wp-json\/wp\/v2\/posts"}],"about":[{"href":"https:\/\/fabriciolima.net\/blog\/wp-json\/wp\/v2\/types\/post"}],"author":[{"embeddable":true,"href":"https:\/\/fabriciolima.net\/blog\/wp-json\/wp\/v2\/users\/1"}],"replies":[{"embeddable":true,"href":"https:\/\/fabriciolima.net\/blog\/wp-json\/wp\/v2\/comments?post=1036"}],"version-history":[{"count":0,"href":"https:\/\/fabriciolima.net\/blog\/wp-json\/wp\/v2\/posts\/1036\/revisions"}],"wp:attachment":[{"href":"https:\/\/fabriciolima.net\/blog\/wp-json\/wp\/v2\/media?parent=1036"}],"wp:term":[{"taxonomy":"category","embeddable":true,"href":"https:\/\/fabriciolima.net\/blog\/wp-json\/wp\/v2\/categories?post=1036"},{"taxonomy":"post_tag","embeddable":true,"href":"https:\/\/fabriciolima.net\/blog\/wp-json\/wp\/v2\/tags?post=1036"}],"curies":[{"name":"wp","href":"https:\/\/api.w.org\/{rel}","templated":true}]}}