{"id":10189,"date":"2019-02-08T07:29:07","date_gmt":"2019-02-08T09:29:07","guid":{"rendered":"http:\/\/www.fabriciolima.net\/?p=10189"},"modified":"2019-02-08T15:11:55","modified_gmt":"2019-02-08T17:11:55","slug":"mvp-conference-latam-2019","status":"publish","type":"post","link":"https:\/\/fabriciolima.net\/blog\/2019\/02\/08\/mvp-conference-latam-2019\/","title":{"rendered":"MVP Conference LATAM 2019"},"content":{"rendered":"<p><img loading=\"lazy\" decoding=\"async\" class=\" wp-image-10191 aligncenter\" src=\"https:\/\/fabriciolima.net\/blog\/wp-content\/uploads\/2019\/02\/MVPconf2019_1.png\" alt=\"\" width=\"589\" height=\"195\" srcset=\"https:\/\/fabriciolima.net\/blog\/wp-content\/uploads\/2019\/02\/MVPconf2019_1.png 737w, https:\/\/fabriciolima.net\/blog\/wp-content\/uploads\/2019\/02\/MVPconf2019_1-300x99.png 300w, https:\/\/fabriciolima.net\/blog\/wp-content\/uploads\/2019\/02\/MVPconf2019_1-700x232.png 700w, https:\/\/fabriciolima.net\/blog\/wp-content\/uploads\/2019\/02\/MVPconf2019_1-410x136.png 410w, https:\/\/fabriciolima.net\/blog\/wp-content\/uploads\/2019\/02\/MVPconf2019_1-100x33.png 100w, https:\/\/fabriciolima.net\/blog\/wp-content\/uploads\/2019\/02\/MVPconf2019_1-275x91.png 275w, https:\/\/fabriciolima.net\/blog\/wp-content\/uploads\/2019\/02\/MVPconf2019_1-20x7.png 20w\" sizes=\"auto, (max-width: 589px) 100vw, 589px\" \/><\/p>\n<p>Fala Pessoal, tudo certo?<\/p>\n<p>Ano passado aconteceu o primeiro MVP Conference, que levou 1.000 pessoas para a UNIP em S\u00e3o Paulo. Foi sensacional!<\/p>\n<p>Esse ano estamos mais ousados&#8230; O evento cresceu, mudou de local, contar\u00e1 com o apoio de MVPs de pa\u00edses vizinhos e temos uma meta de levar 2.000 pessoas nesse evento!!! Bora?<\/p>\n<p><strong>Quando e onde ser\u00e1 o evento Fabr\u00edcio?<\/strong><\/p>\n<p>O evento acontecer\u00e1 nos dias 12 e 13 de Abril na Universidade Anhembi Morumbi &#8211; S\u00e3o Paulo.<\/p>\n<p><strong>Esse \u00e9 um evento s\u00f3 de SQL Server?<\/strong><\/p>\n<p>N\u00e3o. O evento envolve MVPs de todas as categorias. Ou seja, se voc\u00ea trabalha com Tecnologia, vai ter uma palestra boa para te agregar novos conhecimentos.<\/p>\n<p>N\u00e3o \u00e9 da TI da sua empresa? O t\u00e3o amado Power BI tamb\u00e9m estar\u00e1 l\u00e1. Aproveite tamb\u00e9m!<\/p>\n<p>As palestras podem ser encontradas no site: <a href=\"https:\/\/www.mvpconf.com.br\/\" target=\"_blank\" rel=\"noopener\">Palestras MVPconf<\/a><\/p>\n<p>Al\u00e9m das palestras, t\u00eam-se outra grande oportunidade de Networking para sua carreira.<\/p>\n<p><strong>Como posso me inscrever?\u00a0<\/strong><\/p>\n<p>Segue o link de inscri\u00e7\u00e3o: <a href=\"https:\/\/www.mvpconf.com.br\/\" target=\"_blank\" rel=\"noopener\">Inscri\u00e7\u00e3o MVPconf<\/a><\/p>\n<p><strong>Mas Fabr\u00edcio, \u00e9 pago? Evento de MVP n\u00e3o deveria ser gr\u00e1tis?<\/strong><\/p>\n<p>Al\u00e9m de ajudar voc\u00eas com conhecimento, tamb\u00e9m queremos ao mesmo tempo ajudar institui\u00e7\u00f5es de caridade. Toda verba do evento ser\u00e1 destinada a institui\u00e7\u00f5es. Os palestrantes de v\u00e1rios lugares do Brasil v\u00e3o arcar com seus pr\u00f3prios custos de hospedagem e passagem para estar presente nesse evento.<\/p>\n<p>Ningu\u00e9m vai ficar rico com o dinheiro dos ingressos.<\/p>\n<p>Conto com voc\u00eas para bater nossa meta ousada de <strong>2.000 participantes<\/strong>!!! Al\u00e9m de n\u00f3s, as institui\u00e7\u00f5es ficar\u00e3o muito felizes com sua presen\u00e7a.<\/p>\n<p><strong>Fabr\u00edcio, gosto do seu blog, vou conseguir te encontrar l\u00e1 para te conhecer pessoalmente?<\/strong><\/p>\n<p>Yes!!! Vou fazer uma palestra sobre <strong>Azure SQL Database Managed Instance.<\/strong><\/p>\n<p>Teremos bastante tempo para conversar nesses 2 dias.<\/p>\n<p>&nbsp;<\/p>\n<p><img loading=\"lazy\" decoding=\"async\" class=\"wp-image-10190 aligncenter\" src=\"https:\/\/fabriciolima.net\/blog\/wp-content\/uploads\/2019\/02\/MVPconf2019_2.png\" alt=\"\" width=\"973\" height=\"170\" srcset=\"https:\/\/fabriciolima.net\/blog\/wp-content\/uploads\/2019\/02\/MVPconf2019_2.png 1346w, https:\/\/fabriciolima.net\/blog\/wp-content\/uploads\/2019\/02\/MVPconf2019_2-300x52.png 300w, https:\/\/fabriciolima.net\/blog\/wp-content\/uploads\/2019\/02\/MVPconf2019_2-1024x179.png 1024w, https:\/\/fabriciolima.net\/blog\/wp-content\/uploads\/2019\/02\/MVPconf2019_2-768x134.png 768w, https:\/\/fabriciolima.net\/blog\/wp-content\/uploads\/2019\/02\/MVPconf2019_2-700x122.png 700w, https:\/\/fabriciolima.net\/blog\/wp-content\/uploads\/2019\/02\/MVPconf2019_2-410x72.png 410w, https:\/\/fabriciolima.net\/blog\/wp-content\/uploads\/2019\/02\/MVPconf2019_2-100x17.png 100w, https:\/\/fabriciolima.net\/blog\/wp-content\/uploads\/2019\/02\/MVPconf2019_2-275x48.png 275w, https:\/\/fabriciolima.net\/blog\/wp-content\/uploads\/2019\/02\/MVPconf2019_2-20x3.png 20w\" sizes=\"auto, (max-width: 973px) 100vw, 973px\" \/><\/p>\n<p>&nbsp;<\/p>\n<p>Veja isso e muito mais na minha palestra:<\/p>\n<ul>\n<li>Quais features o Managed Instance tem?<\/li>\n<li>Como \u00e9 a alta disponibilidade dele?<\/li>\n<li>Tem r\u00e9plica de leitura?<\/li>\n<li>\u00c9 f\u00e1cil configurar?<\/li>\n<\/ul>\n<p>&nbsp;<\/p>\n<p><b>Gostou da dica?<\/b><\/p>\n<p>Curta, comente, compartilhe com os coleguinhas\u2026<\/p>\n<p>Assine meu canal no\u00a0<a class=\"external-link wpel-icon-left\" href=\"https:\/\/www.youtube.com\/channel\/UCeBRAO_LLrUdSrOXIywjzRA\" target=\"_blank\" rel=\"external noopener noreferrer nofollow\" data-wpel-link=\"external\">Youtube<\/a>\u00a0, curta a\u00a0<a class=\"external-link wpel-icon-left\" href=\"https:\/\/www.facebook.com\/FabricioLimaSolucoesemBancodeDados\/\" target=\"_blank\" rel=\"external noopener noreferrer nofollow\" data-wpel-link=\"external\">P\u00e1gina no Facebook<\/a>\u00a0 e siga nosso perfil no <a href=\"https:\/\/www.instagram.com\/fabriciolimasolucoesembd\/\" target=\"_blank\" rel=\"noopener\">Instagram<\/a> para receber Dicas de Leituras e Eventos sobre SQL Server.<\/p>\n<p>Abra\u00e7os,<\/p>\n<p>Fabr\u00edcio Lima<\/p>\n<p>Microsoft Data Platform MVP<\/p>\n<p>Consultor e Instrutor SQL Server<\/p>\n<p>Trabalha com SQL Server desde 2006<\/p>\n","protected":false},"excerpt":{"rendered":"<p>Fala Pessoal, tudo certo? Ano passado aconteceu o primeiro MVP Conference, que levou 1.000 pessoas para a UNIP em S\u00e3o Paulo. Foi sensacional! Esse ano estamos mais ousados&#8230; O evento cresceu, mudou de local, contar\u00e1 com o apoio de MVPs de pa\u00edses vizinhos e temos uma meta de levar 2.000 pessoas nesse evento!!! Bora? Quando [&hellip;]<\/p>\n","protected":false},"author":1,"featured_media":0,"comment_status":"open","ping_status":"open","sticky":false,"template":"","format":"standard","meta":{"_exactmetrics_skip_tracking":false,"_exactmetrics_sitenote_active":false,"_exactmetrics_sitenote_note":"","_exactmetrics_sitenote_category":0,"footnotes":""},"categories":[1616,332,5,636,8,635,1617,12,1512,1187,619,280],"tags":[1641,331,1682,1501,1685,57,1684,1680,1679,1626,1611,1678,1681,1540,1683,626,812,809],"class_list":["post-10189","post","type-post","status-publish","format-standard","hentry","category-azure-sql-database","category-business-intelligence","category-carreira","category-certificacao-2","category-eventos","category-governancia-de-ti","category-managed-instance","category-noticias","category-sql-azure","category-treinamento-sql-server-2","category-vagas","category-virtual-pass-br","tag-azure","tag-bi","tag-brasil","tag-dev","tag-devops","tag-evento","tag-infra","tag-mvp-brasil","tag-mvp-conference","tag-mvpbr","tag-mvpbuzz","tag-mvpconf","tag-mvpconf-latam","tag-power-bi","tag-sao-paulo","tag-seguranca","tag-tecnologia","tag-ti"],"post_mailing_queue_ids":[],"_links":{"self":[{"href":"https:\/\/fabriciolima.net\/blog\/wp-json\/wp\/v2\/posts\/10189","targetHints":{"allow":["GET"]}}],"collection":[{"href":"https:\/\/fabriciolima.net\/blog\/wp-json\/wp\/v2\/posts"}],"about":[{"href":"https:\/\/fabriciolima.net\/blog\/wp-json\/wp\/v2\/types\/post"}],"author":[{"embeddable":true,"href":"https:\/\/fabriciolima.net\/blog\/wp-json\/wp\/v2\/users\/1"}],"replies":[{"embeddable":true,"href":"https:\/\/fabriciolima.net\/blog\/wp-json\/wp\/v2\/comments?post=10189"}],"version-history":[{"count":5,"href":"https:\/\/fabriciolima.net\/blog\/wp-json\/wp\/v2\/posts\/10189\/revisions"}],"predecessor-version":[{"id":10216,"href":"https:\/\/fabriciolima.net\/blog\/wp-json\/wp\/v2\/posts\/10189\/revisions\/10216"}],"wp:attachment":[{"href":"https:\/\/fabriciolima.net\/blog\/wp-json\/wp\/v2\/media?parent=10189"}],"wp:term":[{"taxonomy":"category","embeddable":true,"href":"https:\/\/fabriciolima.net\/blog\/wp-json\/wp\/v2\/categories?post=10189"},{"taxonomy":"post_tag","embeddable":true,"href":"https:\/\/fabriciolima.net\/blog\/wp-json\/wp\/v2\/tags?post=10189"}],"curies":[{"name":"wp","href":"https:\/\/api.w.org\/{rel}","templated":true}]}}