{"id":10136,"date":"2019-04-17T10:59:36","date_gmt":"2019-04-17T13:59:36","guid":{"rendered":"http:\/\/www.fabriciolima.net\/?p=10136"},"modified":"2019-04-17T11:17:42","modified_gmt":"2019-04-17T14:17:42","slug":"managed-instance-21-problema-do-getdate-na-sua-localidade-resolvido","status":"publish","type":"post","link":"https:\/\/fabriciolima.net\/blog\/2019\/04\/17\/managed-instance-21-problema-do-getdate-na-sua-localidade-resolvido\/","title":{"rendered":"Managed Instance (#21) \u2013 Problema do Getdate() na sua localidade resolvido!"},"content":{"rendered":"<p>Fala Pessoal,<\/p>\n<p>Estamos de volta com um post r\u00e1pido sobre Managed Instance.<\/p>\n<p>No post abaixo de Novembro de 2018 mostrei que a t\u00e3o usada fun\u00e7\u00e3o GETDATE() ainda n\u00e3o retornava a hora da minha localidade no managed instance:<\/p>\n<p><a href=\"https:\/\/www.fabriciolima.net\/blog\/2018\/11\/23\/managed-instance-7-a-funcao-getdate-ja-retorna-a-data-da-minha-localidade\/\" target=\"_blank\" rel=\"noopener\">https:\/\/www.fabriciolima.net\/blog\/2018\/11\/23\/managed-instance-7-a-funcao-getdate-ja-retorna-a-data-da-minha-localidade\/<\/a><\/p>\n<p>Mas deixei essa not\u00edcia no post:<\/p>\n<p><em>&#8220;Mas, Por\u00e9m, Entretanto, Contudo, Todavia\u2026. Na palestra do\u00a0<strong>Borko Novakovic<\/strong>\u00a0(l\u00edder do projeto MI) no Pass Summit 2018, ele disse que est\u00e1 vindo em breve a possibilidade de utilizar nosso Time Zone local na cria\u00e7\u00e3o de um MI.&#8221;<\/em><\/p>\n<p>Esse problema foi resolvido!<\/p>\n<p>A microsoft liberou o Public Preview da op\u00e7\u00e3o de escolher o Time Zone no momento de cria\u00e7\u00e3o do Managed Instance:<\/p>\n<p><a href=\"https:\/\/azure.microsoft.com\/en-us\/updates\/managed-instance-time-zone-preview\/\" target=\"_blank\" rel=\"noopener\">https:\/\/azure.microsoft.com\/en-us\/updates\/managed-instance-time-zone-preview\/<\/a><\/p>\n<p>Agora no momento de cria\u00e7\u00e3o do Managed Instance podemos escolher o Time Zone de <strong>Brasilia <\/strong>conforme abaixo:<\/p>\n<p><img loading=\"lazy\" decoding=\"async\" class=\" wp-image-10454 aligncenter\" src=\"https:\/\/fabriciolima.net\/blog\/wp-content\/uploads\/2019\/04\/Managedinstance_21_1.png\" alt=\"\" width=\"577\" height=\"577\" srcset=\"https:\/\/fabriciolima.net\/blog\/wp-content\/uploads\/2019\/04\/Managedinstance_21_1.png 895w, https:\/\/fabriciolima.net\/blog\/wp-content\/uploads\/2019\/04\/Managedinstance_21_1-300x300.png 300w, https:\/\/fabriciolima.net\/blog\/wp-content\/uploads\/2019\/04\/Managedinstance_21_1-150x150.png 150w, https:\/\/fabriciolima.net\/blog\/wp-content\/uploads\/2019\/04\/Managedinstance_21_1-768x768.png 768w, https:\/\/fabriciolima.net\/blog\/wp-content\/uploads\/2019\/04\/Managedinstance_21_1-700x700.png 700w, https:\/\/fabriciolima.net\/blog\/wp-content\/uploads\/2019\/04\/Managedinstance_21_1-410x410.png 410w, https:\/\/fabriciolima.net\/blog\/wp-content\/uploads\/2019\/04\/Managedinstance_21_1-100x100.png 100w, https:\/\/fabriciolima.net\/blog\/wp-content\/uploads\/2019\/04\/Managedinstance_21_1-275x275.png 275w, https:\/\/fabriciolima.net\/blog\/wp-content\/uploads\/2019\/04\/Managedinstance_21_1-20x20.png 20w\" sizes=\"auto, (max-width: 577px) 100vw, 577px\" \/><\/p>\n<p>&nbsp;<\/p>\n<p>Pronto! \u00daltimo problema que tinha para migrar resolvido Fabr\u00edcio (exceto grana rsrs).<\/p>\n<p>\u00c9 isso a\u00ed pessoal. J\u00e1 que o objetivo do Managed Instance \u00e9 facilitar as migra\u00e7\u00f5es das aplica\u00e7\u00f5es para um servi\u00e7o no Azure sem reescrita de c\u00f3digo, agora isso est\u00e1 mais f\u00e1cil de ser alcan\u00e7ado.<\/p>\n<p>J\u00e1 administro um SQL de produ\u00e7\u00e3o de um cliente que est\u00e1 no Managed Instance. TOP da balada!<\/p>\n<p>Bora migrar!!!<\/p>\n<p>Um dos benef\u00edcios do reconhecimento do programa MVP da Microsoft \u00e9 ter um acesso direto ao time de produtos. Falo constantemente com os respons\u00e1veis pelo produto Managed Instance e em Dezembro de 2018 eles j\u00e1 tinham me liberado um acesso a essa feature do Time Zone enquanto ela ainda estava em fase de testes privados.<\/p>\n<p>=)<\/p>\n<p>&nbsp;<\/p>\n<p><img loading=\"lazy\" decoding=\"async\" class=\"wp-image-10141 aligncenter\" src=\"https:\/\/fabriciolima.net\/blog\/wp-content\/uploads\/2019\/01\/getdate_default2.png\" alt=\"\" width=\"1170\" height=\"534\" srcset=\"https:\/\/fabriciolima.net\/blog\/wp-content\/uploads\/2019\/01\/getdate_default2.png 1317w, https:\/\/fabriciolima.net\/blog\/wp-content\/uploads\/2019\/01\/getdate_default2-300x137.png 300w, https:\/\/fabriciolima.net\/blog\/wp-content\/uploads\/2019\/01\/getdate_default2-1024x467.png 1024w, https:\/\/fabriciolima.net\/blog\/wp-content\/uploads\/2019\/01\/getdate_default2-768x350.png 768w, https:\/\/fabriciolima.net\/blog\/wp-content\/uploads\/2019\/01\/getdate_default2-700x319.png 700w, https:\/\/fabriciolima.net\/blog\/wp-content\/uploads\/2019\/01\/getdate_default2-410x187.png 410w, https:\/\/fabriciolima.net\/blog\/wp-content\/uploads\/2019\/01\/getdate_default2-100x46.png 100w, https:\/\/fabriciolima.net\/blog\/wp-content\/uploads\/2019\/01\/getdate_default2-275x125.png 275w, https:\/\/fabriciolima.net\/blog\/wp-content\/uploads\/2019\/01\/getdate_default2-20x9.png 20w\" sizes=\"auto, (max-width: 1170px) 100vw, 1170px\" \/><\/p>\n<p>Nice!<\/p>\n<p>At\u00e9 o pr\u00f3ximo post pessoal.<\/p>\n<p>Seguem os posts anteriores sobre Managed Instance:<\/p>\n<ul>\n<li><a href=\"https:\/\/www.fabriciolima.net\/blog\/2018\/03\/17\/azure-sql-db-managed-instance-introducao\/https:\/\/www.fabriciolima.net\/blog\/2018\/11\/16\/managed-instance-criando-minha-primeira-instancia\/\" target=\"_blank\" rel=\"noopener\" data-wpel-link=\"internal\">Azure SQL DB Managed Instance \u2013 Introdu\u00e7\u00e3o<\/a><\/li>\n<li><a href=\"https:\/\/www.fabriciolima.net\/blog\/2018\/11\/16\/managed-instance-criando-minha-primeira-instancia\/\" target=\"_blank\" rel=\"noopener\" data-wpel-link=\"internal\">Managed Instance \u2013 Criando minha primeira inst\u00e2ncia<\/a><\/li>\n<li><a href=\"https:\/\/www.fabriciolima.net\/blog\/2018\/11\/19\/managed-instance-como-se-conectar-direto-do-ssms-utilizando-uma-vpn\/\" target=\"_blank\" rel=\"noopener\" data-wpel-link=\"internal\">Managed Instance \u2013 Como se conectar direto do SSMS utilizando uma VPN?<\/a><\/li>\n<li><a href=\"https:\/\/www.fabriciolima.net\/blog\/2018\/11\/20\/managed-instance-como-se-conectar-atraves-do-ssms-de-uma-vm-do-azure\/\" target=\"_blank\" rel=\"noopener\" data-wpel-link=\"internal\">Managed Instance \u2013 Como se conectar atrav\u00e9s do SSMS de uma VM do Azure?<\/a><\/li>\n<li><a href=\"https:\/\/www.fabriciolima.net\/blog\/2018\/11\/21\/managed-instance-5-quanto-custa-tudo-isso\/\" target=\"_blank\" rel=\"noopener\" data-wpel-link=\"internal\">Managed Instance (#5) \u2013 Quanto custa tudo isso?<\/a><\/li>\n<li><a href=\"https:\/\/www.fabriciolima.net\/blog\/2018\/11\/22\/managed-instance-6-consigo-fazer-um-join-entre-tabelas-de-bases-diferentes\/\" target=\"_blank\" rel=\"noopener\" data-wpel-link=\"internal\">Managed Instance (#6) \u2013 Consigo fazer um Join entre tabelas de bases diferentes?<\/a><\/li>\n<li><a href=\"https:\/\/www.fabriciolima.net\/blog\/2018\/11\/23\/managed-instance-7-a-funcao-getdate-ja-retorna-a-data-da-minha-localidade\/\" target=\"_blank\" rel=\"noopener\" data-wpel-link=\"internal\">Managed Instance (#7) \u2013 A fun\u00e7\u00e3o getdate() j\u00e1 retorna a data da minha localidade?<\/a><\/li>\n<li><a href=\"https:\/\/www.fabriciolima.net\/blog\/2018\/11\/26\/managed-instance-8-suporte-microsoft-em-portugues\/\" target=\"_blank\" rel=\"noopener\" data-wpel-link=\"internal\">Managed Instance (#8) \u2013 Suporte Microsoft em Portugu\u00eas<\/a><\/li>\n<li><a href=\"https:\/\/www.fabriciolima.net\/blog\/2018\/11\/27\/managed-instance-9-agora-consigo-mandar-e-mail-do-sql-server\/\" target=\"_blank\" rel=\"noopener\" data-wpel-link=\"internal\">Managed Instance (#9) \u2013 Agora consigo mandar E-mail do SQL Server?<\/a><\/li>\n<li><a href=\"https:\/\/www.fabriciolima.net\/blog\/2018\/11\/28\/managed-instance-10-consigo-criar-linked-server\/\" target=\"_blank\" rel=\"noopener\" data-wpel-link=\"internal\">Managed Instance (#10) \u2013 Consigo criar Linked Server?<\/a><\/li>\n<li><a href=\"https:\/\/www.fabriciolima.net\/blog\/2018\/11\/29\/managed-instance-11-agora-consigo-criar-jobs-direto-no-ssms\/\" target=\"_blank\" rel=\"noopener\" data-wpel-link=\"internal\">Managed Instance (#11) \u2013 Agora consigo criar Jobs direto no SSMS?<\/a><\/li>\n<li><a href=\"https:\/\/www.fabriciolima.net\/blog\/2018\/11\/30\/managed-instance-12-configuracao-da-collation-da-instancia\/\" target=\"_blank\" rel=\"noopener\" data-wpel-link=\"internal\">Managed Instance (#12) \u2013 Configura\u00e7\u00e3o da Collation da inst\u00e2ncia<\/a><\/li>\n<li><a href=\"https:\/\/www.fabriciolima.net\/blog\/2018\/12\/03\/managed-instance-13-como-migrar-uma-base-para-o-mi-via-backup-e-restore\/\" target=\"_blank\" rel=\"noopener\" data-wpel-link=\"internal\">Managed Instance (#13) \u2013 Como migrar uma base para o MI via Backup e Restore?<\/a><\/li>\n<li><a href=\"https:\/\/www.fabriciolima.net\/blog\/2018\/12\/04\/managed-instance-14-qual-o-melhor-service-tier-para-a-minha-empresa-general-purpose-ou-business-critical\/\" target=\"_blank\" rel=\"noopener\" data-wpel-link=\"internal\">Managed Instance (#14) \u2013 Qual o melhor Service Tier para a minha empresa? General Purpose ou Business Critical?<\/a><\/li>\n<li><a href=\"https:\/\/www.fabriciolima.net\/blog\/2018\/12\/04\/managed-instance-14-qual-o-melhor-service-tier-para-a-minha-empresa-general-purpose-ou-business-critical\/\" target=\"_blank\" rel=\"noopener\" data-wpel-link=\"internal\">Managed Instance (#14) \u2013 Qual o melhor Service Tier para a minha empresa? General Purpose ou Business Critical?<\/a><\/li>\n<li><a href=\"https:\/\/www.fabriciolima.net\/blog\/2018\/12\/05\/managed-instance-15-anuncios-do-dia-04-12-2018\/\" target=\"_blank\" rel=\"noopener\" data-wpel-link=\"internal\">Managed Instance (#15) \u2013 An\u00fancios do dia 04-12-2018<\/a><\/li>\n<li><a href=\"https:\/\/www.fabriciolima.net\/blog\/2018\/12\/06\/managed-instance-16-e-verdade-que-nossa-instancia-ja-vem-com-um-alwayson-ag-configurado\/\" target=\"_blank\" rel=\"noopener\" data-wpel-link=\"internal\">Managed Instance (#16) \u2013 \u00c9 verdade que nossa inst\u00e2ncia j\u00e1 vem com um AlwaysOn AG configurado?<\/a><\/li>\n<li><a href=\"https:\/\/www.fabriciolima.net\/blog\/2018\/12\/07\/managed-instance-17-tirando-relatorios-pesados-da-producao-e-executando-em-uma-replica-com-dados-online\/\" target=\"_blank\" rel=\"noopener\" data-wpel-link=\"internal\">Managed Instance (#17) \u2013 Tirando relat\u00f3rios pesados da produ\u00e7\u00e3o e executando em uma r\u00e9plica com dados Online!<\/a><\/li>\n<li><a href=\"https:\/\/www.fabriciolima.net\/blog\/2018\/12\/27\/managed-instance-18-sql-agent-offline-ao-logar-no-mi\/\" target=\"_blank\" rel=\"noopener\" data-wpel-link=\"internal\">Managed Instance (#18) \u2013Managed Instance (#18) \u2013 SQL Agent Offline ao logar no MI<\/a><\/li>\n<li><a href=\"https:\/\/www.fabriciolima.net\/blog\/2019\/01\/10\/managed-instance-19-como-excluir-uma-instancia-no-portal-do-azure\/\" target=\"_blank\" rel=\"noopener\" data-wpel-link=\"internal\">Managed Instance (#19) \u2013 Como excluir uma Inst\u00e2ncia no portal do Azure?<\/a><\/li>\n<li><a href=\"https:\/\/www.fabriciolima.net\/blog\/2019\/01\/21\/managed-instance-20-agora-posso-usar-o-sql-profile-no-azure\/\" target=\"_blank\" rel=\"noopener\">Managed Instance (#20) \u2013 Agora posso usar o SQL Profile no Azure?<\/a><\/li>\n<\/ul>\n<p><b>Gostou dessa Dica?<\/b><\/p>\n<p>Curta, comente, compartilhe\u2026<\/p>\n<p>Curta nossa p\u00e1gina no\u00a0<a class=\"external-link wpel-icon-left\" href=\"https:\/\/www.facebook.com\/FabricioLimaSolucoesemBancodeDados\/\" target=\"_blank\" rel=\"external noopener noreferrer nofollow\" data-wpel-link=\"external\">Facebook<\/a>\u00a0, <a href=\"https:\/\/www.linkedin.com\/company\/fabriciolimasolucoesembd\" target=\"_blank\" rel=\"noopener\">LinkedIn<\/a> e\u00a0<a class=\"external-link wpel-icon-left\" href=\"https:\/\/www.instagram.com\/fabriciolimasolucoesembd\" target=\"_blank\" rel=\"noopener nofollow external noreferrer\" data-wpel-link=\"external\">Instagram<\/a>\u00a0para receber Dicas de Leituras, V\u00eddeos e Eventos sobre SQL Server.<\/p>\n<p>Aproveite os cursos do <strong>#TeamFabricioLima<\/strong> para se diferenciar no mercado:<\/p>\n<ul>\n<li><a href=\"https:\/\/cursos.fabriciolima.net\" target=\"_blank\" rel=\"noopener\">https:\/\/cursos.fabriciolima.net<\/a><\/li>\n<\/ul>\n<p>&nbsp;<\/p>\n<p>Abra\u00e7os,<\/p>\n<p>Fabr\u00edcio Lima<\/p>\n<p>Microsoft Data Platform MVP<\/p>\n<p>Consultor e Instrutor SQL Server<\/p>\n<p>Trabalha com SQL Server desde 2006<\/p>\n","protected":false},"excerpt":{"rendered":"<p>Fala Pessoal, Estamos de volta com um post r\u00e1pido sobre Managed Instance. No post abaixo de Novembro de 2018 mostrei que a t\u00e3o usada fun\u00e7\u00e3o GETDATE() ainda n\u00e3o retornava a hora da minha localidade no managed instance: https:\/\/www.fabriciolima.net\/blog\/2018\/11\/23\/managed-instance-7-a-funcao-getdate-ja-retorna-a-data-da-minha-localidade\/ Mas deixei essa not\u00edcia no post: &#8220;Mas, Por\u00e9m, Entretanto, Contudo, Todavia\u2026. Na palestra do\u00a0Borko Novakovic\u00a0(l\u00edder do projeto [&hellip;]<\/p>\n","protected":false},"author":1,"featured_media":0,"comment_status":"open","ping_status":"open","sticky":false,"template":"","format":"standard","meta":{"_exactmetrics_skip_tracking":false,"_exactmetrics_sitenote_active":false,"_exactmetrics_sitenote_note":"","_exactmetrics_sitenote_category":0,"footnotes":""},"categories":[1616,1617,1512,33,280],"tags":[1641],"class_list":["post-10136","post","type-post","status-publish","format-standard","hentry","category-azure-sql-database","category-managed-instance","category-sql-azure","category-sql-server","category-virtual-pass-br","tag-azure"],"post_mailing_queue_ids":[],"_links":{"self":[{"href":"https:\/\/fabriciolima.net\/blog\/wp-json\/wp\/v2\/posts\/10136","targetHints":{"allow":["GET"]}}],"collection":[{"href":"https:\/\/fabriciolima.net\/blog\/wp-json\/wp\/v2\/posts"}],"about":[{"href":"https:\/\/fabriciolima.net\/blog\/wp-json\/wp\/v2\/types\/post"}],"author":[{"embeddable":true,"href":"https:\/\/fabriciolima.net\/blog\/wp-json\/wp\/v2\/users\/1"}],"replies":[{"embeddable":true,"href":"https:\/\/fabriciolima.net\/blog\/wp-json\/wp\/v2\/comments?post=10136"}],"version-history":[{"count":12,"href":"https:\/\/fabriciolima.net\/blog\/wp-json\/wp\/v2\/posts\/10136\/revisions"}],"predecessor-version":[{"id":10461,"href":"https:\/\/fabriciolima.net\/blog\/wp-json\/wp\/v2\/posts\/10136\/revisions\/10461"}],"wp:attachment":[{"href":"https:\/\/fabriciolima.net\/blog\/wp-json\/wp\/v2\/media?parent=10136"}],"wp:term":[{"taxonomy":"category","embeddable":true,"href":"https:\/\/fabriciolima.net\/blog\/wp-json\/wp\/v2\/categories?post=10136"},{"taxonomy":"post_tag","embeddable":true,"href":"https:\/\/fabriciolima.net\/blog\/wp-json\/wp\/v2\/tags?post=10136"}],"curies":[{"name":"wp","href":"https:\/\/api.w.org\/{rel}","templated":true}]}}