{"id":10001,"date":"2018-12-31T15:22:14","date_gmt":"2018-12-31T17:22:14","guid":{"rendered":"http:\/\/www.fabriciolima.net\/?p=10001"},"modified":"2018-12-31T15:31:25","modified_gmt":"2018-12-31T17:31:25","slug":"retrospectiva-2018-fabricio-lima","status":"publish","type":"post","link":"https:\/\/fabriciolima.net\/blog\/2018\/12\/31\/retrospectiva-2018-fabricio-lima\/","title":{"rendered":"Retrospectiva 2018 &#8211; Fabr\u00edcio Lima"},"content":{"rendered":"<p><img loading=\"lazy\" decoding=\"async\" class=\" wp-image-10002 aligncenter\" src=\"https:\/\/fabriciolima.net\/blog\/wp-content\/uploads\/2018\/12\/retrospectiva-2018.jpg\" alt=\"\" width=\"447\" height=\"298\" srcset=\"https:\/\/fabriciolima.net\/blog\/wp-content\/uploads\/2018\/12\/retrospectiva-2018.jpg 1200w, https:\/\/fabriciolima.net\/blog\/wp-content\/uploads\/2018\/12\/retrospectiva-2018-300x200.jpg 300w, https:\/\/fabriciolima.net\/blog\/wp-content\/uploads\/2018\/12\/retrospectiva-2018-1024x683.jpg 1024w, https:\/\/fabriciolima.net\/blog\/wp-content\/uploads\/2018\/12\/retrospectiva-2018-768x512.jpg 768w, https:\/\/fabriciolima.net\/blog\/wp-content\/uploads\/2018\/12\/retrospectiva-2018-600x400.jpg 600w, https:\/\/fabriciolima.net\/blog\/wp-content\/uploads\/2018\/12\/retrospectiva-2018-700x467.jpg 700w, https:\/\/fabriciolima.net\/blog\/wp-content\/uploads\/2018\/12\/retrospectiva-2018-410x273.jpg 410w, https:\/\/fabriciolima.net\/blog\/wp-content\/uploads\/2018\/12\/retrospectiva-2018-100x67.jpg 100w, https:\/\/fabriciolima.net\/blog\/wp-content\/uploads\/2018\/12\/retrospectiva-2018-275x183.jpg 275w, https:\/\/fabriciolima.net\/blog\/wp-content\/uploads\/2018\/12\/retrospectiva-2018-20x13.jpg 20w, https:\/\/fabriciolima.net\/blog\/wp-content\/uploads\/2018\/12\/retrospectiva-2018-272x182.jpg 272w\" sizes=\"auto, (max-width: 447px) 100vw, 447px\" \/><\/p>\n<p>Fala Pessoal,<\/p>\n<p>Assim como fa\u00e7o <strong>desde 2010<\/strong> aqui no Blog, segue minha retrospectiva do ano de 2018.<\/p>\n<p>Caso queira ver a retrospectiva anterior, segue a de 2017:<\/p>\n<p><a href=\"https:\/\/www.fabriciolima.net\/blog\/2017\/12\/29\/retrospectiva-2017-mais-uma-vez-digo-que-ano\/\" target=\"_blank\" rel=\"noopener\">https:\/\/www.fabriciolima.net\/blog\/2017\/12\/29\/retrospectiva-2017-mais-uma-vez-digo-que-ano\/<\/a><\/p>\n<h5>Fabr\u00edcioLima Solu\u00e7\u00f5es em BD<\/h5>\n<ul>\n<li>Em 2018 foram <strong>54\u00a0novas empresas<\/strong> que contaram com nosso trabalho\u00a0<strong>(em 2017 foram 41);<\/strong><\/li>\n<li>Chegamos a marca de <strong>188 clientes <\/strong>atendidos (chegando perto dos 200);<\/li>\n<li>Aumentamos <strong>de 31 para 44\u00a0<\/strong>o n\u00famero de clientes que realizamos um suporte e monitoramento mensal. Muito mais que o esperado, pois conseguir clientes fixos \u00e9 mais dif\u00edcil;<\/li>\n<li>Crescemos de <strong>3 colaboradores<\/strong> em 2017 para<strong> 6 colaboradores <span style=\"color: #000000;\">+<\/span> 2 consultores<\/strong> em 2018.<\/li>\n<\/ul>\n<p>Confraterniza\u00e7\u00e3o de final de ano:<\/p>\n<h6><img loading=\"lazy\" decoding=\"async\" class=\"wp-image-10007 aligncenter\" src=\"https:\/\/fabriciolima.net\/blog\/wp-content\/uploads\/2018\/12\/festafirmafimdeano2.jpg\" alt=\"\" width=\"380\" height=\"380\" srcset=\"https:\/\/fabriciolima.net\/blog\/wp-content\/uploads\/2018\/12\/festafirmafimdeano2.jpg 960w, https:\/\/fabriciolima.net\/blog\/wp-content\/uploads\/2018\/12\/festafirmafimdeano2-300x300.jpg 300w, https:\/\/fabriciolima.net\/blog\/wp-content\/uploads\/2018\/12\/festafirmafimdeano2-150x150.jpg 150w, https:\/\/fabriciolima.net\/blog\/wp-content\/uploads\/2018\/12\/festafirmafimdeano2-768x768.jpg 768w, https:\/\/fabriciolima.net\/blog\/wp-content\/uploads\/2018\/12\/festafirmafimdeano2-700x700.jpg 700w, https:\/\/fabriciolima.net\/blog\/wp-content\/uploads\/2018\/12\/festafirmafimdeano2-410x410.jpg 410w, https:\/\/fabriciolima.net\/blog\/wp-content\/uploads\/2018\/12\/festafirmafimdeano2-100x100.jpg 100w, https:\/\/fabriciolima.net\/blog\/wp-content\/uploads\/2018\/12\/festafirmafimdeano2-275x275.jpg 275w, https:\/\/fabriciolima.net\/blog\/wp-content\/uploads\/2018\/12\/festafirmafimdeano2-20x20.jpg 20w\" sizes=\"auto, (max-width: 380px) 100vw, 380px\" \/><\/h6>\n<h6><img loading=\"lazy\" decoding=\"async\" class=\"wp-image-10004 aligncenter\" src=\"https:\/\/fabriciolima.net\/blog\/wp-content\/uploads\/2018\/12\/festafirmafimdeano.jpg\" alt=\"\" width=\"506\" height=\"506\" srcset=\"https:\/\/fabriciolima.net\/blog\/wp-content\/uploads\/2018\/12\/festafirmafimdeano.jpg 960w, https:\/\/fabriciolima.net\/blog\/wp-content\/uploads\/2018\/12\/festafirmafimdeano-300x300.jpg 300w, https:\/\/fabriciolima.net\/blog\/wp-content\/uploads\/2018\/12\/festafirmafimdeano-150x150.jpg 150w, https:\/\/fabriciolima.net\/blog\/wp-content\/uploads\/2018\/12\/festafirmafimdeano-768x768.jpg 768w, https:\/\/fabriciolima.net\/blog\/wp-content\/uploads\/2018\/12\/festafirmafimdeano-700x700.jpg 700w, https:\/\/fabriciolima.net\/blog\/wp-content\/uploads\/2018\/12\/festafirmafimdeano-410x410.jpg 410w, https:\/\/fabriciolima.net\/blog\/wp-content\/uploads\/2018\/12\/festafirmafimdeano-100x100.jpg 100w, https:\/\/fabriciolima.net\/blog\/wp-content\/uploads\/2018\/12\/festafirmafimdeano-275x275.jpg 275w, https:\/\/fabriciolima.net\/blog\/wp-content\/uploads\/2018\/12\/festafirmafimdeano-20x20.jpg 20w\" sizes=\"auto, (max-width: 506px) 100vw, 506px\" \/><\/h6>\n<h4>Atividade F\u00edsica (Projeto DBA em forma)<\/h4>\n<ul>\n<li>Segundo o relat\u00f3rio do garmim, em 2018 corri apenas <strong>517\u00a0km <\/strong>durante <strong>65 horas<\/strong>. Metade do ano passado. Contus\u00f5es e viagens fizeram o ritmo reduzir;<\/li>\n<li>Em 2018 comecei a malhar de verdade;<\/li>\n<li>Futebol joguei muito menos do que queria por uma contus\u00e3o. Vamos tentar melhorar em 2019.<\/li>\n<\/ul>\n<h5>Viagens de 2018<\/h5>\n<ul>\n<li>11\/01 &#8211; Cliente em Salvador<\/li>\n<li>14\/01 &#8211; Ita\u00fanas-ES <strong>(Passeio)<\/strong><\/li>\n<li>11\/02 &#8211; Cruzeiro do Rio de Janeiro at\u00e9 Salvador <strong>(Passeio)<\/strong><\/li>\n<li>02\/03 &#8211; MVP Summit em Seattle\/ Portland<\/li>\n<li>20\/03 &#8211; Cliente em Recife<\/li>\n<li>07\/04 &#8211; MVP conf em S\u00e3o Paulo<\/li>\n<li>26\/04 &#8211; Cliente no Rio de Janeiro<\/li>\n<li>19\/05 &#8211; SQLSAT em Belo Horizonte<\/li>\n<li>30\/05 &#8211; Treinamento em Campo Grande-MS<\/li>\n<li>02\/06 &#8211; Treinamento Fabiano Amorim em SP<\/li>\n<li>10\/06 &#8211; Meia Maratona de Porto Alegre\/ Gramado\u00a0<strong>(Passeio)<\/strong><\/li>\n<li>15\/06 &#8211; S\u00e3o Paulo com a patroa\u00a0\u00a0<strong>(Passeio)<\/strong><\/li>\n<li>16\/08 &#8211; Nova York\/Washington-DC\/Boston <strong>(Passeio)<\/strong><\/li>\n<li>29\/09 &#8211; SQLSAT em S\u00e3o Paulo<\/li>\n<li>11\/10 &#8211; Corumbau-BA\u00a0<strong>(Passeio)<\/strong><\/li>\n<li>03\/11 &#8211; Pass Summit em Seattle<\/li>\n<li>24\/11 &#8211; SQLSAT no Rio de Janeiro<\/li>\n<li>11\/12 &#8211; Microsoft Ignite e MVP Meeting em S\u00e3o Paulo<\/li>\n<\/ul>\n<p>Viagens s\u00e3o sempre interessantes para novas experi\u00eancias, conhecer pessoas e lugares novos. Al\u00e9m \u00e9 claro de se desligar um pouco da sua rotina.<\/p>\n<p>Em 2019, o ritmo deve ser t\u00e3o intenso quanto 2018.<\/p>\n<p><strong>Meta &#8211; Tentar fazer mais viagens de Passeio em 2019 (afinal a vida \u00e9 muito curta para s\u00f3 trabalhar).<\/strong><\/p>\n<h5>Comunidade SQL Server<\/h5>\n<p>No ano de 2018 palestrei nos eventos abaixo:<\/p>\n<ul>\n<li>SQL Saturday BH<\/li>\n<li>SQL Saturday SP<\/li>\n<li>SQL Saturday RJ<\/li>\n<li>Azure Boot Camp em VIX<\/li>\n<li>MVP Conf em SP<\/li>\n<li>SQL Server ES em VIX<\/li>\n<li>PowerBI Roadshow em VIX<\/li>\n<li>Staff no Ignite fazendo demos e tirando d\u00favidas<\/li>\n<\/ul>\n<p>Fiz muito Networking nesses eventos. Tive palestras cheias e com \u00f3timos feedbacks da galera (melhor parte).<\/p>\n<p>Viajei bastante, mas o evento mais marcante de 2018 foi o <strong>SQL DAY em Vit\u00f3ria<\/strong>.<\/p>\n<p><img loading=\"lazy\" decoding=\"async\" class=\"wp-image-9272 aligncenter\" src=\"https:\/\/fabriciolima.net\/blog\/wp-content\/uploads\/2018\/08\/SQLES01.jpg\" alt=\"\" width=\"581\" height=\"384\" srcset=\"https:\/\/fabriciolima.net\/blog\/wp-content\/uploads\/2018\/08\/SQLES01.jpg 1280w, https:\/\/fabriciolima.net\/blog\/wp-content\/uploads\/2018\/08\/SQLES01-300x198.jpg 300w, https:\/\/fabriciolima.net\/blog\/wp-content\/uploads\/2018\/08\/SQLES01-1024x676.jpg 1024w, https:\/\/fabriciolima.net\/blog\/wp-content\/uploads\/2018\/08\/SQLES01-768x507.jpg 768w, https:\/\/fabriciolima.net\/blog\/wp-content\/uploads\/2018\/08\/SQLES01-700x462.jpg 700w, https:\/\/fabriciolima.net\/blog\/wp-content\/uploads\/2018\/08\/SQLES01-410x271.jpg 410w, https:\/\/fabriciolima.net\/blog\/wp-content\/uploads\/2018\/08\/SQLES01-100x66.jpg 100w, https:\/\/fabriciolima.net\/blog\/wp-content\/uploads\/2018\/08\/SQLES01-275x182.jpg 275w, https:\/\/fabriciolima.net\/blog\/wp-content\/uploads\/2018\/08\/SQLES01-20x13.jpg 20w\" sizes=\"auto, (max-width: 581px) 100vw, 581px\" \/> \u00a0\u00a0\u00a0<img loading=\"lazy\" decoding=\"async\" class=\" wp-image-9270 aligncenter\" src=\"https:\/\/fabriciolima.net\/blog\/wp-content\/uploads\/2018\/08\/SQLES03.jpg\" alt=\"\" width=\"481\" height=\"477\" srcset=\"https:\/\/fabriciolima.net\/blog\/wp-content\/uploads\/2018\/08\/SQLES03.jpg 750w, https:\/\/fabriciolima.net\/blog\/wp-content\/uploads\/2018\/08\/SQLES03-300x298.jpg 300w, https:\/\/fabriciolima.net\/blog\/wp-content\/uploads\/2018\/08\/SQLES03-150x150.jpg 150w, https:\/\/fabriciolima.net\/blog\/wp-content\/uploads\/2018\/08\/SQLES03-700x694.jpg 700w, https:\/\/fabriciolima.net\/blog\/wp-content\/uploads\/2018\/08\/SQLES03-410x407.jpg 410w, https:\/\/fabriciolima.net\/blog\/wp-content\/uploads\/2018\/08\/SQLES03-100x99.jpg 100w, https:\/\/fabriciolima.net\/blog\/wp-content\/uploads\/2018\/08\/SQLES03-275x273.jpg 275w, https:\/\/fabriciolima.net\/blog\/wp-content\/uploads\/2018\/08\/SQLES03-20x20.jpg 20w\" sizes=\"auto, (max-width: 481px) 100vw, 481px\" \/><\/p>\n<p><b>Segue o impacto do Blog em 2018:<\/b><\/p>\n<p><img loading=\"lazy\" decoding=\"async\" class=\" wp-image-10011 aligncenter\" src=\"https:\/\/fabriciolima.net\/blog\/wp-content\/uploads\/2018\/12\/blog2018.png\" alt=\"\" width=\"1301\" height=\"116\" srcset=\"https:\/\/fabriciolima.net\/blog\/wp-content\/uploads\/2018\/12\/blog2018.png 1436w, https:\/\/fabriciolima.net\/blog\/wp-content\/uploads\/2018\/12\/blog2018-300x27.png 300w, https:\/\/fabriciolima.net\/blog\/wp-content\/uploads\/2018\/12\/blog2018-1024x91.png 1024w, https:\/\/fabriciolima.net\/blog\/wp-content\/uploads\/2018\/12\/blog2018-768x68.png 768w, https:\/\/fabriciolima.net\/blog\/wp-content\/uploads\/2018\/12\/blog2018-700x62.png 700w, https:\/\/fabriciolima.net\/blog\/wp-content\/uploads\/2018\/12\/blog2018-410x37.png 410w, https:\/\/fabriciolima.net\/blog\/wp-content\/uploads\/2018\/12\/blog2018-100x9.png 100w, https:\/\/fabriciolima.net\/blog\/wp-content\/uploads\/2018\/12\/blog2018-275x25.png 275w, https:\/\/fabriciolima.net\/blog\/wp-content\/uploads\/2018\/12\/blog2018-20x2.png 20w\" sizes=\"auto, (max-width: 1301px) 100vw, 1301px\" \/><\/p>\n<p><strong>Espero ter ajudado um pouco esses 47 mil usu\u00e1rios que passaram por aqui esse ano.<\/strong><\/p>\n<p>Pouco menor que o ano passado. Temos que melhorar isso em 2019.<\/p>\n<p>&nbsp;<\/p>\n<p>No ano de 2018 tamb\u00e9m recebi da Microsoft a renova\u00e7\u00e3o do meu MVP.<\/p>\n<p><img loading=\"lazy\" decoding=\"async\" class=\" wp-image-9126 aligncenter\" src=\"https:\/\/fabriciolima.net\/blog\/wp-content\/uploads\/2018\/07\/perfilerenovavao.png\" alt=\"\" width=\"438\" height=\"304\" srcset=\"https:\/\/fabriciolima.net\/blog\/wp-content\/uploads\/2018\/07\/perfilerenovavao.png 653w, https:\/\/fabriciolima.net\/blog\/wp-content\/uploads\/2018\/07\/perfilerenovavao-300x209.png 300w, https:\/\/fabriciolima.net\/blog\/wp-content\/uploads\/2018\/07\/perfilerenovavao-410x285.png 410w, https:\/\/fabriciolima.net\/blog\/wp-content\/uploads\/2018\/07\/perfilerenovavao-100x70.png 100w, https:\/\/fabriciolima.net\/blog\/wp-content\/uploads\/2018\/07\/perfilerenovavao-275x191.png 275w, https:\/\/fabriciolima.net\/blog\/wp-content\/uploads\/2018\/07\/perfilerenovavao-20x14.png 20w\" sizes=\"auto, (max-width: 438px) 100vw, 438px\" \/><\/p>\n<p>Obrigado novamente microsoft e comunidade SQL Server!!!<\/p>\n<p>\u00c9 bem legal parar uns minutos e analisar tudo o que se passou no ano. <strong>Nessa correria, voc\u00ea nem se d\u00e1 conta de quanta coisa boa viveu nos \u00faltimos 365 dias.<\/strong><\/p>\n<p>E voc\u00ea, j\u00e1 analisou o que fez no ano para ter novas metas e sonhos para 2019???<\/p>\n<p><b>Gostou desse Post?<\/b><\/p>\n<p>Curta, comente, compartilhe\u2026<\/p>\n<p>Assine meu canal no\u00a0<a class=\"external-link wpel-icon-left\" href=\"https:\/\/www.youtube.com\/channel\/UCeBRAO_LLrUdSrOXIywjzRA\" target=\"_blank\" rel=\"nofollow external noopener noreferrer\" data-wpel-link=\"external\">Youtube<\/a>, siga-me no <a href=\"https:\/\/www.instagram.com\/fabriciolimasolucoesembd\/\">Instagram<\/a> e curta minha p\u00e1gina no\u00a0<a class=\"external-link wpel-icon-left\" href=\"https:\/\/www.facebook.com\/FabricioLimaSolucoesemBancodeDados\/\" target=\"_blank\" rel=\"external noopener noreferrer nofollow\" data-wpel-link=\"external\">Facebook<\/a>\u00a0para receber Dicas de Leituras, V\u00eddeos e Eventos sobre SQL Server.<\/p>\n<p>At\u00e9 a pr\u00f3xima.<\/p>\n<p>Fabr\u00edcio Lima<\/p>\n<p>MCITP \u2013 Database Administrator<\/p>\n<p>Consultor e Instrutor SQL Server<\/p>\n<p>Trabalha com SQL Server desde 2006<\/p>\n","protected":false},"excerpt":{"rendered":"<p>Fala Pessoal, Assim como fa\u00e7o desde 2010 aqui no Blog, segue minha retrospectiva do ano de 2018. Caso queira ver a retrospectiva anterior, segue a de 2017: https:\/\/www.fabriciolima.net\/blog\/2017\/12\/29\/retrospectiva-2017-mais-uma-vez-digo-que-ano\/ Fabr\u00edcioLima Solu\u00e7\u00f5es em BD Em 2018 foram 54\u00a0novas empresas que contaram com nosso trabalho\u00a0(em 2017 foram 41); Chegamos a marca de 188 clientes atendidos (chegando perto dos [&hellip;]<\/p>\n","protected":false},"author":1,"featured_media":0,"comment_status":"open","ping_status":"open","sticky":false,"template":"","format":"standard","meta":{"_exactmetrics_skip_tracking":false,"_exactmetrics_sitenote_active":false,"_exactmetrics_sitenote_note":"","_exactmetrics_sitenote_category":0,"footnotes":""},"categories":[5,8,12],"tags":[1669],"class_list":["post-10001","post","type-post","status-publish","format-standard","hentry","category-carreira","category-eventos","category-noticias","tag-retrospectiva-2018"],"post_mailing_queue_ids":[],"_links":{"self":[{"href":"https:\/\/fabriciolima.net\/blog\/wp-json\/wp\/v2\/posts\/10001","targetHints":{"allow":["GET"]}}],"collection":[{"href":"https:\/\/fabriciolima.net\/blog\/wp-json\/wp\/v2\/posts"}],"about":[{"href":"https:\/\/fabriciolima.net\/blog\/wp-json\/wp\/v2\/types\/post"}],"author":[{"embeddable":true,"href":"https:\/\/fabriciolima.net\/blog\/wp-json\/wp\/v2\/users\/1"}],"replies":[{"embeddable":true,"href":"https:\/\/fabriciolima.net\/blog\/wp-json\/wp\/v2\/comments?post=10001"}],"version-history":[{"count":16,"href":"https:\/\/fabriciolima.net\/blog\/wp-json\/wp\/v2\/posts\/10001\/revisions"}],"predecessor-version":[{"id":10019,"href":"https:\/\/fabriciolima.net\/blog\/wp-json\/wp\/v2\/posts\/10001\/revisions\/10019"}],"wp:attachment":[{"href":"https:\/\/fabriciolima.net\/blog\/wp-json\/wp\/v2\/media?parent=10001"}],"wp:term":[{"taxonomy":"category","embeddable":true,"href":"https:\/\/fabriciolima.net\/blog\/wp-json\/wp\/v2\/categories?post=10001"},{"taxonomy":"post_tag","embeddable":true,"href":"https:\/\/fabriciolima.net\/blog\/wp-json\/wp\/v2\/tags?post=10001"}],"curies":[{"name":"wp","href":"https:\/\/api.w.org\/{rel}","templated":true}]}}